{"id":10241,"date":"2011-11-02T05:25:37","date_gmt":"2011-11-02T03:25:37","guid":{"rendered":"http:\/\/libelul.com\/?p=10241"},"modified":"2011-11-01T21:43:47","modified_gmt":"2011-11-01T19:43:47","slug":"la-salle-obscure","status":"publish","type":"post","link":"https:\/\/libelul.com\/?p=10241","title":{"rendered":"La salle obscure &#8230;"},"content":{"rendered":"<p>Moi je n&rsquo;allais plus trop au cin\u00e9ma.<br \/>\nParce qu&rsquo;enceinte, parce que nouvelle maman,<br \/>\nParce que plus trop le temps.<\/p>\n<p>Puis nous avons emmen\u00e9 James &#8230;<\/p>\n<p>Voir ses yeux \u00e9carquill\u00e9s,<br \/>\nM\u00e9dus\u00e9 par ces histoires sur grand \u00e9cran,<br \/>\nAlors depuis on y va souvent.<\/p>\n<p>Pour voyager en pens\u00e9es,<br \/>\nEt plonger dans de jolies histoires comme celle de Winter Le Dauphin.<\/p>\n<p style=\"text-align: center;\"><img loading=\"lazy\" decoding=\"async\" data-attachment-id=\"10243\" data-permalink=\"https:\/\/libelul.com\/?attachment_id=10243\" data-orig-file=\"https:\/\/libelul.com\/wp-content\/uploads\/2011\/11\/winter-by-libelul.jpg\" data-orig-size=\"450,323\" data-comments-opened=\"1\" data-image-meta=\"{&quot;aperture&quot;:&quot;0&quot;,&quot;credit&quot;:&quot;&quot;,&quot;camera&quot;:&quot;&quot;,&quot;caption&quot;:&quot;&quot;,&quot;created_timestamp&quot;:&quot;0&quot;,&quot;copyright&quot;:&quot;&quot;,&quot;focal_length&quot;:&quot;0&quot;,&quot;iso&quot;:&quot;0&quot;,&quot;shutter_speed&quot;:&quot;0&quot;,&quot;title&quot;:&quot;&quot;}\" data-image-title=\"winter-by-libelul\" data-image-description=\"\" data-image-caption=\"\" data-medium-file=\"https:\/\/libelul.com\/wp-content\/uploads\/2011\/11\/winter-by-libelul-380x272.jpg\" data-large-file=\"https:\/\/libelul.com\/wp-content\/uploads\/2011\/11\/winter-by-libelul.jpg\" class=\"alignnone size-full wp-image-10243\" title=\"winter-by-libelul\" src=\"http:\/\/libelul.com\/wp-content\/uploads\/2011\/11\/winter-by-libelul.jpg\" alt=\"\" width=\"450\" height=\"323\" srcset=\"https:\/\/libelul.com\/wp-content\/uploads\/2011\/11\/winter-by-libelul.jpg 450w, https:\/\/libelul.com\/wp-content\/uploads\/2011\/11\/winter-by-libelul-380x272.jpg 380w\" sizes=\"auto, (max-width: 450px) 100vw, 450px\" \/><\/p>\n<p style=\"text-align: center;\"><iframe loading=\"lazy\" src=\"http:\/\/www.dailymotion.com\/embed\/video\/xkhl4o\" frameborder=\"0\" width=\"460\" height=\"259\"><\/iframe><em><a href=\"http:\/\/www.dailymotion.com\/WarnerBrosPicturesFrance\" target=\"_blank\"><br \/>\n<\/a><\/em><\/p>\n<p style=\"text-align: center;\"><a href=\"http:\/\/www.warnerbros.fr\/winterledauphin\" target=\"_blank\">L&rsquo;incroyable histoire de Winter Le Dauphin<\/a> &#8211; Sortie le 2 Novembre 2011<\/p>\n<p style=\"text-align: left;\">Un conte pour leur apprendre la valeur de la vie,<br \/>\nLeur donner envie de faire attention \u00e0 l&rsquo;environnement.<br \/>\nLeur rappeler l&rsquo;importance de l&rsquo;amiti\u00e9,<br \/>\nEt les encourager \u00e0 ne jamais abandonner.<\/p>\n<p style=\"text-align: left;\">Une histoire vraie et magnifique,<br \/>\nQue j&rsquo;aurais aussi pu aller voir seule &#8230;<br \/>\nJuste pour me noyer dans les yeux bleus de <em>Harry Connick Jr<\/em>.<\/p>\n<p style=\"text-align: left;\"><strong>Et vous, cin\u00e9ma en solo\/duo ou avec vos enfants ?<\/strong><\/p>\n<p><script type=\"text\/javascript\">bpxt_ig=\"ligne01_02.gif\";bpxt_ib=18834;bpxt_ic = \"549\";<\/script><script src=\"http:\/\/stats.buzzparadise.com\/MarkerBlg\/fb716d66-60b5-4dd9-b5be-c4da0631f72b\/18834\/BpJsUser.js\" type=\"text\/javascript\"><\/script><\/p>\n","protected":false},"excerpt":{"rendered":"<a href=\"https:\/\/libelul.com\/?p=10241\"><img decoding=\"async\" width=\"270\" src=\"\" class=\"alignleft wp-post-image tfe\" alt=\"\" title=\"\" \/><\/a><p>Moi je n&rsquo;allais plus trop au cin\u00e9ma. Parce qu&rsquo;enceinte, parce que nouvelle maman, Parce que plus trop le temps. Puis nous avons emmen\u00e9 James &#8230; Voir ses yeux \u00e9carquill\u00e9s, M\u00e9dus\u00e9 par ces histoires sur grand \u00e9cran, Alors depuis on y va souvent. Pour voyager en pens\u00e9es, Et plonger dans de jolies histoires comme celle de [&hellip;]<\/p>\n","protected":false},"author":1,"featured_media":0,"comment_status":"open","ping_status":"open","sticky":false,"template":"","format":"standard","meta":{"jetpack_post_was_ever_published":false,"_jetpack_newsletter_access":"","_jetpack_dont_email_post_to_subs":false,"_jetpack_newsletter_tier_id":0,"_jetpack_memberships_contains_paywalled_content":false,"_jetpack_memberships_contains_paid_content":false,"footnotes":"","jetpack_publicize_message":"","jetpack_publicize_feature_enabled":true,"jetpack_social_post_already_shared":false,"jetpack_social_options":{"image_generator_settings":{"template":"highway","default_image_id":0,"font":"","enabled":false},"version":2}},"categories":[214],"tags":[610,329,611],"class_list":["post-10241","post","type-post","status-publish","format-standard","hentry","category-les-enfants","tag-cinema","tag-sponsorise","tag-winter-le-dauphin"],"jetpack_publicize_connections":[],"jetpack_featured_media_url":"","jetpack_shortlink":"https:\/\/wp.me\/posPp-2Fb","jetpack_sharing_enabled":true,"jetpack-related-posts":[],"_links":{"self":[{"href":"https:\/\/libelul.com\/index.php?rest_route=\/wp\/v2\/posts\/10241","targetHints":{"allow":["GET"]}}],"collection":[{"href":"https:\/\/libelul.com\/index.php?rest_route=\/wp\/v2\/posts"}],"about":[{"href":"https:\/\/libelul.com\/index.php?rest_route=\/wp\/v2\/types\/post"}],"author":[{"embeddable":true,"href":"https:\/\/libelul.com\/index.php?rest_route=\/wp\/v2\/users\/1"}],"replies":[{"embeddable":true,"href":"https:\/\/libelul.com\/index.php?rest_route=%2Fwp%2Fv2%2Fcomments&post=10241"}],"version-history":[{"count":0,"href":"https:\/\/libelul.com\/index.php?rest_route=\/wp\/v2\/posts\/10241\/revisions"}],"wp:attachment":[{"href":"https:\/\/libelul.com\/index.php?rest_route=%2Fwp%2Fv2%2Fmedia&parent=10241"}],"wp:term":[{"taxonomy":"category","embeddable":true,"href":"https:\/\/libelul.com\/index.php?rest_route=%2Fwp%2Fv2%2Fcategories&post=10241"},{"taxonomy":"post_tag","embeddable":true,"href":"https:\/\/libelul.com\/index.php?rest_route=%2Fwp%2Fv2%2Ftags&post=10241"}],"curies":[{"name":"wp","href":"https:\/\/api.w.org\/{rel}","templated":true}]}}