{"id":1041,"date":"2009-07-10T11:05:21","date_gmt":"2009-07-10T10:05:21","guid":{"rendered":"http:\/\/libelul.com\/?p=1041"},"modified":"2010-05-07T20:20:01","modified_gmt":"2010-05-07T18:20:01","slug":"cest-le-week-end","status":"publish","type":"post","link":"https:\/\/libelul.com\/?p=1041","title":{"rendered":"C&rsquo;est le week-end &#8230;"},"content":{"rendered":"<p>Moi j&rsquo;ai pas de voiture depuis 1997. Laurent non plus.<br \/>\nNotre parking est vide depuis toujours.<\/p>\n<p>Nous \u00e9tions depuis 9 ans , un couple sans enfant, sans responsabilit\u00e9s, sans voiture.<br \/>\nLIBRES\u00a0de sauter dans un taxi pour partir sur un coup de t\u00eate \u00e0 l&rsquo;autre bout de la plan\u00e8te &#8230; \u00ab\u00a0sous le soleil les aliz\u00e9s\u00a0\u00bb (<em>speciale d\u00e9dicale \u00e0 Thomas Verovski<\/em>)<\/p>\n<p>Depuis James est arriv\u00e9, avec le cort\u00e8ge couche-biberon-poussette-vetements-couverture-jouets &#8230;<br \/>\net l\u00e0 je ne sais pas pourquoi pendant 9 mois,<br \/>\nLaurent et moi on a trouv\u00e9 \u00e7\u00e0 compliqu\u00e9.<\/p>\n<p>Compliqu\u00e9 de partir, de bouger, de se mouvoir<br \/>\navec ces quelques 40 kilos d&rsquo;exc\u00e9dant de bagages<br \/>\ndevenus indispensables pour \u00eatre conforme avec l&rsquo;image pr\u00e9-fabriqu\u00e9e<br \/>\nde la m\u00e8re parfaite, pr\u00eate en toute circonstance<br \/>\nau vicieux \u00ab\u00a0Au cas o\u00f9\u00a0\u00bb susceptible de nous g\u00e2cher l&rsquo;existance.<\/p>\n<p>Et puis depuis quelques jours, je me rend compte que les autres,<br \/>\neux, ils partent : en week-end, en promenade,<br \/>\npicniquer, profiter du beau temps avec\/ou\/sans biberons de secours.<br \/>\nEt que le ciel ne leur tombe pas sur la t\u00eate.<\/p>\n<p>Donc voil\u00e0, je vous l&rsquo;annonce on a achet\u00e9 une voiture,<br \/>\nfamiliale, pas trop polluante, pas trop grande (3,8m) &#8230;<br \/>\nQu&rsquo;on aura avant la fin du mois, pour partir nous aussi en WEEK-END !<\/p>\n<p style=\"text-align: center;\"><a href=\"http:\/\/libelul.com\/wp-content\/uploads\/2009\/07\/modus.jpg\"><img decoding=\"async\" data-attachment-id=\"1042\" data-permalink=\"https:\/\/libelul.com\/?attachment_id=1042\" data-orig-file=\"https:\/\/libelul.com\/wp-content\/uploads\/2009\/07\/modus.jpg\" data-orig-size=\"500,375\" data-comments-opened=\"1\" data-image-meta=\"{&quot;aperture&quot;:&quot;0&quot;,&quot;credit&quot;:&quot;&quot;,&quot;camera&quot;:&quot;&quot;,&quot;caption&quot;:&quot;&quot;,&quot;created_timestamp&quot;:&quot;0&quot;,&quot;copyright&quot;:&quot;&quot;,&quot;focal_length&quot;:&quot;0&quot;,&quot;iso&quot;:&quot;0&quot;,&quot;shutter_speed&quot;:&quot;0&quot;,&quot;title&quot;:&quot;&quot;}\" data-image-title=\"modus\" data-image-description=\"\" data-image-caption=\"\" data-medium-file=\"https:\/\/libelul.com\/wp-content\/uploads\/2009\/07\/modus-380x285.jpg\" data-large-file=\"https:\/\/libelul.com\/wp-content\/uploads\/2009\/07\/modus-450x337.jpg\" class=\"size-medium wp-image-1042 aligncenter\" title=\"modus\" src=\"http:\/\/libelul.com\/wp-content\/uploads\/2009\/07\/modus.jpg\" alt=\"modus\" width=\"380\" srcset=\"https:\/\/libelul.com\/wp-content\/uploads\/2009\/07\/modus.jpg 500w, https:\/\/libelul.com\/wp-content\/uploads\/2009\/07\/modus-380x285.jpg 380w, https:\/\/libelul.com\/wp-content\/uploads\/2009\/07\/modus-450x337.jpg 450w\" sizes=\"(max-width: 500px) 100vw, 500px\" \/><\/a><\/p>\n<p><em>Je m&rsquo;excuse d&rsquo;avance pour les copains qui ne pourront plus laisser leur voiture dans mon parking.<br \/>\nEt concernant la pollution, je me rencarde d\u00e8s aujourd&rsquo;hui sur comment je peux compenser pour pas pourrir plus la plan\u00e8te de James !<\/em><\/p>\n","protected":false},"excerpt":{"rendered":"<a href=\"https:\/\/libelul.com\/?p=1041\"><img decoding=\"async\" width=\"270\" src=\"\" class=\"alignleft wp-post-image tfe\" alt=\"\" title=\"\" \/><\/a><p>Moi j&rsquo;ai pas de voiture depuis 1997. Laurent non plus. Notre parking est vide depuis toujours. Nous \u00e9tions depuis 9 ans , un couple sans enfant, sans responsabilit\u00e9s, sans voiture. LIBRES\u00a0de sauter dans un taxi pour partir sur un coup de t\u00eate \u00e0 l&rsquo;autre bout de la plan\u00e8te &#8230; \u00ab\u00a0sous le soleil les aliz\u00e9s\u00a0\u00bb (speciale [&hellip;]<\/p>\n","protected":false},"author":1,"featured_media":0,"comment_status":"open","ping_status":"open","sticky":false,"template":"","format":"standard","meta":{"jetpack_post_was_ever_published":false,"_jetpack_newsletter_access":"","_jetpack_dont_email_post_to_subs":false,"_jetpack_newsletter_tier_id":0,"_jetpack_memberships_contains_paywalled_content":false,"_jetpack_memberships_contains_paid_content":false,"footnotes":"","jetpack_publicize_message":"","jetpack_publicize_feature_enabled":true,"jetpack_social_post_already_shared":false,"jetpack_social_options":{"image_generator_settings":{"template":"highway","default_image_id":0,"font":"","enabled":false},"version":2}},"categories":[214],"tags":[342],"class_list":["post-1041","post","type-post","status-publish","format-standard","hentry","category-les-enfants","tag-enfant"],"jetpack_publicize_connections":[],"jetpack_featured_media_url":"","jetpack_shortlink":"https:\/\/wp.me\/posPp-gN","jetpack_sharing_enabled":true,"jetpack-related-posts":[],"_links":{"self":[{"href":"https:\/\/libelul.com\/index.php?rest_route=\/wp\/v2\/posts\/1041","targetHints":{"allow":["GET"]}}],"collection":[{"href":"https:\/\/libelul.com\/index.php?rest_route=\/wp\/v2\/posts"}],"about":[{"href":"https:\/\/libelul.com\/index.php?rest_route=\/wp\/v2\/types\/post"}],"author":[{"embeddable":true,"href":"https:\/\/libelul.com\/index.php?rest_route=\/wp\/v2\/users\/1"}],"replies":[{"embeddable":true,"href":"https:\/\/libelul.com\/index.php?rest_route=%2Fwp%2Fv2%2Fcomments&post=1041"}],"version-history":[{"count":0,"href":"https:\/\/libelul.com\/index.php?rest_route=\/wp\/v2\/posts\/1041\/revisions"}],"wp:attachment":[{"href":"https:\/\/libelul.com\/index.php?rest_route=%2Fwp%2Fv2%2Fmedia&parent=1041"}],"wp:term":[{"taxonomy":"category","embeddable":true,"href":"https:\/\/libelul.com\/index.php?rest_route=%2Fwp%2Fv2%2Fcategories&post=1041"},{"taxonomy":"post_tag","embeddable":true,"href":"https:\/\/libelul.com\/index.php?rest_route=%2Fwp%2Fv2%2Ftags&post=1041"}],"curies":[{"name":"wp","href":"https:\/\/api.w.org\/{rel}","templated":true}]}}