{"id":1089,"date":"2009-09-06T09:30:16","date_gmt":"2009-09-06T07:30:16","guid":{"rendered":"http:\/\/libelul.com\/?p=1089"},"modified":"2010-05-07T21:18:49","modified_gmt":"2010-05-07T19:18:49","slug":"i-want-this-parapluie-cloche","status":"publish","type":"post","link":"https:\/\/libelul.com\/?p=1089","title":{"rendered":"I WANT THIS : Parapluie cloche"},"content":{"rendered":"<p>Moi, depuis un moment je n&rsquo;ai plus de parapluie.<br \/>\nMon joli parapluie transparent ann\u00e9es 60\u00a0 a \u00e9t\u00e9 oubli\u00e9 je ne sais o\u00f9, et je me dis que cela doit \u00eatre in\u00e9luctable. Comme la 2\u00e8me chaussette que l&rsquo;on ne retrouve jamais.<\/p>\n<p>Toute ma vie sera une succession de moments o\u00f9 je cherche un joli parapluie et de moments o\u00f9 je m&rsquo;en veux de l&rsquo;avoir perdu.<br \/>\nEt l\u00e0 heureusement c&rsquo;est un moment joyeux.<br \/>\nJe l&rsquo;ai trouv\u00e9 le joli parapluie qui sera bient\u00f4t un regret certain.<\/p>\n<p style=\"text-align: left;\"><a href=\"http:\/\/libelul.com\/wp-content\/uploads\/2009\/09\/parapluie-cloche1.jpg\"><img decoding=\"async\" data-attachment-id=\"1091\" data-permalink=\"https:\/\/libelul.com\/?attachment_id=1091\" data-orig-file=\"https:\/\/libelul.com\/wp-content\/uploads\/2009\/09\/parapluie-cloche1.jpg\" data-orig-size=\"550,550\" data-comments-opened=\"1\" data-image-meta=\"{&quot;aperture&quot;:&quot;0&quot;,&quot;credit&quot;:&quot;&quot;,&quot;camera&quot;:&quot;&quot;,&quot;caption&quot;:&quot;&quot;,&quot;created_timestamp&quot;:&quot;0&quot;,&quot;copyright&quot;:&quot;&quot;,&quot;focal_length&quot;:&quot;0&quot;,&quot;iso&quot;:&quot;0&quot;,&quot;shutter_speed&quot;:&quot;0&quot;,&quot;title&quot;:&quot;&quot;}\" data-image-title=\"parapluie-cloche1\" data-image-description=\"\" data-image-caption=\"\" data-medium-file=\"https:\/\/libelul.com\/wp-content\/uploads\/2009\/09\/parapluie-cloche1-380x380.jpg\" data-large-file=\"https:\/\/libelul.com\/wp-content\/uploads\/2009\/09\/parapluie-cloche1-450x450.jpg\" class=\"size-medium wp-image-1091 aligncenter\" title=\"parapluie-cloche1\" src=\"http:\/\/libelul.com\/wp-content\/uploads\/2009\/09\/parapluie-cloche1.jpg\" alt=\"parapluie-cloche1\" width=\"450\" srcset=\"https:\/\/libelul.com\/wp-content\/uploads\/2009\/09\/parapluie-cloche1.jpg 550w, https:\/\/libelul.com\/wp-content\/uploads\/2009\/09\/parapluie-cloche1-150x150.jpg 150w, https:\/\/libelul.com\/wp-content\/uploads\/2009\/09\/parapluie-cloche1-380x380.jpg 380w, https:\/\/libelul.com\/wp-content\/uploads\/2009\/09\/parapluie-cloche1-450x450.jpg 450w\" sizes=\"(max-width: 550px) 100vw, 550px\" \/><\/a><br \/>\nDisponible chez <strong>Les Fleurs<br \/>\n<\/strong>6 passage Josset<br \/>\nParis 11\u00e8me<\/p>\n","protected":false},"excerpt":{"rendered":"<a href=\"https:\/\/libelul.com\/?p=1089\"><img decoding=\"async\" width=\"270\" src=\"\" class=\"alignleft wp-post-image tfe\" alt=\"\" title=\"\" \/><\/a><p>Moi, depuis un moment je n&rsquo;ai plus de parapluie. Mon joli parapluie transparent ann\u00e9es 60\u00a0 a \u00e9t\u00e9 oubli\u00e9 je ne sais o\u00f9, et je me dis que cela doit \u00eatre in\u00e9luctable. Comme la 2\u00e8me chaussette que l&rsquo;on ne retrouve jamais. Toute ma vie sera une succession de moments o\u00f9 je cherche un joli parapluie et [&hellip;]<\/p>\n","protected":false},"author":1,"featured_media":0,"comment_status":"open","ping_status":"open","sticky":false,"template":"","format":"standard","meta":{"jetpack_post_was_ever_published":false,"_jetpack_newsletter_access":"","_jetpack_dont_email_post_to_subs":false,"_jetpack_newsletter_tier_id":0,"_jetpack_memberships_contains_paywalled_content":false,"_jetpack_memberships_contains_paid_content":false,"footnotes":"","jetpack_publicize_message":"","jetpack_publicize_feature_enabled":true,"jetpack_social_post_already_shared":false,"jetpack_social_options":{"image_generator_settings":{"template":"highway","default_image_id":0,"font":"","enabled":false},"version":2}},"categories":[218],"tags":[32,174],"class_list":["post-1089","post","type-post","status-publish","format-standard","hentry","category-les-mamans","tag-accessoires","tag-fleurs"],"jetpack_publicize_connections":[],"jetpack_featured_media_url":"","jetpack_shortlink":"https:\/\/wp.me\/posPp-hz","jetpack_sharing_enabled":true,"jetpack-related-posts":[],"_links":{"self":[{"href":"https:\/\/libelul.com\/index.php?rest_route=\/wp\/v2\/posts\/1089","targetHints":{"allow":["GET"]}}],"collection":[{"href":"https:\/\/libelul.com\/index.php?rest_route=\/wp\/v2\/posts"}],"about":[{"href":"https:\/\/libelul.com\/index.php?rest_route=\/wp\/v2\/types\/post"}],"author":[{"embeddable":true,"href":"https:\/\/libelul.com\/index.php?rest_route=\/wp\/v2\/users\/1"}],"replies":[{"embeddable":true,"href":"https:\/\/libelul.com\/index.php?rest_route=%2Fwp%2Fv2%2Fcomments&post=1089"}],"version-history":[{"count":0,"href":"https:\/\/libelul.com\/index.php?rest_route=\/wp\/v2\/posts\/1089\/revisions"}],"wp:attachment":[{"href":"https:\/\/libelul.com\/index.php?rest_route=%2Fwp%2Fv2%2Fmedia&parent=1089"}],"wp:term":[{"taxonomy":"category","embeddable":true,"href":"https:\/\/libelul.com\/index.php?rest_route=%2Fwp%2Fv2%2Fcategories&post=1089"},{"taxonomy":"post_tag","embeddable":true,"href":"https:\/\/libelul.com\/index.php?rest_route=%2Fwp%2Fv2%2Ftags&post=1089"}],"curies":[{"name":"wp","href":"https:\/\/api.w.org\/{rel}","templated":true}]}}