{"id":11387,"date":"2012-01-05T05:25:07","date_gmt":"2012-01-05T04:25:07","guid":{"rendered":"http:\/\/libelul.com\/?p=11387"},"modified":"2012-01-04T23:56:54","modified_gmt":"2012-01-04T22:56:54","slug":"aligner-quelques-reves","status":"publish","type":"post","link":"https:\/\/libelul.com\/?p=11387","title":{"rendered":"Aligner quelques r\u00eaves."},"content":{"rendered":"<p>Moi je ne r\u00eave plus.<\/p>\n<p>Une urgence \u00e0 vivre mes envies,<br \/>\nPlus l&rsquo;envie de remettre \u00e0 demain,<br \/>\nNi le capturer pour le d\u00e9guster plus tard,<br \/>\nJuste croquer la pomme \u00e0 pleine dents.<\/p>\n<p>Pourtant \u00e7\u00e0 me manque.<\/p>\n<p>Le souvenir de ce que je voulais tant,<br \/>\nAttendu longtemps, savour\u00e9 soigneusement,<br \/>\nLe jour venu o\u00f9 enfin cette chose m&rsquo;appartenait vraiment.<\/p>\n<p style=\"text-align: center;\"><img loading=\"lazy\" decoding=\"async\" data-attachment-id=\"11388\" data-permalink=\"https:\/\/libelul.com\/?attachment_id=11388\" data-orig-file=\"https:\/\/libelul.com\/wp-content\/uploads\/2012\/01\/origami-cubes.jpg\" data-orig-size=\"540,385\" data-comments-opened=\"1\" data-image-meta=\"{&quot;aperture&quot;:&quot;0&quot;,&quot;credit&quot;:&quot;&quot;,&quot;camera&quot;:&quot;&quot;,&quot;caption&quot;:&quot;&quot;,&quot;created_timestamp&quot;:&quot;0&quot;,&quot;copyright&quot;:&quot;&quot;,&quot;focal_length&quot;:&quot;0&quot;,&quot;iso&quot;:&quot;0&quot;,&quot;shutter_speed&quot;:&quot;0&quot;,&quot;title&quot;:&quot;&quot;}\" data-image-title=\"origami-cubes\" data-image-description=\"\" data-image-caption=\"\" data-medium-file=\"https:\/\/libelul.com\/wp-content\/uploads\/2012\/01\/origami-cubes-380x270.jpg\" data-large-file=\"https:\/\/libelul.com\/wp-content\/uploads\/2012\/01\/origami-cubes-450x320.jpg\" class=\"alignnone size-full wp-image-11388\" title=\"origami-cubes\" src=\"http:\/\/libelul.com\/wp-content\/uploads\/2012\/01\/origami-cubes.jpg\" alt=\"\" width=\"540\" height=\"385\" srcset=\"https:\/\/libelul.com\/wp-content\/uploads\/2012\/01\/origami-cubes.jpg 540w, https:\/\/libelul.com\/wp-content\/uploads\/2012\/01\/origami-cubes-380x270.jpg 380w, https:\/\/libelul.com\/wp-content\/uploads\/2012\/01\/origami-cubes-450x320.jpg 450w\" sizes=\"auto, (max-width: 540px) 100vw, 540px\" \/><\/p>\n<p style=\"text-align: center;\">Origami cubes mobile by <a href=\"http:\/\/annilygreen.blogspot.com\/2011\/06\/weekend-report-rainbow-party.html\" target=\"_blank\">Annilygreen<\/a><\/p>\n<p style=\"text-align: left;\">Et si le bonheur r\u00e9sidait de rythme des saisons,<br \/>\nCelui qui nous fait compter les jours avant,<br \/>\nEn ayant la certitude qu&rsquo;il reviendra &#8230; mon printemps.<\/p>\n<p style=\"text-align: left;\"><strong>Et vous, vos r\u00eaves \u00eates-vous pr\u00eate \u00e0 les attendre patiemment ?<\/strong><\/p>\n","protected":false},"excerpt":{"rendered":"<a href=\"https:\/\/libelul.com\/?p=11387\"><img decoding=\"async\" width=\"270\" src=\"\" class=\"alignleft wp-post-image tfe\" alt=\"\" title=\"\" \/><\/a><p>Moi je ne r\u00eave plus. Une urgence \u00e0 vivre mes envies, Plus l&rsquo;envie de remettre \u00e0 demain, Ni le capturer pour le d\u00e9guster plus tard, Juste croquer la pomme \u00e0 pleine dents. Pourtant \u00e7\u00e0 me manque. Le souvenir de ce que je voulais tant, Attendu longtemps, savour\u00e9 soigneusement, Le jour venu o\u00f9 enfin cette chose [&hellip;]<\/p>\n","protected":false},"author":1,"featured_media":0,"comment_status":"open","ping_status":"open","sticky":false,"template":"","format":"standard","meta":{"jetpack_post_was_ever_published":false,"_jetpack_newsletter_access":"","_jetpack_dont_email_post_to_subs":false,"_jetpack_newsletter_tier_id":0,"_jetpack_memberships_contains_paywalled_content":false,"_jetpack_memberships_contains_paid_content":false,"footnotes":"","jetpack_publicize_message":"","jetpack_publicize_feature_enabled":true,"jetpack_social_post_already_shared":false,"jetpack_social_options":{"image_generator_settings":{"template":"highway","default_image_id":0,"font":"","enabled":false},"version":2}},"categories":[24],"tags":[394,336,47,212],"class_list":["post-11387","post","type-post","status-publish","format-standard","hentry","category-la-fete","tag-decoration","tag-diy","tag-party","tag-rainbow"],"jetpack_publicize_connections":[],"jetpack_featured_media_url":"","jetpack_shortlink":"https:\/\/wp.me\/posPp-2XF","jetpack_sharing_enabled":true,"jetpack-related-posts":[],"_links":{"self":[{"href":"https:\/\/libelul.com\/index.php?rest_route=\/wp\/v2\/posts\/11387","targetHints":{"allow":["GET"]}}],"collection":[{"href":"https:\/\/libelul.com\/index.php?rest_route=\/wp\/v2\/posts"}],"about":[{"href":"https:\/\/libelul.com\/index.php?rest_route=\/wp\/v2\/types\/post"}],"author":[{"embeddable":true,"href":"https:\/\/libelul.com\/index.php?rest_route=\/wp\/v2\/users\/1"}],"replies":[{"embeddable":true,"href":"https:\/\/libelul.com\/index.php?rest_route=%2Fwp%2Fv2%2Fcomments&post=11387"}],"version-history":[{"count":0,"href":"https:\/\/libelul.com\/index.php?rest_route=\/wp\/v2\/posts\/11387\/revisions"}],"wp:attachment":[{"href":"https:\/\/libelul.com\/index.php?rest_route=%2Fwp%2Fv2%2Fmedia&parent=11387"}],"wp:term":[{"taxonomy":"category","embeddable":true,"href":"https:\/\/libelul.com\/index.php?rest_route=%2Fwp%2Fv2%2Fcategories&post=11387"},{"taxonomy":"post_tag","embeddable":true,"href":"https:\/\/libelul.com\/index.php?rest_route=%2Fwp%2Fv2%2Ftags&post=11387"}],"curies":[{"name":"wp","href":"https:\/\/api.w.org\/{rel}","templated":true}]}}