{"id":11890,"date":"2012-01-30T05:25:13","date_gmt":"2012-01-30T04:25:13","guid":{"rendered":"http:\/\/libelul.com\/?p=11890"},"modified":"2012-01-29T23:28:52","modified_gmt":"2012-01-29T22:28:52","slug":"vintage-kids","status":"publish","type":"post","link":"https:\/\/libelul.com\/?p=11890","title":{"rendered":"Vintage kids."},"content":{"rendered":"<p>Moi j&rsquo;ai beau tenter de ne pas l&rsquo;influencer,<br \/>\nJe crois malheureusement que c&rsquo;est d\u00e9j\u00e0 fait.<\/p>\n<p>Voir James s&rsquo;extasier devant une chaise vintage,<br \/>\nAvoir d\u00e9j\u00e0 un avis sur les couleurs qu&rsquo;il pr\u00e9f\u00e8re,<br \/>\nBizarrement se sont aussi les miennes &#8230;<\/p>\n<p>S&rsquo;int\u00e9resser aux photos que je prends,<br \/>\nLe voir bouger un objet, me rendre compte qu&rsquo;il a raison,<br \/>\nSon \u0153il est d\u00e9j\u00e0 meilleur que le mien.<\/p>\n<p style=\"text-align: center;\"><img loading=\"lazy\" decoding=\"async\" data-attachment-id=\"11892\" data-permalink=\"https:\/\/libelul.com\/?attachment_id=11892\" data-orig-file=\"https:\/\/libelul.com\/wp-content\/uploads\/2012\/01\/meresine-by-libelul.jpg\" data-orig-size=\"540,385\" data-comments-opened=\"1\" data-image-meta=\"{&quot;aperture&quot;:&quot;0&quot;,&quot;credit&quot;:&quot;&quot;,&quot;camera&quot;:&quot;&quot;,&quot;caption&quot;:&quot;&quot;,&quot;created_timestamp&quot;:&quot;0&quot;,&quot;copyright&quot;:&quot;&quot;,&quot;focal_length&quot;:&quot;0&quot;,&quot;iso&quot;:&quot;0&quot;,&quot;shutter_speed&quot;:&quot;0&quot;,&quot;title&quot;:&quot;&quot;}\" data-image-title=\"meresine-by-libelul\" data-image-description=\"\" data-image-caption=\"\" data-medium-file=\"https:\/\/libelul.com\/wp-content\/uploads\/2012\/01\/meresine-by-libelul-450x320.jpg\" data-large-file=\"https:\/\/libelul.com\/wp-content\/uploads\/2012\/01\/meresine-by-libelul.jpg\" class=\"alignnone size-full wp-image-11892\" title=\"meresine-by-libelul\" src=\"http:\/\/libelul.com\/wp-content\/uploads\/2012\/01\/meresine-by-libelul.jpg\" alt=\"\" width=\"540\" height=\"385\" srcset=\"https:\/\/libelul.com\/wp-content\/uploads\/2012\/01\/meresine-by-libelul.jpg 540w, https:\/\/libelul.com\/wp-content\/uploads\/2012\/01\/meresine-by-libelul-450x320.jpg 450w\" sizes=\"auto, (max-width: 540px) 100vw, 540px\" \/><\/p>\n<p style=\"text-align: center;\">Meresine par Sandrine Ziegle @ Maison et Objet Jan. 2012<\/p>\n<p style=\"text-align: left;\">Avoir la certitude que je l&rsquo;influence avec mes vintageries,<br \/>\nMon amour du design et des couleurs,<br \/>\nEt j&rsquo;ai d\u00e9j\u00e0 tellement h\u00e2te de voir ce qu&rsquo;il va faire de toutes mes r\u00e9f\u00e9rences.<\/p>\n<p style=\"text-align: left;\"><strong>Et vous, vos enfants sont-ils dans vos pas ou \u00e0 contre-sens ?<\/strong><\/p>\n","protected":false},"excerpt":{"rendered":"<a href=\"https:\/\/libelul.com\/?p=11890\"><img decoding=\"async\" width=\"270\" src=\"\" class=\"alignleft wp-post-image tfe\" alt=\"\" title=\"\" \/><\/a><p>Moi j&rsquo;ai beau tenter de ne pas l&rsquo;influencer, Je crois malheureusement que c&rsquo;est d\u00e9j\u00e0 fait. Voir James s&rsquo;extasier devant une chaise vintage, Avoir d\u00e9j\u00e0 un avis sur les couleurs qu&rsquo;il pr\u00e9f\u00e8re, Bizarrement se sont aussi les miennes &#8230; S&rsquo;int\u00e9resser aux photos que je prends, Le voir bouger un objet, me rendre compte qu&rsquo;il a raison, [&hellip;]<\/p>\n","protected":false},"author":1,"featured_media":0,"comment_status":"open","ping_status":"open","sticky":false,"template":"","format":"standard","meta":{"jetpack_post_was_ever_published":false,"_jetpack_newsletter_access":"","_jetpack_dont_email_post_to_subs":false,"_jetpack_newsletter_tier_id":0,"_jetpack_memberships_contains_paywalled_content":false,"_jetpack_memberships_contains_paid_content":false,"footnotes":"","jetpack_publicize_message":"","jetpack_publicize_feature_enabled":true,"jetpack_social_post_already_shared":false,"jetpack_social_options":{"image_generator_settings":{"template":"highway","default_image_id":0,"font":"","enabled":false},"version":2}},"categories":[214],"tags":[32,342,21],"class_list":["post-11890","post","type-post","status-publish","format-standard","hentry","category-les-enfants","tag-accessoires","tag-enfant","tag-mode"],"jetpack_publicize_connections":[],"jetpack_featured_media_url":"","jetpack_shortlink":"https:\/\/wp.me\/posPp-35M","jetpack_sharing_enabled":true,"jetpack-related-posts":[],"_links":{"self":[{"href":"https:\/\/libelul.com\/index.php?rest_route=\/wp\/v2\/posts\/11890","targetHints":{"allow":["GET"]}}],"collection":[{"href":"https:\/\/libelul.com\/index.php?rest_route=\/wp\/v2\/posts"}],"about":[{"href":"https:\/\/libelul.com\/index.php?rest_route=\/wp\/v2\/types\/post"}],"author":[{"embeddable":true,"href":"https:\/\/libelul.com\/index.php?rest_route=\/wp\/v2\/users\/1"}],"replies":[{"embeddable":true,"href":"https:\/\/libelul.com\/index.php?rest_route=%2Fwp%2Fv2%2Fcomments&post=11890"}],"version-history":[{"count":0,"href":"https:\/\/libelul.com\/index.php?rest_route=\/wp\/v2\/posts\/11890\/revisions"}],"wp:attachment":[{"href":"https:\/\/libelul.com\/index.php?rest_route=%2Fwp%2Fv2%2Fmedia&parent=11890"}],"wp:term":[{"taxonomy":"category","embeddable":true,"href":"https:\/\/libelul.com\/index.php?rest_route=%2Fwp%2Fv2%2Fcategories&post=11890"},{"taxonomy":"post_tag","embeddable":true,"href":"https:\/\/libelul.com\/index.php?rest_route=%2Fwp%2Fv2%2Ftags&post=11890"}],"curies":[{"name":"wp","href":"https:\/\/api.w.org\/{rel}","templated":true}]}}