{"id":11963,"date":"2012-02-02T05:25:47","date_gmt":"2012-02-02T04:25:47","guid":{"rendered":"http:\/\/libelul.com\/?p=11963"},"modified":"2012-02-01T18:13:08","modified_gmt":"2012-02-01T17:13:08","slug":"un-fruit","status":"publish","type":"post","link":"https:\/\/libelul.com\/?p=11963","title":{"rendered":"Un fruit &#8230;"},"content":{"rendered":"<p>Moi j&rsquo;adore les pommes.<br \/>\nEt je me demande d&rsquo;o\u00f9 vient cette fascination pour ce fruit.<\/p>\n<p>Sa forme &#8211; trop simple , sa couleur &#8211; multiple,<br \/>\nSon go\u00fbt &#8211; si particulier , son histoire de fruit d\u00e9fendu ?<\/p>\n<p>Pourquoi concentre-t-il autant de fantasmes,<br \/>\nDe contes et de l\u00e9gendes dont il est le principal sujet ?<\/p>\n<p style=\"text-align: center;\"><img loading=\"lazy\" decoding=\"async\" data-attachment-id=\"11965\" data-permalink=\"https:\/\/libelul.com\/?attachment_id=11965\" data-orig-file=\"https:\/\/libelul.com\/wp-content\/uploads\/2012\/02\/apple_by_libelul.jpg\" data-orig-size=\"540,385\" data-comments-opened=\"1\" data-image-meta=\"{&quot;aperture&quot;:&quot;0&quot;,&quot;credit&quot;:&quot;&quot;,&quot;camera&quot;:&quot;&quot;,&quot;caption&quot;:&quot;&quot;,&quot;created_timestamp&quot;:&quot;0&quot;,&quot;copyright&quot;:&quot;&quot;,&quot;focal_length&quot;:&quot;0&quot;,&quot;iso&quot;:&quot;0&quot;,&quot;shutter_speed&quot;:&quot;0&quot;,&quot;title&quot;:&quot;&quot;}\" data-image-title=\"apple_by_libelul\" data-image-description=\"\" data-image-caption=\"\" data-medium-file=\"https:\/\/libelul.com\/wp-content\/uploads\/2012\/02\/apple_by_libelul-450x320.jpg\" data-large-file=\"https:\/\/libelul.com\/wp-content\/uploads\/2012\/02\/apple_by_libelul.jpg\" class=\"alignnone size-full wp-image-11965\" title=\"apple_by_libelul\" src=\"http:\/\/libelul.com\/wp-content\/uploads\/2012\/02\/apple_by_libelul.jpg\" alt=\"\" width=\"540\" height=\"385\" srcset=\"https:\/\/libelul.com\/wp-content\/uploads\/2012\/02\/apple_by_libelul.jpg 540w, https:\/\/libelul.com\/wp-content\/uploads\/2012\/02\/apple_by_libelul-450x320.jpg 450w\" sizes=\"auto, (max-width: 540px) 100vw, 540px\" \/><\/p>\n<p style=\"text-align: center;\">Haba Apple &amp; Pear Wood Toys @ Maison et Objet Jan. 2012<\/p>\n<p style=\"text-align: left;\">Ce que je sais, c&rsquo;est que cette pomme m&rsquo;inspire,<br \/>\nEt qu&rsquo;\u00e0 chaque fois que j&rsquo;en rencontre une nouvelle,<br \/>\nMon amour pour elle, grandit encore.<\/p>\n<p style=\"text-align: left;\"><strong>Et vous, \u00eates-vous obs\u00e9d\u00e9(e) par la pomme ?<\/strong><\/p>\n<p style=\"text-align: left;\"><em>PS : Je me suis envol\u00e9e quelques jours pour accomplir l&rsquo;un de mes plus vieux r\u00eaves.<\/em><br \/>\n<em>\u00c0 mon retour, je mets \u00e0 jour le Challenge Nuancier !<\/em><\/p>\n<p style=\"text-align: left;\">\n","protected":false},"excerpt":{"rendered":"<a href=\"https:\/\/libelul.com\/?p=11963\"><img decoding=\"async\" width=\"270\" src=\"\" class=\"alignleft wp-post-image tfe\" alt=\"\" title=\"\" \/><\/a><p>Moi j&rsquo;adore les pommes. Et je me demande d&rsquo;o\u00f9 vient cette fascination pour ce fruit. Sa forme &#8211; trop simple , sa couleur &#8211; multiple, Son go\u00fbt &#8211; si particulier , son histoire de fruit d\u00e9fendu ? Pourquoi concentre-t-il autant de fantasmes, De contes et de l\u00e9gendes dont il est le principal sujet ? Haba [&hellip;]<\/p>\n","protected":false},"author":1,"featured_media":0,"comment_status":"open","ping_status":"open","sticky":false,"template":"","format":"standard","meta":{"jetpack_post_was_ever_published":false,"_jetpack_newsletter_access":"","_jetpack_dont_email_post_to_subs":false,"_jetpack_newsletter_tier_id":0,"_jetpack_memberships_contains_paywalled_content":false,"_jetpack_memberships_contains_paid_content":false,"footnotes":"","jetpack_publicize_message":"","jetpack_publicize_feature_enabled":true,"jetpack_social_post_already_shared":false,"jetpack_social_options":{"image_generator_settings":{"template":"highway","default_image_id":0,"font":"","enabled":false},"version":2}},"categories":[214],"tags":[342,623,362],"class_list":["post-11963","post","type-post","status-publish","format-standard","hentry","category-les-enfants","tag-enfant","tag-jouet","tag-salon-maison-et-objet"],"jetpack_publicize_connections":[],"jetpack_featured_media_url":"","jetpack_shortlink":"https:\/\/wp.me\/posPp-36X","jetpack_sharing_enabled":true,"jetpack-related-posts":[],"_links":{"self":[{"href":"https:\/\/libelul.com\/index.php?rest_route=\/wp\/v2\/posts\/11963","targetHints":{"allow":["GET"]}}],"collection":[{"href":"https:\/\/libelul.com\/index.php?rest_route=\/wp\/v2\/posts"}],"about":[{"href":"https:\/\/libelul.com\/index.php?rest_route=\/wp\/v2\/types\/post"}],"author":[{"embeddable":true,"href":"https:\/\/libelul.com\/index.php?rest_route=\/wp\/v2\/users\/1"}],"replies":[{"embeddable":true,"href":"https:\/\/libelul.com\/index.php?rest_route=%2Fwp%2Fv2%2Fcomments&post=11963"}],"version-history":[{"count":0,"href":"https:\/\/libelul.com\/index.php?rest_route=\/wp\/v2\/posts\/11963\/revisions"}],"wp:attachment":[{"href":"https:\/\/libelul.com\/index.php?rest_route=%2Fwp%2Fv2%2Fmedia&parent=11963"}],"wp:term":[{"taxonomy":"category","embeddable":true,"href":"https:\/\/libelul.com\/index.php?rest_route=%2Fwp%2Fv2%2Fcategories&post=11963"},{"taxonomy":"post_tag","embeddable":true,"href":"https:\/\/libelul.com\/index.php?rest_route=%2Fwp%2Fv2%2Ftags&post=11963"}],"curies":[{"name":"wp","href":"https:\/\/api.w.org\/{rel}","templated":true}]}}