{"id":11986,"date":"2012-02-06T05:25:10","date_gmt":"2012-02-06T03:25:10","guid":{"rendered":"http:\/\/libelul.com\/?p=11986"},"modified":"2013-07-07T15:18:16","modified_gmt":"2013-07-07T13:18:16","slug":"lislande-aux-confins-de-soi-meme","status":"publish","type":"post","link":"https:\/\/libelul.com\/?p=11986","title":{"rendered":"L&rsquo;islande, aux confins de soi-m\u00eame"},"content":{"rendered":"<p>Moi j&rsquo;ai laiss\u00e9 ma col\u00e8re au bord d&rsquo;un volcan,<br \/>\nJe l&rsquo;y ai enterr\u00e9e d\u00e9finitivement. (*)<\/p>\n<p>Laisser mes \u00e9motions voler aux vents,<br \/>\nNe plus \u00eatre celle que j&rsquo;\u00e9tais avant.<\/p>\n<p>Abandonner mes peurs et mes tourments,<br \/>\nVivre tout, beaucoup plus intens\u00e9ment.<\/p>\n<p>Revenir avec un regard diff\u00e9rent,<br \/>\nCelui d&rsquo;une femme qui veut simplement partager et vivre longtemps.<\/p>\n<p style=\"text-align: center;\"><img loading=\"lazy\" decoding=\"async\" data-attachment-id=\"11988\" data-permalink=\"https:\/\/libelul.com\/?attachment_id=11988\" data-orig-file=\"https:\/\/libelul.com\/wp-content\/uploads\/2012\/02\/islande-by-libelul.jpg\" data-orig-size=\"540,385\" data-comments-opened=\"1\" data-image-meta=\"{&quot;aperture&quot;:&quot;0&quot;,&quot;credit&quot;:&quot;&quot;,&quot;camera&quot;:&quot;&quot;,&quot;caption&quot;:&quot;&quot;,&quot;created_timestamp&quot;:&quot;0&quot;,&quot;copyright&quot;:&quot;&quot;,&quot;focal_length&quot;:&quot;0&quot;,&quot;iso&quot;:&quot;0&quot;,&quot;shutter_speed&quot;:&quot;0&quot;,&quot;title&quot;:&quot;&quot;}\" data-image-title=\"islande-by-libelul\" data-image-description=\"\" data-image-caption=\"\" data-medium-file=\"https:\/\/libelul.com\/wp-content\/uploads\/2012\/02\/islande-by-libelul-450x320.jpg\" data-large-file=\"https:\/\/libelul.com\/wp-content\/uploads\/2012\/02\/islande-by-libelul.jpg\" class=\"alignnone size-full wp-image-11988\" title=\"islande-by-libelul\" src=\"http:\/\/libelul.com\/wp-content\/uploads\/2012\/02\/islande-by-libelul.jpg\" alt=\"\" width=\"540\" height=\"385\" srcset=\"https:\/\/libelul.com\/wp-content\/uploads\/2012\/02\/islande-by-libelul.jpg 540w, https:\/\/libelul.com\/wp-content\/uploads\/2012\/02\/islande-by-libelul-450x320.jpg 450w\" sizes=\"auto, (max-width: 540px) 100vw, 540px\" \/><br \/>\n<img loading=\"lazy\" decoding=\"async\" data-attachment-id=\"11994\" data-permalink=\"https:\/\/libelul.com\/?attachment_id=11994\" data-orig-file=\"https:\/\/libelul.com\/wp-content\/uploads\/2012\/02\/islande-04-by-libelul.jpg\" data-orig-size=\"540,385\" data-comments-opened=\"1\" data-image-meta=\"{&quot;aperture&quot;:&quot;0&quot;,&quot;credit&quot;:&quot;&quot;,&quot;camera&quot;:&quot;&quot;,&quot;caption&quot;:&quot;&quot;,&quot;created_timestamp&quot;:&quot;0&quot;,&quot;copyright&quot;:&quot;&quot;,&quot;focal_length&quot;:&quot;0&quot;,&quot;iso&quot;:&quot;0&quot;,&quot;shutter_speed&quot;:&quot;0&quot;,&quot;title&quot;:&quot;&quot;}\" data-image-title=\"islande-04-by-libelul\" data-image-description=\"\" data-image-caption=\"\" data-medium-file=\"https:\/\/libelul.com\/wp-content\/uploads\/2012\/02\/islande-04-by-libelul-450x320.jpg\" data-large-file=\"https:\/\/libelul.com\/wp-content\/uploads\/2012\/02\/islande-04-by-libelul.jpg\" class=\"alignnone size-full wp-image-11994\" title=\"islande-04-by-libelul\" src=\"http:\/\/libelul.com\/wp-content\/uploads\/2012\/02\/islande-04-by-libelul.jpg\" alt=\"\" width=\"540\" height=\"385\" srcset=\"https:\/\/libelul.com\/wp-content\/uploads\/2012\/02\/islande-04-by-libelul.jpg 540w, https:\/\/libelul.com\/wp-content\/uploads\/2012\/02\/islande-04-by-libelul-450x320.jpg 450w\" sizes=\"auto, (max-width: 540px) 100vw, 540px\" \/><br \/>\n<img loading=\"lazy\" decoding=\"async\" data-attachment-id=\"11995\" data-permalink=\"https:\/\/libelul.com\/?attachment_id=11995\" data-orig-file=\"https:\/\/libelul.com\/wp-content\/uploads\/2012\/02\/islande-05-by-libelul.jpg\" data-orig-size=\"540,385\" data-comments-opened=\"1\" data-image-meta=\"{&quot;aperture&quot;:&quot;0&quot;,&quot;credit&quot;:&quot;&quot;,&quot;camera&quot;:&quot;&quot;,&quot;caption&quot;:&quot;&quot;,&quot;created_timestamp&quot;:&quot;0&quot;,&quot;copyright&quot;:&quot;&quot;,&quot;focal_length&quot;:&quot;0&quot;,&quot;iso&quot;:&quot;0&quot;,&quot;shutter_speed&quot;:&quot;0&quot;,&quot;title&quot;:&quot;&quot;}\" data-image-title=\"islande-05-by-libelul\" data-image-description=\"\" data-image-caption=\"\" data-medium-file=\"https:\/\/libelul.com\/wp-content\/uploads\/2012\/02\/islande-05-by-libelul-450x320.jpg\" data-large-file=\"https:\/\/libelul.com\/wp-content\/uploads\/2012\/02\/islande-05-by-libelul.jpg\" class=\"alignnone size-full wp-image-11995\" title=\"islande-05-by-libelul\" src=\"http:\/\/libelul.com\/wp-content\/uploads\/2012\/02\/islande-05-by-libelul.jpg\" alt=\"\" width=\"540\" height=\"385\" srcset=\"https:\/\/libelul.com\/wp-content\/uploads\/2012\/02\/islande-05-by-libelul.jpg 540w, https:\/\/libelul.com\/wp-content\/uploads\/2012\/02\/islande-05-by-libelul-450x320.jpg 450w\" sizes=\"auto, (max-width: 540px) 100vw, 540px\" \/><\/p>\n<p style=\"text-align: center;\">White ever everland by Libelul<br \/>\n<a href=\"http:\/\/maps.google.com\/maps\/ms?msid=209752084044994551940.0004b83e953c6dd5344be&amp;msa=0&amp;ll=64.420147,-20.020008&amp;spn=0.04914,0.168056\" target=\"_blank\">Highlands Route de Kjalvegur<\/a> en Islande<\/p>\n<p style=\"text-align: left;\">L\u2019Islande m&rsquo;a chang\u00e9 radicalement,<br \/>\nD\u00e9couvrir le sens du mot apaisement,<br \/>\nSe donner le courage de vivre autrement,<br \/>\nEt me red\u00e9finir &#8230; infiniment.<\/p>\n<p style=\"text-align: left;\"><em>\u00c0 la suite de cet incroyable voyage, je vous propose une s\u00e9rie de billets \u00e9crits sur le vif,<\/em><br \/>\n<em> Charg\u00e9s de toutes mes \u00e9motions, pour partager avec vous mon amour pour ce paradis blanc.<\/em><\/p>\n<p style=\"text-align: left;\"><strong>Et vous, pr\u00eat(e) \u00e0 embarquer pour mon Islande ?<\/strong><\/p>\n<p style=\"text-align: left;\"><em>(*) Mille milliards de merci \u00e0 Florence &amp; <a href=\"http:\/\/www.icelandair.fr\/?__utma=1.1995524176.1328476465.1328476465.1328476465.1&amp;__utmb=1.2.10.1328476465&amp;__utmc=1&amp;__utmx=-&amp;__utmz=1.1328476465.1.1.utmcsr=%28direct%29|utmccn=%28direct%29|utmcmd=%28none%29&amp;__utmv=-&amp;__utmk=168366753\" target=\"_blank\">Icelandair<\/a> qui ont ouvert mon c\u0153ur \u00e0 cette ch\u00e8re Islande,<\/em><br \/>\n<em> Et aussi \u00e0\u00a0Einar \u00d3lafur Matth\u00edasson pour cet incroyable cadeau Islandais :<\/em><br \/>\n<em> Laisser ma col\u00e8re dans l\u2019infiniment blanc,<\/em><em> c&rsquo;est probablement la plus belle des le\u00e7ons.<\/em><\/p>\n","protected":false},"excerpt":{"rendered":"<a href=\"https:\/\/libelul.com\/?p=11986\"><img decoding=\"async\" width=\"270\" src=\"\" class=\"alignleft wp-post-image tfe\" alt=\"\" title=\"\" \/><\/a><p>Moi j&rsquo;ai laiss\u00e9 ma col\u00e8re au bord d&rsquo;un volcan, Je l&rsquo;y ai enterr\u00e9e d\u00e9finitivement. (*) Laisser mes \u00e9motions voler aux vents, Ne plus \u00eatre celle que j&rsquo;\u00e9tais avant. Abandonner mes peurs et mes tourments, Vivre tout, beaucoup plus intens\u00e9ment. Revenir avec un regard diff\u00e9rent, Celui d&rsquo;une femme qui veut simplement partager et vivre longtemps. White [&hellip;]<\/p>\n","protected":false},"author":1,"featured_media":0,"comment_status":"open","ping_status":"open","sticky":false,"template":"","format":"standard","meta":{"jetpack_post_was_ever_published":false,"_jetpack_newsletter_access":"","_jetpack_dont_email_post_to_subs":false,"_jetpack_newsletter_tier_id":0,"_jetpack_memberships_contains_paywalled_content":false,"_jetpack_memberships_contains_paid_content":false,"footnotes":"","jetpack_publicize_message":"","jetpack_publicize_feature_enabled":true,"jetpack_social_post_already_shared":false,"jetpack_social_options":{"image_generator_settings":{"template":"highway","default_image_id":0,"font":"","enabled":false},"version":2}},"categories":[224],"tags":[661,660,799,23],"class_list":["post-11986","post","type-post","status-publish","format-standard","hentry","category-de-si-beaux-voyages","tag-icelandair","tag-islande","tag-voyage-de-presse","tag-voyages"],"jetpack_publicize_connections":[],"jetpack_featured_media_url":"","jetpack_shortlink":"https:\/\/wp.me\/posPp-37k","jetpack_sharing_enabled":true,"jetpack-related-posts":[],"_links":{"self":[{"href":"https:\/\/libelul.com\/index.php?rest_route=\/wp\/v2\/posts\/11986","targetHints":{"allow":["GET"]}}],"collection":[{"href":"https:\/\/libelul.com\/index.php?rest_route=\/wp\/v2\/posts"}],"about":[{"href":"https:\/\/libelul.com\/index.php?rest_route=\/wp\/v2\/types\/post"}],"author":[{"embeddable":true,"href":"https:\/\/libelul.com\/index.php?rest_route=\/wp\/v2\/users\/1"}],"replies":[{"embeddable":true,"href":"https:\/\/libelul.com\/index.php?rest_route=%2Fwp%2Fv2%2Fcomments&post=11986"}],"version-history":[{"count":0,"href":"https:\/\/libelul.com\/index.php?rest_route=\/wp\/v2\/posts\/11986\/revisions"}],"wp:attachment":[{"href":"https:\/\/libelul.com\/index.php?rest_route=%2Fwp%2Fv2%2Fmedia&parent=11986"}],"wp:term":[{"taxonomy":"category","embeddable":true,"href":"https:\/\/libelul.com\/index.php?rest_route=%2Fwp%2Fv2%2Fcategories&post=11986"},{"taxonomy":"post_tag","embeddable":true,"href":"https:\/\/libelul.com\/index.php?rest_route=%2Fwp%2Fv2%2Ftags&post=11986"}],"curies":[{"name":"wp","href":"https:\/\/api.w.org\/{rel}","templated":true}]}}