{"id":12034,"date":"2012-02-08T05:25:53","date_gmt":"2012-02-08T04:25:53","guid":{"rendered":"http:\/\/libelul.com\/?p=12034"},"modified":"2012-02-08T01:20:33","modified_gmt":"2012-02-08T00:20:33","slug":"entre-le-nouveau-et-lancien-continent","status":"publish","type":"post","link":"https:\/\/libelul.com\/?p=12034","title":{"rendered":"Entre le nouveau et l&rsquo;ancien continent"},"content":{"rendered":"<p>Moi je suis aussi entre deux rives,<br \/>\nOu peut-\u00eatre de nulle part.<\/p>\n<p>En Islande, mon c\u0153ur s&rsquo;est senti partag\u00e9 entre deux continents,<br \/>\nVoir de ses propres yeux la rencontre tectonique de ces deux plaques,<br \/>\nAutant en Am\u00e9rique que dans la vieille Europe.<\/p>\n<p>Mille et une questions sur cette croute terrestre qui nous abrite,<br \/>\nTenter de trouver quelques r\u00e9ponses g\u00e9ologiques,<br \/>\nTout au fond de la faille.<\/p>\n<p>Et voir de l&rsquo;autre c\u00f4t\u00e9 de la rive, une \u00e9glise &#8230;<\/p>\n<p style=\"text-align: center;\"><img loading=\"lazy\" decoding=\"async\" data-attachment-id=\"12036\" data-permalink=\"https:\/\/libelul.com\/?attachment_id=12036\" data-orig-file=\"https:\/\/libelul.com\/wp-content\/uploads\/2012\/02\/islande-usa-1-by-libelul.jpg\" data-orig-size=\"540,385\" data-comments-opened=\"1\" data-image-meta=\"{&quot;aperture&quot;:&quot;0&quot;,&quot;credit&quot;:&quot;&quot;,&quot;camera&quot;:&quot;&quot;,&quot;caption&quot;:&quot;&quot;,&quot;created_timestamp&quot;:&quot;0&quot;,&quot;copyright&quot;:&quot;&quot;,&quot;focal_length&quot;:&quot;0&quot;,&quot;iso&quot;:&quot;0&quot;,&quot;shutter_speed&quot;:&quot;0&quot;,&quot;title&quot;:&quot;&quot;}\" data-image-title=\"islande-usa-1-by-libelul\" data-image-description=\"\" data-image-caption=\"\" data-medium-file=\"https:\/\/libelul.com\/wp-content\/uploads\/2012\/02\/islande-usa-1-by-libelul-450x320.jpg\" data-large-file=\"https:\/\/libelul.com\/wp-content\/uploads\/2012\/02\/islande-usa-1-by-libelul.jpg\" class=\"alignnone size-full wp-image-12036\" title=\"islande-usa-1-by-libelul\" src=\"http:\/\/libelul.com\/wp-content\/uploads\/2012\/02\/islande-usa-1-by-libelul.jpg\" alt=\"\" width=\"540\" height=\"385\" srcset=\"https:\/\/libelul.com\/wp-content\/uploads\/2012\/02\/islande-usa-1-by-libelul.jpg 540w, https:\/\/libelul.com\/wp-content\/uploads\/2012\/02\/islande-usa-1-by-libelul-450x320.jpg 450w\" sizes=\"auto, (max-width: 540px) 100vw, 540px\" \/><br \/>\n<img loading=\"lazy\" decoding=\"async\" title=\"islande-usa-2-by-libelul\" src=\"http:\/\/libelul.com\/wp-content\/uploads\/2012\/02\/islande-usa-2-by-libelul.jpg\" alt=\"\" width=\"540\" height=\"385\" \/><br \/>\n<img loading=\"lazy\" decoding=\"async\" title=\"islande-usa-3-by-libelul\" src=\"http:\/\/libelul.com\/wp-content\/uploads\/2012\/02\/islande-usa-3-by-libelul.jpg\" alt=\"\" width=\"540\" height=\"385\" \/><\/p>\n<p style=\"text-align: center;\">Between America &amp; Europe by Libelul<br \/>\n<a href=\"http:\/\/maps.google.com\/maps?q=%C3%9Eingvellir+map&amp;oe=utf-8&amp;rls=org.mozilla:fr:official&amp;client=firefox-a&amp;um=1&amp;ie=UTF-8&amp;ei=cr4xT6-5JobQhAejtq2QBQ&amp;sa=X&amp;oi=mode_link&amp;ct=mode&amp;cd=3&amp;ved=0CA8Q_AUoAg\" target=\"_blank\">Faille de \u00deingvellir<\/a> en Islande<\/p>\n<p style=\"text-align: left;\">Comme si face \u00e0 tant de merveilles naturelles,<br \/>\nLa seule r\u00e9ponse \u00e9tait une fabrication spirituelle faite par l\u00a0\u00bbhumain.<\/p>\n<p style=\"text-align: left;\"><strong>Et vous, avez-vous d\u00e9j\u00e0 ressenti la magie des forces de la nature ?<\/strong><\/p>\n","protected":false},"excerpt":{"rendered":"<a href=\"https:\/\/libelul.com\/?p=12034\"><img decoding=\"async\" width=\"270\" src=\"\" class=\"alignleft wp-post-image tfe\" alt=\"\" title=\"\" \/><\/a><p>Moi je suis aussi entre deux rives, Ou peut-\u00eatre de nulle part. En Islande, mon c\u0153ur s&rsquo;est senti partag\u00e9 entre deux continents, Voir de ses propres yeux la rencontre tectonique de ces deux plaques, Autant en Am\u00e9rique que dans la vieille Europe. Mille et une questions sur cette croute terrestre qui nous abrite, Tenter de [&hellip;]<\/p>\n","protected":false},"author":1,"featured_media":0,"comment_status":"open","ping_status":"open","sticky":false,"template":"","format":"standard","meta":{"jetpack_post_was_ever_published":false,"_jetpack_newsletter_access":"","_jetpack_dont_email_post_to_subs":false,"_jetpack_newsletter_tier_id":0,"_jetpack_memberships_contains_paywalled_content":false,"_jetpack_memberships_contains_paid_content":false,"footnotes":"","jetpack_publicize_message":"","jetpack_publicize_feature_enabled":true,"jetpack_social_post_already_shared":false,"jetpack_social_options":{"image_generator_settings":{"template":"highway","default_image_id":0,"font":"","enabled":false},"version":2}},"categories":[224],"tags":[660,23],"class_list":["post-12034","post","type-post","status-publish","format-standard","hentry","category-de-si-beaux-voyages","tag-islande","tag-voyages"],"jetpack_publicize_connections":[],"jetpack_featured_media_url":"","jetpack_shortlink":"https:\/\/wp.me\/posPp-386","jetpack_sharing_enabled":true,"jetpack-related-posts":[],"_links":{"self":[{"href":"https:\/\/libelul.com\/index.php?rest_route=\/wp\/v2\/posts\/12034","targetHints":{"allow":["GET"]}}],"collection":[{"href":"https:\/\/libelul.com\/index.php?rest_route=\/wp\/v2\/posts"}],"about":[{"href":"https:\/\/libelul.com\/index.php?rest_route=\/wp\/v2\/types\/post"}],"author":[{"embeddable":true,"href":"https:\/\/libelul.com\/index.php?rest_route=\/wp\/v2\/users\/1"}],"replies":[{"embeddable":true,"href":"https:\/\/libelul.com\/index.php?rest_route=%2Fwp%2Fv2%2Fcomments&post=12034"}],"version-history":[{"count":0,"href":"https:\/\/libelul.com\/index.php?rest_route=\/wp\/v2\/posts\/12034\/revisions"}],"wp:attachment":[{"href":"https:\/\/libelul.com\/index.php?rest_route=%2Fwp%2Fv2%2Fmedia&parent=12034"}],"wp:term":[{"taxonomy":"category","embeddable":true,"href":"https:\/\/libelul.com\/index.php?rest_route=%2Fwp%2Fv2%2Fcategories&post=12034"},{"taxonomy":"post_tag","embeddable":true,"href":"https:\/\/libelul.com\/index.php?rest_route=%2Fwp%2Fv2%2Ftags&post=12034"}],"curies":[{"name":"wp","href":"https:\/\/api.w.org\/{rel}","templated":true}]}}