{"id":12063,"date":"2012-02-10T05:25:40","date_gmt":"2012-02-10T04:25:40","guid":{"rendered":"http:\/\/libelul.com\/?p=12063"},"modified":"2012-02-10T18:39:12","modified_gmt":"2012-02-10T17:39:12","slug":"et-la-rencontre-avec-le-peuple-des-elfes","status":"publish","type":"post","link":"https:\/\/libelul.com\/?p=12063","title":{"rendered":"Et la rencontre avec le peuple des Elfes"},"content":{"rendered":"<p>Moi j&rsquo;ai aper\u00e7u quelques elfes et une f\u00e9e,<br \/>\nVivant dans les mar\u00e9cages pr\u00e8s de <em>Geysir<\/em>.<\/p>\n<p>Au milieu d&rsquo;explosions d&rsquo;eau bleue fumante,<br \/>\nBattant la chamade de cette douce M\u00e8re Nature,<br \/>\nIl y avait un endroit d\u00e9licat,<\/p>\n<p>La maison des enfants cach\u00e9s d&rsquo;<em>Adam et Eve<\/em> (*),<br \/>\nFaite de mousse verte et de terre charg\u00e9e en silice,<br \/>\nSans doute le plus joli des habitats.<\/p>\n<p>C&rsquo;est l\u00e0 que je les ai vu, une rencontre presque mystique,<br \/>\n\u00c0 laquelle je ne m&rsquo;attendais pas.<\/p>\n<p style=\"text-align: center;\"><img loading=\"lazy\" decoding=\"async\" data-attachment-id=\"12072\" data-permalink=\"https:\/\/libelul.com\/?attachment_id=12072\" data-orig-file=\"https:\/\/libelul.com\/wp-content\/uploads\/2012\/02\/geysir-2-by-libelul.jpg\" data-orig-size=\"540,385\" data-comments-opened=\"1\" data-image-meta=\"{&quot;aperture&quot;:&quot;0&quot;,&quot;credit&quot;:&quot;&quot;,&quot;camera&quot;:&quot;&quot;,&quot;caption&quot;:&quot;&quot;,&quot;created_timestamp&quot;:&quot;0&quot;,&quot;copyright&quot;:&quot;&quot;,&quot;focal_length&quot;:&quot;0&quot;,&quot;iso&quot;:&quot;0&quot;,&quot;shutter_speed&quot;:&quot;0&quot;,&quot;title&quot;:&quot;&quot;}\" data-image-title=\"geysir-2-by-libelul\" data-image-description=\"\" data-image-caption=\"\" data-medium-file=\"https:\/\/libelul.com\/wp-content\/uploads\/2012\/02\/geysir-2-by-libelul-450x320.jpg\" data-large-file=\"https:\/\/libelul.com\/wp-content\/uploads\/2012\/02\/geysir-2-by-libelul.jpg\" class=\"size-full wp-image-12072 aligncenter\" title=\"geysir-2-by-libelul\" src=\"http:\/\/libelul.com\/wp-content\/uploads\/2012\/02\/geysir-2-by-libelul.jpg\" alt=\"\" width=\"540\" height=\"385\" srcset=\"https:\/\/libelul.com\/wp-content\/uploads\/2012\/02\/geysir-2-by-libelul.jpg 540w, https:\/\/libelul.com\/wp-content\/uploads\/2012\/02\/geysir-2-by-libelul-450x320.jpg 450w\" sizes=\"auto, (max-width: 540px) 100vw, 540px\" \/><img loading=\"lazy\" decoding=\"async\" data-attachment-id=\"12073\" data-permalink=\"https:\/\/libelul.com\/?attachment_id=12073\" data-orig-file=\"https:\/\/libelul.com\/wp-content\/uploads\/2012\/02\/geysir-6-by-libelul.jpg\" data-orig-size=\"540,688\" data-comments-opened=\"1\" data-image-meta=\"{&quot;aperture&quot;:&quot;0&quot;,&quot;credit&quot;:&quot;&quot;,&quot;camera&quot;:&quot;&quot;,&quot;caption&quot;:&quot;&quot;,&quot;created_timestamp&quot;:&quot;0&quot;,&quot;copyright&quot;:&quot;&quot;,&quot;focal_length&quot;:&quot;0&quot;,&quot;iso&quot;:&quot;0&quot;,&quot;shutter_speed&quot;:&quot;0&quot;,&quot;title&quot;:&quot;&quot;}\" data-image-title=\"geysir-6-by-libelul\" data-image-description=\"\" data-image-caption=\"\" data-medium-file=\"https:\/\/libelul.com\/wp-content\/uploads\/2012\/02\/geysir-6-by-libelul-450x573.jpg\" data-large-file=\"https:\/\/libelul.com\/wp-content\/uploads\/2012\/02\/geysir-6-by-libelul.jpg\" class=\"alignnone size-full wp-image-12073\" title=\"geysir-6-by-libelul\" src=\"http:\/\/libelul.com\/wp-content\/uploads\/2012\/02\/geysir-6-by-libelul.jpg\" alt=\"\" width=\"540\" height=\"688\" srcset=\"https:\/\/libelul.com\/wp-content\/uploads\/2012\/02\/geysir-6-by-libelul.jpg 540w, https:\/\/libelul.com\/wp-content\/uploads\/2012\/02\/geysir-6-by-libelul-450x573.jpg 450w\" sizes=\"auto, (max-width: 540px) 100vw, 540px\" \/><br \/>\n<img loading=\"lazy\" decoding=\"async\" data-attachment-id=\"12074\" data-permalink=\"https:\/\/libelul.com\/?attachment_id=12074\" data-orig-file=\"https:\/\/libelul.com\/wp-content\/uploads\/2012\/02\/geysir-4-by-libelul.jpg\" data-orig-size=\"540,385\" data-comments-opened=\"1\" data-image-meta=\"{&quot;aperture&quot;:&quot;0&quot;,&quot;credit&quot;:&quot;&quot;,&quot;camera&quot;:&quot;&quot;,&quot;caption&quot;:&quot;&quot;,&quot;created_timestamp&quot;:&quot;0&quot;,&quot;copyright&quot;:&quot;&quot;,&quot;focal_length&quot;:&quot;0&quot;,&quot;iso&quot;:&quot;0&quot;,&quot;shutter_speed&quot;:&quot;0&quot;,&quot;title&quot;:&quot;&quot;}\" data-image-title=\"geysir-4-by-libelul\" data-image-description=\"\" data-image-caption=\"\" data-medium-file=\"https:\/\/libelul.com\/wp-content\/uploads\/2012\/02\/geysir-4-by-libelul-450x320.jpg\" data-large-file=\"https:\/\/libelul.com\/wp-content\/uploads\/2012\/02\/geysir-4-by-libelul.jpg\" class=\"alignnone size-full wp-image-12074\" title=\"geysir-4-by-libelul\" src=\"http:\/\/libelul.com\/wp-content\/uploads\/2012\/02\/geysir-4-by-libelul.jpg\" alt=\"\" width=\"540\" height=\"385\" srcset=\"https:\/\/libelul.com\/wp-content\/uploads\/2012\/02\/geysir-4-by-libelul.jpg 540w, https:\/\/libelul.com\/wp-content\/uploads\/2012\/02\/geysir-4-by-libelul-450x320.jpg 450w\" sizes=\"auto, (max-width: 540px) 100vw, 540px\" \/><br \/>\n<img loading=\"lazy\" decoding=\"async\" data-attachment-id=\"12075\" data-permalink=\"https:\/\/libelul.com\/?attachment_id=12075\" data-orig-file=\"https:\/\/libelul.com\/wp-content\/uploads\/2012\/02\/geysir-5-by-libelul.jpg\" data-orig-size=\"540,385\" data-comments-opened=\"1\" data-image-meta=\"{&quot;aperture&quot;:&quot;0&quot;,&quot;credit&quot;:&quot;&quot;,&quot;camera&quot;:&quot;&quot;,&quot;caption&quot;:&quot;&quot;,&quot;created_timestamp&quot;:&quot;0&quot;,&quot;copyright&quot;:&quot;&quot;,&quot;focal_length&quot;:&quot;0&quot;,&quot;iso&quot;:&quot;0&quot;,&quot;shutter_speed&quot;:&quot;0&quot;,&quot;title&quot;:&quot;&quot;}\" data-image-title=\"geysir-5-by-libelul\" data-image-description=\"\" data-image-caption=\"\" data-medium-file=\"https:\/\/libelul.com\/wp-content\/uploads\/2012\/02\/geysir-5-by-libelul-450x320.jpg\" data-large-file=\"https:\/\/libelul.com\/wp-content\/uploads\/2012\/02\/geysir-5-by-libelul.jpg\" class=\"alignnone size-full wp-image-12075\" title=\"geysir-5-by-libelul\" src=\"http:\/\/libelul.com\/wp-content\/uploads\/2012\/02\/geysir-5-by-libelul.jpg\" alt=\"\" width=\"540\" height=\"385\" srcset=\"https:\/\/libelul.com\/wp-content\/uploads\/2012\/02\/geysir-5-by-libelul.jpg 540w, https:\/\/libelul.com\/wp-content\/uploads\/2012\/02\/geysir-5-by-libelul-450x320.jpg 450w\" sizes=\"auto, (max-width: 540px) 100vw, 540px\" \/><\/p>\n<p style=\"text-align: center;\">Elf Homeland by Libelul<br \/>\n<a href=\"http:\/\/maps.google.com\/maps\/ms?msa=0&amp;msid=209752084044994551940.0004b88fa358b55a4a0e1\" target=\"_blank\">Geysir<\/a> en Islande<\/p>\n<p style=\"text-align: left;\">Et vous aurez certainement du mal \u00e0 me croire,<br \/>\nMais avant de les voir, les l\u00e9gendes Islandaises sur les Elfes,<br \/>\nJe ne les connaissais pas.<\/p>\n<p style=\"text-align: left;\"><strong>Et vous, les elfes et les f\u00e9es Nordiques vous y croyez ou pas ?<\/strong><\/p>\n<p>Et c&rsquo;est la fin de ma premi\u00e8re s\u00e9rie de billets,<br \/>\nIl y en aura d&rsquo;autres je vous le promets,<br \/>\nCar l&rsquo;Islande est une terre magique, mais aussi un lieu de design &lt;3 !<\/p>\n<p><strong>Bon week-end !<\/strong><\/p>\n<p><em>\u00a0(*) La l\u00e9gende Islandaise veut que les elfes et trolls sont les enfants cach\u00e9s d&rsquo;Adam &amp; Eve,<\/em><br \/>\n<em>Mais je soup\u00e7onne aussi que les Islandais continuent \u00e0 les cacher,<\/em><br \/>\n<em>Derri\u00e8re les petits panneaux DANGER \ud83d\ude09<\/em><\/p>\n<p>&nbsp;<\/p>\n","protected":false},"excerpt":{"rendered":"<a href=\"https:\/\/libelul.com\/?p=12063\"><img decoding=\"async\" width=\"270\" src=\"\" class=\"alignleft wp-post-image tfe\" alt=\"\" title=\"\" \/><\/a><p>Moi j&rsquo;ai aper\u00e7u quelques elfes et une f\u00e9e, Vivant dans les mar\u00e9cages pr\u00e8s de Geysir. Au milieu d&rsquo;explosions d&rsquo;eau bleue fumante, Battant la chamade de cette douce M\u00e8re Nature, Il y avait un endroit d\u00e9licat, La maison des enfants cach\u00e9s d&rsquo;Adam et Eve (*), Faite de mousse verte et de terre charg\u00e9e en silice, Sans [&hellip;]<\/p>\n","protected":false},"author":1,"featured_media":0,"comment_status":"open","ping_status":"open","sticky":false,"template":"","format":"standard","meta":{"jetpack_post_was_ever_published":false,"_jetpack_newsletter_access":"","_jetpack_dont_email_post_to_subs":false,"_jetpack_newsletter_tier_id":0,"_jetpack_memberships_contains_paywalled_content":false,"_jetpack_memberships_contains_paid_content":false,"footnotes":"","jetpack_publicize_message":"","jetpack_publicize_feature_enabled":true,"jetpack_social_post_already_shared":false,"jetpack_social_options":{"image_generator_settings":{"template":"highway","default_image_id":0,"font":"","enabled":false},"version":2}},"categories":[224],"tags":[663,660,144,23],"class_list":["post-12063","post","type-post","status-publish","format-standard","hentry","category-de-si-beaux-voyages","tag-fees","tag-islande","tag-magie","tag-voyages"],"jetpack_publicize_connections":[],"jetpack_featured_media_url":"","jetpack_shortlink":"https:\/\/wp.me\/posPp-38z","jetpack_sharing_enabled":true,"jetpack-related-posts":[],"_links":{"self":[{"href":"https:\/\/libelul.com\/index.php?rest_route=\/wp\/v2\/posts\/12063","targetHints":{"allow":["GET"]}}],"collection":[{"href":"https:\/\/libelul.com\/index.php?rest_route=\/wp\/v2\/posts"}],"about":[{"href":"https:\/\/libelul.com\/index.php?rest_route=\/wp\/v2\/types\/post"}],"author":[{"embeddable":true,"href":"https:\/\/libelul.com\/index.php?rest_route=\/wp\/v2\/users\/1"}],"replies":[{"embeddable":true,"href":"https:\/\/libelul.com\/index.php?rest_route=%2Fwp%2Fv2%2Fcomments&post=12063"}],"version-history":[{"count":0,"href":"https:\/\/libelul.com\/index.php?rest_route=\/wp\/v2\/posts\/12063\/revisions"}],"wp:attachment":[{"href":"https:\/\/libelul.com\/index.php?rest_route=%2Fwp%2Fv2%2Fmedia&parent=12063"}],"wp:term":[{"taxonomy":"category","embeddable":true,"href":"https:\/\/libelul.com\/index.php?rest_route=%2Fwp%2Fv2%2Fcategories&post=12063"},{"taxonomy":"post_tag","embeddable":true,"href":"https:\/\/libelul.com\/index.php?rest_route=%2Fwp%2Fv2%2Ftags&post=12063"}],"curies":[{"name":"wp","href":"https:\/\/api.w.org\/{rel}","templated":true}]}}