{"id":12166,"date":"2012-02-15T05:25:00","date_gmt":"2012-02-15T04:25:00","guid":{"rendered":"http:\/\/libelul.com\/?p=12166"},"modified":"2012-02-14T23:28:21","modified_gmt":"2012-02-14T22:28:21","slug":"complications-lettrees","status":"publish","type":"post","link":"https:\/\/libelul.com\/?p=12166","title":{"rendered":"Complications lettr\u00e9es."},"content":{"rendered":"<p>Moi je cherche depuis des jours un nom,<br \/>\nCelui de mon nouveau b\u00e9b\u00e9.<\/p>\n<p>Des nuits que mon cerveau bouillonne d&rsquo;id\u00e9es,<br \/>\nQui, un instant, me s\u00e9duisent,<br \/>\nPuis plus du tout l&rsquo;instant d&rsquo;apr\u00e8s.<\/p>\n<p>Des semaines que je me dis qu&rsquo;il me reste encore le temps,<br \/>\nQue le nom de code peut encore changer,<br \/>\nMais aujourd&rsquo;hui tout le reste est boucl\u00e9.<\/p>\n<p>L&rsquo;administratif, les papiers,<br \/>\nTout ce qui normalement devrait \u00eatre bien plus compliqu\u00e9,<br \/>\nEt il ne reste plus sur ma liste, que ce maudit nom \u00e0 trouver.<\/p>\n<p style=\"text-align: center;\"><img loading=\"lazy\" decoding=\"async\" data-attachment-id=\"12168\" data-permalink=\"https:\/\/libelul.com\/?attachment_id=12168\" data-orig-file=\"https:\/\/libelul.com\/wp-content\/uploads\/2012\/02\/lettres-by-libelul.jpg\" data-orig-size=\"540,385\" data-comments-opened=\"1\" data-image-meta=\"{&quot;aperture&quot;:&quot;0&quot;,&quot;credit&quot;:&quot;&quot;,&quot;camera&quot;:&quot;&quot;,&quot;caption&quot;:&quot;&quot;,&quot;created_timestamp&quot;:&quot;0&quot;,&quot;copyright&quot;:&quot;&quot;,&quot;focal_length&quot;:&quot;0&quot;,&quot;iso&quot;:&quot;0&quot;,&quot;shutter_speed&quot;:&quot;0&quot;,&quot;title&quot;:&quot;&quot;}\" data-image-title=\"lettres-by-libelul\" data-image-description=\"\" data-image-caption=\"\" data-medium-file=\"https:\/\/libelul.com\/wp-content\/uploads\/2012\/02\/lettres-by-libelul-450x320.jpg\" data-large-file=\"https:\/\/libelul.com\/wp-content\/uploads\/2012\/02\/lettres-by-libelul.jpg\" class=\"alignnone size-full wp-image-12168\" title=\"lettres-by-libelul\" src=\"http:\/\/libelul.com\/wp-content\/uploads\/2012\/02\/lettres-by-libelul.jpg\" alt=\"\" width=\"540\" height=\"385\" srcset=\"https:\/\/libelul.com\/wp-content\/uploads\/2012\/02\/lettres-by-libelul.jpg 540w, https:\/\/libelul.com\/wp-content\/uploads\/2012\/02\/lettres-by-libelul-450x320.jpg 450w\" sizes=\"auto, (max-width: 540px) 100vw, 540px\" \/><\/p>\n<p style=\"text-align: center;\">Bakker Made with love @ Maison et Objet Jan. 2012<\/p>\n<p style=\"text-align: left;\">Et si cette obsession du nom parfait,<br \/>\nN&rsquo;\u00e9tait que mes derni\u00e8res peurs de faire ce saut, que j&rsquo;ai pourtant tant souhait\u00e9.<\/p>\n<p style=\"text-align: left;\">Et si j&rsquo;arr\u00eatais enfin de tout compliquer,<br \/>\nLaisser juste mon c\u0153ur d\u00e9cider,<br \/>\nM&rsquo;\u00e9couter.<\/p>\n<p style=\"text-align: left;\"><strong>Et vous, vous pensez que je vais trouver ?<\/strong><br \/>\n<strong>Des id\u00e9es pour m&rsquo;aider \u00e0 d\u00e9cider ?<\/strong><\/p>\n","protected":false},"excerpt":{"rendered":"<a href=\"https:\/\/libelul.com\/?p=12166\"><img decoding=\"async\" width=\"270\" src=\"\" class=\"alignleft wp-post-image tfe\" alt=\"\" title=\"\" \/><\/a><p>Moi je cherche depuis des jours un nom, Celui de mon nouveau b\u00e9b\u00e9. Des nuits que mon cerveau bouillonne d&rsquo;id\u00e9es, Qui, un instant, me s\u00e9duisent, Puis plus du tout l&rsquo;instant d&rsquo;apr\u00e8s. Des semaines que je me dis qu&rsquo;il me reste encore le temps, Que le nom de code peut encore changer, Mais aujourd&rsquo;hui tout le [&hellip;]<\/p>\n","protected":false},"author":1,"featured_media":0,"comment_status":"open","ping_status":"open","sticky":false,"template":"","format":"standard","meta":{"jetpack_post_was_ever_published":false,"_jetpack_newsletter_access":"","_jetpack_dont_email_post_to_subs":false,"_jetpack_newsletter_tier_id":0,"_jetpack_memberships_contains_paywalled_content":false,"_jetpack_memberships_contains_paid_content":false,"footnotes":"","jetpack_publicize_message":"","jetpack_publicize_feature_enabled":true,"jetpack_social_post_already_shared":false,"jetpack_social_options":{"image_generator_settings":{"template":"highway","default_image_id":0,"font":"","enabled":false},"version":2}},"categories":[214],"tags":[394,342,362],"class_list":["post-12166","post","type-post","status-publish","format-standard","hentry","category-les-enfants","tag-decoration","tag-enfant","tag-salon-maison-et-objet"],"jetpack_publicize_connections":[],"jetpack_featured_media_url":"","jetpack_shortlink":"https:\/\/wp.me\/posPp-3ae","jetpack_sharing_enabled":true,"jetpack-related-posts":[],"_links":{"self":[{"href":"https:\/\/libelul.com\/index.php?rest_route=\/wp\/v2\/posts\/12166","targetHints":{"allow":["GET"]}}],"collection":[{"href":"https:\/\/libelul.com\/index.php?rest_route=\/wp\/v2\/posts"}],"about":[{"href":"https:\/\/libelul.com\/index.php?rest_route=\/wp\/v2\/types\/post"}],"author":[{"embeddable":true,"href":"https:\/\/libelul.com\/index.php?rest_route=\/wp\/v2\/users\/1"}],"replies":[{"embeddable":true,"href":"https:\/\/libelul.com\/index.php?rest_route=%2Fwp%2Fv2%2Fcomments&post=12166"}],"version-history":[{"count":0,"href":"https:\/\/libelul.com\/index.php?rest_route=\/wp\/v2\/posts\/12166\/revisions"}],"wp:attachment":[{"href":"https:\/\/libelul.com\/index.php?rest_route=%2Fwp%2Fv2%2Fmedia&parent=12166"}],"wp:term":[{"taxonomy":"category","embeddable":true,"href":"https:\/\/libelul.com\/index.php?rest_route=%2Fwp%2Fv2%2Fcategories&post=12166"},{"taxonomy":"post_tag","embeddable":true,"href":"https:\/\/libelul.com\/index.php?rest_route=%2Fwp%2Fv2%2Ftags&post=12166"}],"curies":[{"name":"wp","href":"https:\/\/api.w.org\/{rel}","templated":true}]}}