{"id":12282,"date":"2012-02-24T05:25:08","date_gmt":"2012-02-24T04:25:08","guid":{"rendered":"http:\/\/libelul.com\/?p=12282"},"modified":"2012-02-24T12:51:44","modified_gmt":"2012-02-24T11:51:44","slug":"mon-week-end","status":"publish","type":"post","link":"https:\/\/libelul.com\/?p=12282","title":{"rendered":"Mon Week-end."},"content":{"rendered":"<p>Moi je suis fatigu\u00e9e.<br \/>\nPeu de repos depuis quelques jours,<br \/>\nEt un autre gros chantier termin\u00e9 (*).<\/p>\n<p>Cette impression que les semaines s\u2019encha\u00eenent,<br \/>\nEt le week-end qui n&rsquo;arrive jamais,<br \/>\nComme si mon bureau \u00e9tait toujours actif,<br \/>\nJamais compl\u00e9tement ferm\u00e9.<\/p>\n<p style=\"text-align: center;\"><img loading=\"lazy\" decoding=\"async\" data-attachment-id=\"12284\" data-permalink=\"https:\/\/libelul.com\/?attachment_id=12284\" data-orig-file=\"https:\/\/libelul.com\/wp-content\/uploads\/2012\/02\/zen-pocket-garden.jpg\" data-orig-size=\"540,385\" data-comments-opened=\"1\" data-image-meta=\"{&quot;aperture&quot;:&quot;0&quot;,&quot;credit&quot;:&quot;&quot;,&quot;camera&quot;:&quot;&quot;,&quot;caption&quot;:&quot;&quot;,&quot;created_timestamp&quot;:&quot;0&quot;,&quot;copyright&quot;:&quot;&quot;,&quot;focal_length&quot;:&quot;0&quot;,&quot;iso&quot;:&quot;0&quot;,&quot;shutter_speed&quot;:&quot;0&quot;,&quot;title&quot;:&quot;&quot;}\" data-image-title=\"zen-pocket-garden\" data-image-description=\"\" data-image-caption=\"\" data-medium-file=\"https:\/\/libelul.com\/wp-content\/uploads\/2012\/02\/zen-pocket-garden-450x320.jpg\" data-large-file=\"https:\/\/libelul.com\/wp-content\/uploads\/2012\/02\/zen-pocket-garden.jpg\" class=\"alignnone size-full wp-image-12284\" title=\"zen-pocket-garden\" src=\"http:\/\/libelul.com\/wp-content\/uploads\/2012\/02\/zen-pocket-garden.jpg\" alt=\"\" width=\"540\" height=\"385\" srcset=\"https:\/\/libelul.com\/wp-content\/uploads\/2012\/02\/zen-pocket-garden.jpg 540w, https:\/\/libelul.com\/wp-content\/uploads\/2012\/02\/zen-pocket-garden-450x320.jpg 450w\" sizes=\"auto, (max-width: 540px) 100vw, 540px\" \/><\/p>\n<p style=\"text-align: center;\">Zen Garden Desktop by <a href=\"http:\/\/www.etsy.com\/listing\/75860909\/desk-organizer-desktop-zen-garden-white\" target=\"_blank\">Karolin Felix Dream<\/a><\/p>\n<p style=\"text-align: left;\">Et je me demande si travailler sur un ordinateur est la meilleure des id\u00e9es,<br \/>\nCar avec tous ses outils, parfaits pour la mobilit\u00e9,<br \/>\nFinalement on n&rsquo;arrive jamais vraiment \u00e0 compl\u00e8tement d\u00e9crocher.<\/p>\n<p style=\"text-align: left;\"><strong>Et vous, comment vous faites ? Vous arrivez \u00e0 d\u00e9brancher ?<\/strong><\/p>\n<p style=\"text-align: left;\"><em>(*) Promis je vous en parle tr\u00e8s vite, plus que quelques semaines \u00e0 patienter.<\/em><\/p>\n","protected":false},"excerpt":{"rendered":"<a href=\"https:\/\/libelul.com\/?p=12282\"><img decoding=\"async\" width=\"270\" src=\"\" class=\"alignleft wp-post-image tfe\" alt=\"\" title=\"\" \/><\/a><p>Moi je suis fatigu\u00e9e. Peu de repos depuis quelques jours, Et un autre gros chantier termin\u00e9 (*). Cette impression que les semaines s\u2019encha\u00eenent, Et le week-end qui n&rsquo;arrive jamais, Comme si mon bureau \u00e9tait toujours actif, Jamais compl\u00e9tement ferm\u00e9. Zen Garden Desktop by Karolin Felix Dream Et je me demande si travailler sur un ordinateur [&hellip;]<\/p>\n","protected":false},"author":1,"featured_media":0,"comment_status":"open","ping_status":"open","sticky":false,"template":"","format":"standard","meta":{"jetpack_post_was_ever_published":false,"_jetpack_newsletter_access":"","_jetpack_dont_email_post_to_subs":false,"_jetpack_newsletter_tier_id":0,"_jetpack_memberships_contains_paywalled_content":false,"_jetpack_memberships_contains_paid_content":false,"footnotes":"","jetpack_publicize_message":"","jetpack_publicize_feature_enabled":true,"jetpack_social_post_already_shared":false,"jetpack_social_options":{"image_generator_settings":{"template":"highway","default_image_id":0,"font":"","enabled":false},"version":2}},"categories":[222],"tags":[124,394,397],"class_list":["post-12282","post","type-post","status-publish","format-standard","hentry","category-le-bureau-et-les-petits-papiers","tag-bureau","tag-decoration","tag-papeterie"],"jetpack_publicize_connections":[],"jetpack_featured_media_url":"","jetpack_shortlink":"https:\/\/wp.me\/posPp-3c6","jetpack_sharing_enabled":true,"jetpack-related-posts":[],"_links":{"self":[{"href":"https:\/\/libelul.com\/index.php?rest_route=\/wp\/v2\/posts\/12282","targetHints":{"allow":["GET"]}}],"collection":[{"href":"https:\/\/libelul.com\/index.php?rest_route=\/wp\/v2\/posts"}],"about":[{"href":"https:\/\/libelul.com\/index.php?rest_route=\/wp\/v2\/types\/post"}],"author":[{"embeddable":true,"href":"https:\/\/libelul.com\/index.php?rest_route=\/wp\/v2\/users\/1"}],"replies":[{"embeddable":true,"href":"https:\/\/libelul.com\/index.php?rest_route=%2Fwp%2Fv2%2Fcomments&post=12282"}],"version-history":[{"count":0,"href":"https:\/\/libelul.com\/index.php?rest_route=\/wp\/v2\/posts\/12282\/revisions"}],"wp:attachment":[{"href":"https:\/\/libelul.com\/index.php?rest_route=%2Fwp%2Fv2%2Fmedia&parent=12282"}],"wp:term":[{"taxonomy":"category","embeddable":true,"href":"https:\/\/libelul.com\/index.php?rest_route=%2Fwp%2Fv2%2Fcategories&post=12282"},{"taxonomy":"post_tag","embeddable":true,"href":"https:\/\/libelul.com\/index.php?rest_route=%2Fwp%2Fv2%2Ftags&post=12282"}],"curies":[{"name":"wp","href":"https:\/\/api.w.org\/{rel}","templated":true}]}}