{"id":13188,"date":"2012-04-18T05:25:27","date_gmt":"2012-04-18T03:25:27","guid":{"rendered":"http:\/\/libelul.com\/?p=13188"},"modified":"2012-04-18T09:12:35","modified_gmt":"2012-04-18T07:12:35","slug":"le-silence-des-fleurs","status":"publish","type":"post","link":"https:\/\/libelul.com\/?p=13188","title":{"rendered":"Le silence des fleurs"},"content":{"rendered":"<p>Moi j&rsquo;aime le silence.<br \/>\nCes moments fait de pure qui\u00e9tude,<br \/>\nO\u00f9 mon esprit vagabonde dans un lieu d\u00e9licat.<\/p>\n<p>Se perdre dans ses pens\u00e9es,<br \/>\nRefaire le monde en regardant se d\u00e9velopper un nuage,<br \/>\nLaisser l&rsquo;impatiente <em>Libelul<\/em> papillonner sans aucun autre but,<br \/>\nQue celui d&rsquo;exprimer sa joie ou l&rsquo;envie de danser.<\/p>\n<p style=\"text-align: center;\"><img loading=\"lazy\" decoding=\"async\" data-attachment-id=\"13189\" data-permalink=\"https:\/\/libelul.com\/?attachment_id=13189\" data-orig-file=\"https:\/\/libelul.com\/wp-content\/uploads\/2012\/04\/studio-choo.jpg\" data-orig-size=\"540,385\" data-comments-opened=\"1\" data-image-meta=\"{&quot;aperture&quot;:&quot;0&quot;,&quot;credit&quot;:&quot;&quot;,&quot;camera&quot;:&quot;&quot;,&quot;caption&quot;:&quot;&quot;,&quot;created_timestamp&quot;:&quot;0&quot;,&quot;copyright&quot;:&quot;&quot;,&quot;focal_length&quot;:&quot;0&quot;,&quot;iso&quot;:&quot;0&quot;,&quot;shutter_speed&quot;:&quot;0&quot;,&quot;title&quot;:&quot;&quot;}\" data-image-title=\"studio-choo\" data-image-description=\"\" data-image-caption=\"\" data-medium-file=\"https:\/\/libelul.com\/wp-content\/uploads\/2012\/04\/studio-choo-450x320.jpg\" data-large-file=\"https:\/\/libelul.com\/wp-content\/uploads\/2012\/04\/studio-choo.jpg\" class=\"alignnone size-full wp-image-13189\" title=\"studio-choo\" src=\"http:\/\/libelul.com\/wp-content\/uploads\/2012\/04\/studio-choo.jpg\" alt=\"\" width=\"540\" height=\"385\" srcset=\"https:\/\/libelul.com\/wp-content\/uploads\/2012\/04\/studio-choo.jpg 540w, https:\/\/libelul.com\/wp-content\/uploads\/2012\/04\/studio-choo-450x320.jpg 450w\" sizes=\"auto, (max-width: 540px) 100vw, 540px\" \/><\/p>\n<p style=\"text-align: center;\">Flower inspiration by <a href=\"http:\/\/www.studiochoo.com\/home\/2012\/3\/15\/new-things-around-the-shop.html\" target=\"_blank\">Studio Choo<\/a><\/p>\n<p style=\"text-align: left;\">J&rsquo;aime ce silence qui me laisse \u00eatre le vrai moi.<br \/>\nCelui que j&rsquo;ai parfois du mal \u00e0 entendre,<br \/>\nTellement il y a de la vie dans ce brouhaha.<\/p>\n<p style=\"text-align: left;\"><strong>Et vous, les moments de calme vous arrivez \u00e0 les trouver dans ces p\u00e9riodes de vacances &#8230; scolaires ?<\/strong><\/p>\n","protected":false},"excerpt":{"rendered":"<a href=\"https:\/\/libelul.com\/?p=13188\"><img decoding=\"async\" width=\"270\" src=\"\" class=\"alignleft wp-post-image tfe\" alt=\"\" title=\"\" \/><\/a><p>Moi j&rsquo;aime le silence. Ces moments fait de pure qui\u00e9tude, O\u00f9 mon esprit vagabonde dans un lieu d\u00e9licat. Se perdre dans ses pens\u00e9es, Refaire le monde en regardant se d\u00e9velopper un nuage, Laisser l&rsquo;impatiente Libelul papillonner sans aucun autre but, Que celui d&rsquo;exprimer sa joie ou l&rsquo;envie de danser. Flower inspiration by Studio Choo J&rsquo;aime [&hellip;]<\/p>\n","protected":false},"author":1,"featured_media":0,"comment_status":"open","ping_status":"open","sticky":false,"template":"","format":"standard","meta":{"jetpack_post_was_ever_published":false,"_jetpack_newsletter_access":"","_jetpack_dont_email_post_to_subs":false,"_jetpack_newsletter_tier_id":0,"_jetpack_memberships_contains_paywalled_content":false,"_jetpack_memberships_contains_paid_content":false,"footnotes":"","jetpack_publicize_message":"","jetpack_publicize_feature_enabled":true,"jetpack_social_post_already_shared":false,"jetpack_social_options":{"image_generator_settings":{"template":"highway","default_image_id":0,"font":"","enabled":false},"version":2}},"categories":[225],"tags":[174,396],"class_list":["post-13188","post","type-post","status-publish","format-standard","hentry","category-le-jardin-et-les-fleurs","tag-fleurs","tag-pensees"],"jetpack_publicize_connections":[],"jetpack_featured_media_url":"","jetpack_shortlink":"https:\/\/wp.me\/posPp-3qI","jetpack_sharing_enabled":true,"jetpack-related-posts":[],"_links":{"self":[{"href":"https:\/\/libelul.com\/index.php?rest_route=\/wp\/v2\/posts\/13188","targetHints":{"allow":["GET"]}}],"collection":[{"href":"https:\/\/libelul.com\/index.php?rest_route=\/wp\/v2\/posts"}],"about":[{"href":"https:\/\/libelul.com\/index.php?rest_route=\/wp\/v2\/types\/post"}],"author":[{"embeddable":true,"href":"https:\/\/libelul.com\/index.php?rest_route=\/wp\/v2\/users\/1"}],"replies":[{"embeddable":true,"href":"https:\/\/libelul.com\/index.php?rest_route=%2Fwp%2Fv2%2Fcomments&post=13188"}],"version-history":[{"count":0,"href":"https:\/\/libelul.com\/index.php?rest_route=\/wp\/v2\/posts\/13188\/revisions"}],"wp:attachment":[{"href":"https:\/\/libelul.com\/index.php?rest_route=%2Fwp%2Fv2%2Fmedia&parent=13188"}],"wp:term":[{"taxonomy":"category","embeddable":true,"href":"https:\/\/libelul.com\/index.php?rest_route=%2Fwp%2Fv2%2Fcategories&post=13188"},{"taxonomy":"post_tag","embeddable":true,"href":"https:\/\/libelul.com\/index.php?rest_route=%2Fwp%2Fv2%2Ftags&post=13188"}],"curies":[{"name":"wp","href":"https:\/\/api.w.org\/{rel}","templated":true}]}}