{"id":13795,"date":"2012-06-05T05:25:13","date_gmt":"2012-06-05T03:25:13","guid":{"rendered":"http:\/\/libelul.com\/?p=13795"},"modified":"2012-06-05T00:13:36","modified_gmt":"2012-06-04T22:13:36","slug":"lumineux-jaunes","status":"publish","type":"post","link":"https:\/\/libelul.com\/?p=13795","title":{"rendered":"Lumineux Jaunes"},"content":{"rendered":"<p>Moi j&rsquo;aime l&rsquo;id\u00e9e du jaune.<br \/>\nLa premi\u00e8re couleur de l&rsquo;arc-en-ciel.<\/p>\n<p>Celle qui apporte tant de lumi\u00e8re,<br \/>\nCelle qui par le m\u00e9lange cr\u00e9e l&rsquo;orange et le vert.<\/p>\n<p>Une couleur qu&rsquo;elle soit claire ou fonc\u00e9e,<br \/>\nApporte toujours une immense gaiet\u00e9,<br \/>\nComme celle des premiers rayons de soleil en \u00e9t\u00e9.<\/p>\n<p style=\"text-align: center;\"><img loading=\"lazy\" decoding=\"async\" data-attachment-id=\"13796\" data-permalink=\"https:\/\/libelul.com\/?attachment_id=13796\" data-orig-file=\"https:\/\/libelul.com\/wp-content\/uploads\/2012\/06\/sunshine-living.jpg\" data-orig-size=\"540,670\" data-comments-opened=\"1\" data-image-meta=\"{&quot;aperture&quot;:&quot;0&quot;,&quot;credit&quot;:&quot;&quot;,&quot;camera&quot;:&quot;&quot;,&quot;caption&quot;:&quot;&quot;,&quot;created_timestamp&quot;:&quot;0&quot;,&quot;copyright&quot;:&quot;&quot;,&quot;focal_length&quot;:&quot;0&quot;,&quot;iso&quot;:&quot;0&quot;,&quot;shutter_speed&quot;:&quot;0&quot;,&quot;title&quot;:&quot;&quot;}\" data-image-title=\"sunshine-living\" data-image-description=\"\" data-image-caption=\"\" data-medium-file=\"https:\/\/libelul.com\/wp-content\/uploads\/2012\/06\/sunshine-living-450x558.jpg\" data-large-file=\"https:\/\/libelul.com\/wp-content\/uploads\/2012\/06\/sunshine-living.jpg\" class=\"alignnone size-full wp-image-13796\" title=\"sunshine-living\" src=\"http:\/\/libelul.com\/wp-content\/uploads\/2012\/06\/sunshine-living.jpg\" alt=\"\" width=\"540\" height=\"670\" srcset=\"https:\/\/libelul.com\/wp-content\/uploads\/2012\/06\/sunshine-living.jpg 540w, https:\/\/libelul.com\/wp-content\/uploads\/2012\/06\/sunshine-living-450x558.jpg 450w\" sizes=\"auto, (max-width: 540px) 100vw, 540px\" \/><\/p>\n<p style=\"text-align: center;\">Home inspiration by <a href=\"http:\/\/www.casadopapeldeparede.com.br\/\" target=\"_blank\">Casa do Papel de Parede<\/a><\/p>\n<p style=\"text-align: left;\">Un jaune qui trouve toujours une place,<br \/>\nPour que m\u00eame les coins un peu sombres puissent \u00eatre \u00e9clair\u00e9s.<\/p>\n<p style=\"text-align: left;\"><strong>Et vous, le jaune dans votre maison vous l&rsquo;avez adopt\u00e9 ?<\/strong><\/p>\n","protected":false},"excerpt":{"rendered":"<a href=\"https:\/\/libelul.com\/?p=13795\"><img decoding=\"async\" width=\"270\" src=\"\" class=\"alignleft wp-post-image tfe\" alt=\"\" title=\"\" \/><\/a><p>Moi j&rsquo;aime l&rsquo;id\u00e9e du jaune. La premi\u00e8re couleur de l&rsquo;arc-en-ciel. Celle qui apporte tant de lumi\u00e8re, Celle qui par le m\u00e9lange cr\u00e9e l&rsquo;orange et le vert. Une couleur qu&rsquo;elle soit claire ou fonc\u00e9e, Apporte toujours une immense gaiet\u00e9, Comme celle des premiers rayons de soleil en \u00e9t\u00e9. Home inspiration by Casa do Papel de Parede [&hellip;]<\/p>\n","protected":false},"author":1,"featured_media":0,"comment_status":"open","ping_status":"open","sticky":false,"template":"","format":"standard","meta":{"jetpack_post_was_ever_published":false,"_jetpack_newsletter_access":"","_jetpack_dont_email_post_to_subs":false,"_jetpack_newsletter_tier_id":0,"_jetpack_memberships_contains_paywalled_content":false,"_jetpack_memberships_contains_paid_content":false,"footnotes":"","jetpack_publicize_message":"","jetpack_publicize_feature_enabled":true,"jetpack_social_post_already_shared":false,"jetpack_social_options":{"image_generator_settings":{"template":"highway","default_image_id":0,"font":"","enabled":false},"version":2}},"categories":[217],"tags":[394,276],"class_list":["post-13795","post","type-post","status-publish","format-standard","hentry","category-la-maison","tag-decoration","tag-maison"],"jetpack_publicize_connections":[],"jetpack_featured_media_url":"","jetpack_shortlink":"https:\/\/wp.me\/posPp-3Av","jetpack_sharing_enabled":true,"jetpack-related-posts":[],"_links":{"self":[{"href":"https:\/\/libelul.com\/index.php?rest_route=\/wp\/v2\/posts\/13795","targetHints":{"allow":["GET"]}}],"collection":[{"href":"https:\/\/libelul.com\/index.php?rest_route=\/wp\/v2\/posts"}],"about":[{"href":"https:\/\/libelul.com\/index.php?rest_route=\/wp\/v2\/types\/post"}],"author":[{"embeddable":true,"href":"https:\/\/libelul.com\/index.php?rest_route=\/wp\/v2\/users\/1"}],"replies":[{"embeddable":true,"href":"https:\/\/libelul.com\/index.php?rest_route=%2Fwp%2Fv2%2Fcomments&post=13795"}],"version-history":[{"count":4,"href":"https:\/\/libelul.com\/index.php?rest_route=\/wp\/v2\/posts\/13795\/revisions"}],"predecessor-version":[{"id":13800,"href":"https:\/\/libelul.com\/index.php?rest_route=\/wp\/v2\/posts\/13795\/revisions\/13800"}],"wp:attachment":[{"href":"https:\/\/libelul.com\/index.php?rest_route=%2Fwp%2Fv2%2Fmedia&parent=13795"}],"wp:term":[{"taxonomy":"category","embeddable":true,"href":"https:\/\/libelul.com\/index.php?rest_route=%2Fwp%2Fv2%2Fcategories&post=13795"},{"taxonomy":"post_tag","embeddable":true,"href":"https:\/\/libelul.com\/index.php?rest_route=%2Fwp%2Fv2%2Ftags&post=13795"}],"curies":[{"name":"wp","href":"https:\/\/api.w.org\/{rel}","templated":true}]}}