{"id":14930,"date":"2012-10-04T05:30:20","date_gmt":"2012-10-04T03:30:20","guid":{"rendered":"http:\/\/libelul.com\/?p=14930"},"modified":"2012-10-03T11:51:32","modified_gmt":"2012-10-03T09:51:32","slug":"les-graines-detoiles","status":"publish","type":"post","link":"https:\/\/libelul.com\/?p=14930","title":{"rendered":"Les graines d&rsquo;\u00e9toiles"},"content":{"rendered":"<p>Moi je me souviens d&rsquo;un concours de dessin que j&rsquo;avais gagn\u00e9,<br \/>\nC&rsquo;\u00e9tait il y a bien longtemps maintenant, en Argentine,<br \/>\nLe sujet \u00e9tait de dessiner le futur.<\/p>\n<p>J&rsquo;avais dessin\u00e9, un avion h\u00f4tel,<br \/>\nAvec piscine, gymnase, r\u00e9cr\u00e9,<br \/>\nAvec le recul que je crois que c&rsquo;est juste mon monde que j&rsquo;avais dessin\u00e9.<\/p>\n<p>Un monde mouvant, puisque je n&rsquo;arr\u00eatais pas de voyager,<br \/>\nUn monde o\u00f9 mes amis, et ce que j&rsquo;aimais pourrait m&rsquo;accompagner.<\/p>\n<p>J&rsquo;aime les concours de dessin pour cela,<br \/>\nCar ils cristallisent l&rsquo;imaginaire de l&rsquo;enfant,<br \/>\nInconsciemment, l&rsquo;enfant y met ses r\u00eaves secrets,<br \/>\nUne fois adulte il pourra les d\u00e9coder.<\/p>\n<p style=\"text-align: center;\"><img loading=\"lazy\" decoding=\"async\" data-attachment-id=\"14932\" data-permalink=\"https:\/\/libelul.com\/?attachment_id=14932\" data-orig-file=\"https:\/\/libelul.com\/wp-content\/uploads\/2012\/10\/allemagne.jpg\" data-orig-size=\"591,514\" data-comments-opened=\"1\" data-image-meta=\"{&quot;aperture&quot;:&quot;0&quot;,&quot;credit&quot;:&quot;&quot;,&quot;camera&quot;:&quot;&quot;,&quot;caption&quot;:&quot;&quot;,&quot;created_timestamp&quot;:&quot;0&quot;,&quot;copyright&quot;:&quot;&quot;,&quot;focal_length&quot;:&quot;0&quot;,&quot;iso&quot;:&quot;0&quot;,&quot;shutter_speed&quot;:&quot;0&quot;,&quot;title&quot;:&quot;&quot;}\" data-image-title=\"allemagne\" data-image-description=\"\" data-image-caption=\"\" data-medium-file=\"https:\/\/libelul.com\/wp-content\/uploads\/2012\/10\/allemagne-450x391.jpg\" data-large-file=\"https:\/\/libelul.com\/wp-content\/uploads\/2012\/10\/allemagne-540x469.jpg\" class=\"alignnone size-large wp-image-14932\" title=\"allemagne\" src=\"http:\/\/libelul.com\/wp-content\/uploads\/2012\/10\/allemagne-540x469.jpg\" alt=\"\" width=\"540\" height=\"469\" srcset=\"https:\/\/libelul.com\/wp-content\/uploads\/2012\/10\/allemagne-540x469.jpg 540w, https:\/\/libelul.com\/wp-content\/uploads\/2012\/10\/allemagne-450x391.jpg 450w, https:\/\/libelul.com\/wp-content\/uploads\/2012\/10\/allemagne.jpg 591w\" sizes=\"auto, (max-width: 540px) 100vw, 540px\" \/><br \/>\n<img loading=\"lazy\" decoding=\"async\" data-attachment-id=\"14936\" data-permalink=\"https:\/\/libelul.com\/?attachment_id=14936\" data-orig-file=\"https:\/\/libelul.com\/wp-content\/uploads\/2012\/10\/photos2-vertbaudet.jpg\" data-orig-size=\"540,385\" data-comments-opened=\"1\" data-image-meta=\"{&quot;aperture&quot;:&quot;0&quot;,&quot;credit&quot;:&quot;&quot;,&quot;camera&quot;:&quot;&quot;,&quot;caption&quot;:&quot;&quot;,&quot;created_timestamp&quot;:&quot;0&quot;,&quot;copyright&quot;:&quot;&quot;,&quot;focal_length&quot;:&quot;0&quot;,&quot;iso&quot;:&quot;0&quot;,&quot;shutter_speed&quot;:&quot;0&quot;,&quot;title&quot;:&quot;&quot;}\" data-image-title=\"photos2-vertbaudet\" data-image-description=\"\" data-image-caption=\"\" data-medium-file=\"https:\/\/libelul.com\/wp-content\/uploads\/2012\/10\/photos2-vertbaudet-450x320.jpg\" data-large-file=\"https:\/\/libelul.com\/wp-content\/uploads\/2012\/10\/photos2-vertbaudet.jpg\" class=\"alignnone size-full wp-image-14936\" title=\"photos2-vertbaudet\" src=\"http:\/\/libelul.com\/wp-content\/uploads\/2012\/10\/photos2-vertbaudet.jpg\" alt=\"\" width=\"540\" height=\"385\" srcset=\"https:\/\/libelul.com\/wp-content\/uploads\/2012\/10\/photos2-vertbaudet.jpg 540w, https:\/\/libelul.com\/wp-content\/uploads\/2012\/10\/photos2-vertbaudet-450x320.jpg 450w\" sizes=\"auto, (max-width: 540px) 100vw, 540px\" \/><\/p>\n<p style=\"text-align: center;\">Du r\u00eave \u00e0 la r\u00e9alit\u00e9 pour mon coup de c\u0153ur by Maximilian<br \/>\nGraines de Stylistes &#8211; <a href=\"http:\/\/www.vertbaudet.fr\/cartable-chat-chat.htm?ProductId=703133113_VP3008128876&amp;FiltreCouleur=0004&amp;CodBouw=3008128876&amp;t=2\" target=\"_blank\">Vertbaudet<\/a><\/p>\n<p style=\"text-align: left;\">J&rsquo;aime encore plus le concours <em>Vertbaudet<\/em> pour cela,<br \/>\nCar l\u00e0 o\u00f9 mon dessin a \u00e9t\u00e9 simplement encadr\u00e9,<br \/>\nLes petits laur\u00e9ats du concours voient leur dessin se transformer en objet.<\/p>\n<p style=\"text-align: left;\">Un joli cartable qu&rsquo;ils auront <em>design\u00e9<\/em>,<br \/>\nLa preuve qu&rsquo;avec de la volont\u00e9 les r\u00eaves peuvent se r\u00e9aliser.<\/p>\n<p style=\"text-align: left;\">Je voudrais donc f\u00e9liciter les Graines de Stylistes 2012,<br \/>\nEt j&rsquo;attends avec impatience l&rsquo;ann\u00e9e prochaine,<br \/>\nPour voir ce que l&rsquo;imaginaire de James ira nous inventer.<\/p>\n<p style=\"text-align: left;\"><strong>Et vous, avez-vous d\u00e9j\u00e0 particip\u00e9 \u00e0 des concours de dessin ?<\/strong><\/p>\n<p><script type=\"text\/javascript\">\/\/ <![CDATA[\nbpxt_ig=\"ligne01_02.gif\";bpxt_ib=18834;bpxt_ic = \"744\";\n\/\/ ]]><\/script><script type=\"text\/javascript\" src=\"http:\/\/stats.buzzparadise.com\/MarkerBlg\/fb716d66-60b5-4dd9-b5be-c4da0631f72b\/18834\/BpJsUser.js\"><\/script><\/p>\n","protected":false},"excerpt":{"rendered":"<a href=\"https:\/\/libelul.com\/?p=14930\"><img decoding=\"async\" width=\"270\" src=\"\" class=\"alignleft wp-post-image tfe\" alt=\"\" title=\"\" \/><\/a><p>Moi je me souviens d&rsquo;un concours de dessin que j&rsquo;avais gagn\u00e9, C&rsquo;\u00e9tait il y a bien longtemps maintenant, en Argentine, Le sujet \u00e9tait de dessiner le futur. J&rsquo;avais dessin\u00e9, un avion h\u00f4tel, Avec piscine, gymnase, r\u00e9cr\u00e9, Avec le recul que je crois que c&rsquo;est juste mon monde que j&rsquo;avais dessin\u00e9. Un monde mouvant, puisque je [&hellip;]<\/p>\n","protected":false},"author":1,"featured_media":0,"comment_status":"open","ping_status":"open","sticky":false,"template":"","format":"standard","meta":{"jetpack_post_was_ever_published":false,"_jetpack_newsletter_access":"","_jetpack_dont_email_post_to_subs":false,"_jetpack_newsletter_tier_id":0,"_jetpack_memberships_contains_paywalled_content":false,"_jetpack_memberships_contains_paid_content":false,"footnotes":"","jetpack_publicize_message":"","jetpack_publicize_feature_enabled":true,"jetpack_social_post_already_shared":false,"jetpack_social_options":{"image_generator_settings":{"template":"highway","default_image_id":0,"font":"","enabled":false},"version":2}},"categories":[214],"tags":[342,329,378],"class_list":["post-14930","post","type-post","status-publish","format-standard","hentry","category-les-enfants","tag-enfant","tag-sponsorise","tag-vertbaudet"],"jetpack_publicize_connections":[],"jetpack_featured_media_url":"","jetpack_shortlink":"https:\/\/wp.me\/posPp-3SO","jetpack_sharing_enabled":true,"jetpack-related-posts":[],"_links":{"self":[{"href":"https:\/\/libelul.com\/index.php?rest_route=\/wp\/v2\/posts\/14930","targetHints":{"allow":["GET"]}}],"collection":[{"href":"https:\/\/libelul.com\/index.php?rest_route=\/wp\/v2\/posts"}],"about":[{"href":"https:\/\/libelul.com\/index.php?rest_route=\/wp\/v2\/types\/post"}],"author":[{"embeddable":true,"href":"https:\/\/libelul.com\/index.php?rest_route=\/wp\/v2\/users\/1"}],"replies":[{"embeddable":true,"href":"https:\/\/libelul.com\/index.php?rest_route=%2Fwp%2Fv2%2Fcomments&post=14930"}],"version-history":[{"count":6,"href":"https:\/\/libelul.com\/index.php?rest_route=\/wp\/v2\/posts\/14930\/revisions"}],"predecessor-version":[{"id":14939,"href":"https:\/\/libelul.com\/index.php?rest_route=\/wp\/v2\/posts\/14930\/revisions\/14939"}],"wp:attachment":[{"href":"https:\/\/libelul.com\/index.php?rest_route=%2Fwp%2Fv2%2Fmedia&parent=14930"}],"wp:term":[{"taxonomy":"category","embeddable":true,"href":"https:\/\/libelul.com\/index.php?rest_route=%2Fwp%2Fv2%2Fcategories&post=14930"},{"taxonomy":"post_tag","embeddable":true,"href":"https:\/\/libelul.com\/index.php?rest_route=%2Fwp%2Fv2%2Ftags&post=14930"}],"curies":[{"name":"wp","href":"https:\/\/api.w.org\/{rel}","templated":true}]}}