{"id":15725,"date":"2012-12-12T05:30:26","date_gmt":"2012-12-12T04:30:26","guid":{"rendered":"http:\/\/libelul.com\/?p=15725"},"modified":"2012-12-12T00:53:27","modified_gmt":"2012-12-11T23:53:27","slug":"le-jardin-fleuri-de-maya","status":"publish","type":"post","link":"https:\/\/libelul.com\/?p=15725","title":{"rendered":"Le jardin fleuri de Maya"},"content":{"rendered":"<p>Moi j&rsquo;adorais Maya,<br \/>\nEt vous en conviendrez forc\u00e9ment la plus belles des abeilles.<\/p>\n<p>J&rsquo;avais essay\u00e9 de faire d\u00e9couvrir \u00e0 James,<br \/>\nLe dessin anim\u00e9 mythique de mon enfance,<br \/>\nMalheureusement son allure vintage n&rsquo;a pu rivaliser,<br \/>\nAvec les animations actuelles souvent en 3D.<\/p>\n<p>Mais heureusement depuis Maya a \u00e9t\u00e9 modernis\u00e9e,<br \/>\nEt m\u00eame si les dessins ont \u00e9t\u00e9 actualis\u00e9s,<br \/>\nL&rsquo;esprit paisible et chantant est rest\u00e9 le m\u00eame.<\/p>\n<p style=\"text-align: center;\"><img loading=\"lazy\" decoding=\"async\" data-attachment-id=\"15733\" data-permalink=\"https:\/\/libelul.com\/?attachment_id=15733\" data-orig-file=\"https:\/\/libelul.com\/wp-content\/uploads\/2012\/12\/maya-by-libelul.jpg\" data-orig-size=\"540,385\" data-comments-opened=\"1\" data-image-meta=\"{&quot;aperture&quot;:&quot;0&quot;,&quot;credit&quot;:&quot;&quot;,&quot;camera&quot;:&quot;&quot;,&quot;caption&quot;:&quot;&quot;,&quot;created_timestamp&quot;:&quot;0&quot;,&quot;copyright&quot;:&quot;&quot;,&quot;focal_length&quot;:&quot;0&quot;,&quot;iso&quot;:&quot;0&quot;,&quot;shutter_speed&quot;:&quot;0&quot;,&quot;title&quot;:&quot;&quot;}\" data-image-title=\"maya-by-libelul\" data-image-description=\"\" data-image-caption=\"\" data-medium-file=\"https:\/\/libelul.com\/wp-content\/uploads\/2012\/12\/maya-by-libelul-450x320.jpg\" data-large-file=\"https:\/\/libelul.com\/wp-content\/uploads\/2012\/12\/maya-by-libelul.jpg\" class=\"alignnone size-full wp-image-15733\" title=\"maya-by-libelul\" src=\"http:\/\/libelul.com\/wp-content\/uploads\/2012\/12\/maya-by-libelul.jpg\" alt=\"\" width=\"540\" height=\"385\" srcset=\"https:\/\/libelul.com\/wp-content\/uploads\/2012\/12\/maya-by-libelul.jpg 540w, https:\/\/libelul.com\/wp-content\/uploads\/2012\/12\/maya-by-libelul-450x320.jpg 450w\" sizes=\"auto, (max-width: 540px) 100vw, 540px\" \/><br \/>\n<img loading=\"lazy\" decoding=\"async\" data-attachment-id=\"15736\" data-permalink=\"https:\/\/libelul.com\/?attachment_id=15736\" data-orig-file=\"https:\/\/libelul.com\/wp-content\/uploads\/2012\/12\/maya-02-by-libelul1.jpg\" data-orig-size=\"540,385\" data-comments-opened=\"1\" data-image-meta=\"{&quot;aperture&quot;:&quot;0&quot;,&quot;credit&quot;:&quot;&quot;,&quot;camera&quot;:&quot;&quot;,&quot;caption&quot;:&quot;&quot;,&quot;created_timestamp&quot;:&quot;0&quot;,&quot;copyright&quot;:&quot;&quot;,&quot;focal_length&quot;:&quot;0&quot;,&quot;iso&quot;:&quot;0&quot;,&quot;shutter_speed&quot;:&quot;0&quot;,&quot;title&quot;:&quot;&quot;}\" data-image-title=\"maya-02-by-libelul\" data-image-description=\"\" data-image-caption=\"\" data-medium-file=\"https:\/\/libelul.com\/wp-content\/uploads\/2012\/12\/maya-02-by-libelul1-450x320.jpg\" data-large-file=\"https:\/\/libelul.com\/wp-content\/uploads\/2012\/12\/maya-02-by-libelul1.jpg\" class=\"alignnone size-full wp-image-15736\" title=\"maya-02-by-libelul\" src=\"http:\/\/libelul.com\/wp-content\/uploads\/2012\/12\/maya-02-by-libelul1.jpg\" alt=\"\" width=\"540\" height=\"385\" srcset=\"https:\/\/libelul.com\/wp-content\/uploads\/2012\/12\/maya-02-by-libelul1.jpg 540w, https:\/\/libelul.com\/wp-content\/uploads\/2012\/12\/maya-02-by-libelul1-450x320.jpg 450w\" sizes=\"auto, (max-width: 540px) 100vw, 540px\" \/><br \/>\n<img loading=\"lazy\" decoding=\"async\" data-attachment-id=\"15735\" data-permalink=\"https:\/\/libelul.com\/?attachment_id=15735\" data-orig-file=\"https:\/\/libelul.com\/wp-content\/uploads\/2012\/12\/maya-02-by-libelul.jpg\" data-orig-size=\"540,385\" data-comments-opened=\"1\" data-image-meta=\"{&quot;aperture&quot;:&quot;0&quot;,&quot;credit&quot;:&quot;&quot;,&quot;camera&quot;:&quot;&quot;,&quot;caption&quot;:&quot;&quot;,&quot;created_timestamp&quot;:&quot;0&quot;,&quot;copyright&quot;:&quot;&quot;,&quot;focal_length&quot;:&quot;0&quot;,&quot;iso&quot;:&quot;0&quot;,&quot;shutter_speed&quot;:&quot;0&quot;,&quot;title&quot;:&quot;&quot;}\" data-image-title=\"maya-02-by-libelul\" data-image-description=\"\" data-image-caption=\"\" data-medium-file=\"https:\/\/libelul.com\/wp-content\/uploads\/2012\/12\/maya-02-by-libelul-450x320.jpg\" data-large-file=\"https:\/\/libelul.com\/wp-content\/uploads\/2012\/12\/maya-02-by-libelul.jpg\" class=\"alignnone size-full wp-image-15735\" title=\"maya-02-by-libelul\" src=\"http:\/\/libelul.com\/wp-content\/uploads\/2012\/12\/maya-02-by-libelul.jpg\" alt=\"\" width=\"540\" height=\"385\" srcset=\"https:\/\/libelul.com\/wp-content\/uploads\/2012\/12\/maya-02-by-libelul.jpg 540w, https:\/\/libelul.com\/wp-content\/uploads\/2012\/12\/maya-02-by-libelul-450x320.jpg 450w\" sizes=\"auto, (max-width: 540px) 100vw, 540px\" \/><\/p>\n<p style=\"text-align: center;\">Jouets et Cahier d&rsquo;activit\u00e9 pour la s\u00e9rie <a href=\"http:\/\/clic2.it\/891c3b\" target=\"_blank\">Maya l&rsquo;Abeille<\/a> sur TFOU<\/p>\n<p><iframe loading=\"lazy\" src=\"http:\/\/www.youtube.com\/embed\/Y0rVly7heI0\" frameborder=\"0\" width=\"540\" height=\"304\"><\/iframe><\/p>\n<p>\u00c0 l&rsquo;occasion du lancement de la s\u00e9rie ils ont sorti,<br \/>\nUne farandole de jouets et cahier d&rsquo;activit\u00e9s.<br \/>\nEt si j&rsquo;ai laiss\u00e9 le puzzle et le tableau magn\u00e9tique,<br \/>\nPour le no\u00ebl de James &#8230;<\/p>\n<p>En souvenir de ma propre enfance j&rsquo;ai gard\u00e9,<br \/>\nLa figurine et LE headband dont j&rsquo;ai tant de fois r\u00eav\u00e9.<\/p>\n<p>Alors rendez-vous tous les mercredis matin d\u00e8s 7h30 sur TFOU,<br \/>\nEt pour les digital kids moins l\u00e8ve-t\u00f4t que James,<br \/>\nRendez-vous sur le site <a href=\"http:\/\/clic2.it\/891c3b \" target=\"_blank\">Maya l&rsquo;abeille<\/a> pour retrouver nos histoires pr\u00e9f\u00e9r\u00e9es.<\/p>\n<p><strong>Et vous, \u00e9tiez-vous fan de Maya l&rsquo;Abeille ?<\/strong><\/p>\n<p><script id=\"bp-disclaimer\" type=\"text\/javascript\" src=\"http:\/\/api.buzzparadise.com\/scripts\/disclaimer\/bp-disclaimer.js?disclaimer=ligne01_02.gif&#038;blog=18834&#038;campaign=1812\"><\/script><\/p>\n","protected":false},"excerpt":{"rendered":"<a href=\"https:\/\/libelul.com\/?p=15725\"><img decoding=\"async\" width=\"270\" src=\"\" class=\"alignleft wp-post-image tfe\" alt=\"\" title=\"\" \/><\/a><p>Moi j&rsquo;adorais Maya, Et vous en conviendrez forc\u00e9ment la plus belles des abeilles. J&rsquo;avais essay\u00e9 de faire d\u00e9couvrir \u00e0 James, Le dessin anim\u00e9 mythique de mon enfance, Malheureusement son allure vintage n&rsquo;a pu rivaliser, Avec les animations actuelles souvent en 3D. Mais heureusement depuis Maya a \u00e9t\u00e9 modernis\u00e9e, Et m\u00eame si les dessins ont \u00e9t\u00e9 [&hellip;]<\/p>\n","protected":false},"author":1,"featured_media":0,"comment_status":"open","ping_status":"open","sticky":false,"template":"","format":"standard","meta":{"jetpack_post_was_ever_published":false,"_jetpack_newsletter_access":"","_jetpack_dont_email_post_to_subs":false,"_jetpack_newsletter_tier_id":0,"_jetpack_memberships_contains_paywalled_content":false,"_jetpack_memberships_contains_paid_content":false,"footnotes":"","jetpack_publicize_message":"","jetpack_publicize_feature_enabled":true,"jetpack_social_post_already_shared":false,"jetpack_social_options":{"image_generator_settings":{"template":"highway","default_image_id":0,"font":"","enabled":false},"version":2}},"categories":[214],"tags":[726,748,329,9],"class_list":["post-15725","post","type-post","status-publish","format-standard","hentry","category-les-enfants","tag-enfants","tag-maya-labeille","tag-sponsorise","tag-vintage"],"jetpack_publicize_connections":[],"jetpack_featured_media_url":"","jetpack_shortlink":"https:\/\/wp.me\/posPp-45D","jetpack_sharing_enabled":true,"jetpack-related-posts":[],"_links":{"self":[{"href":"https:\/\/libelul.com\/index.php?rest_route=\/wp\/v2\/posts\/15725","targetHints":{"allow":["GET"]}}],"collection":[{"href":"https:\/\/libelul.com\/index.php?rest_route=\/wp\/v2\/posts"}],"about":[{"href":"https:\/\/libelul.com\/index.php?rest_route=\/wp\/v2\/types\/post"}],"author":[{"embeddable":true,"href":"https:\/\/libelul.com\/index.php?rest_route=\/wp\/v2\/users\/1"}],"replies":[{"embeddable":true,"href":"https:\/\/libelul.com\/index.php?rest_route=%2Fwp%2Fv2%2Fcomments&post=15725"}],"version-history":[{"count":6,"href":"https:\/\/libelul.com\/index.php?rest_route=\/wp\/v2\/posts\/15725\/revisions"}],"predecessor-version":[{"id":15741,"href":"https:\/\/libelul.com\/index.php?rest_route=\/wp\/v2\/posts\/15725\/revisions\/15741"}],"wp:attachment":[{"href":"https:\/\/libelul.com\/index.php?rest_route=%2Fwp%2Fv2%2Fmedia&parent=15725"}],"wp:term":[{"taxonomy":"category","embeddable":true,"href":"https:\/\/libelul.com\/index.php?rest_route=%2Fwp%2Fv2%2Fcategories&post=15725"},{"taxonomy":"post_tag","embeddable":true,"href":"https:\/\/libelul.com\/index.php?rest_route=%2Fwp%2Fv2%2Ftags&post=15725"}],"curies":[{"name":"wp","href":"https:\/\/api.w.org\/{rel}","templated":true}]}}