{"id":16060,"date":"2013-01-22T05:30:04","date_gmt":"2013-01-22T04:30:04","guid":{"rendered":"http:\/\/libelul.com\/?p=16060"},"modified":"2013-01-22T05:30:55","modified_gmt":"2013-01-22T04:30:55","slug":"lhiver-a-paris","status":"publish","type":"post","link":"https:\/\/libelul.com\/?p=16060","title":{"rendered":"L&rsquo;hiver \u00e0 Paris"},"content":{"rendered":"<p>Moi, petite j&rsquo;aimais quand il neigeait,<br \/>\nPour ne pas aller \u00e0 l&rsquo;\u00e9cole.<\/p>\n<p>Le souvenir des routes enneig\u00e9es,<br \/>\nLes batailles, les rires, ces instants vol\u00e9s.<\/p>\n<p>Il n&rsquo;y en a pas eu beaucoup dans mon enfance,<br \/>\nMais assez pour que cela reste grav\u00e9.<\/p>\n<p style=\"text-align: center\"><img loading=\"lazy\" decoding=\"async\" data-attachment-id=\"16061\" data-permalink=\"https:\/\/libelul.com\/?attachment_id=16061\" data-orig-file=\"https:\/\/libelul.com\/wp-content\/uploads\/2013\/01\/neige-paris-01-by-libelul.jpg\" data-orig-size=\"540,385\" data-comments-opened=\"1\" data-image-meta=\"{&quot;aperture&quot;:&quot;0&quot;,&quot;credit&quot;:&quot;&quot;,&quot;camera&quot;:&quot;&quot;,&quot;caption&quot;:&quot;&quot;,&quot;created_timestamp&quot;:&quot;0&quot;,&quot;copyright&quot;:&quot;&quot;,&quot;focal_length&quot;:&quot;0&quot;,&quot;iso&quot;:&quot;0&quot;,&quot;shutter_speed&quot;:&quot;0&quot;,&quot;title&quot;:&quot;&quot;}\" data-image-title=\"neige-paris-01-by-libelul\" data-image-description=\"\" data-image-caption=\"\" data-medium-file=\"https:\/\/libelul.com\/wp-content\/uploads\/2013\/01\/neige-paris-01-by-libelul-450x320.jpg\" data-large-file=\"https:\/\/libelul.com\/wp-content\/uploads\/2013\/01\/neige-paris-01-by-libelul.jpg\" class=\"alignnone size-full wp-image-16061\" alt=\"neige-paris-01-by-libelul\" src=\"http:\/\/libelul.com\/wp-content\/uploads\/2013\/01\/neige-paris-01-by-libelul.jpg\" width=\"540\" height=\"385\" srcset=\"https:\/\/libelul.com\/wp-content\/uploads\/2013\/01\/neige-paris-01-by-libelul.jpg 540w, https:\/\/libelul.com\/wp-content\/uploads\/2013\/01\/neige-paris-01-by-libelul-450x320.jpg 450w\" sizes=\"auto, (max-width: 540px) 100vw, 540px\" \/><br \/>\n<img loading=\"lazy\" decoding=\"async\" data-attachment-id=\"16062\" data-permalink=\"https:\/\/libelul.com\/?attachment_id=16062\" data-orig-file=\"https:\/\/libelul.com\/wp-content\/uploads\/2013\/01\/neige-paris-02-by-libelul.jpg\" data-orig-size=\"540,385\" data-comments-opened=\"1\" data-image-meta=\"{&quot;aperture&quot;:&quot;0&quot;,&quot;credit&quot;:&quot;&quot;,&quot;camera&quot;:&quot;&quot;,&quot;caption&quot;:&quot;&quot;,&quot;created_timestamp&quot;:&quot;0&quot;,&quot;copyright&quot;:&quot;&quot;,&quot;focal_length&quot;:&quot;0&quot;,&quot;iso&quot;:&quot;0&quot;,&quot;shutter_speed&quot;:&quot;0&quot;,&quot;title&quot;:&quot;&quot;}\" data-image-title=\"neige-paris-02-by-libelul\" data-image-description=\"\" data-image-caption=\"\" data-medium-file=\"https:\/\/libelul.com\/wp-content\/uploads\/2013\/01\/neige-paris-02-by-libelul-450x320.jpg\" data-large-file=\"https:\/\/libelul.com\/wp-content\/uploads\/2013\/01\/neige-paris-02-by-libelul.jpg\" class=\"alignnone size-full wp-image-16062\" alt=\"neige-paris-02-by-libelul\" src=\"http:\/\/libelul.com\/wp-content\/uploads\/2013\/01\/neige-paris-02-by-libelul.jpg\" width=\"540\" height=\"385\" srcset=\"https:\/\/libelul.com\/wp-content\/uploads\/2013\/01\/neige-paris-02-by-libelul.jpg 540w, https:\/\/libelul.com\/wp-content\/uploads\/2013\/01\/neige-paris-02-by-libelul-450x320.jpg 450w\" sizes=\"auto, (max-width: 540px) 100vw, 540px\" \/> <img loading=\"lazy\" decoding=\"async\" data-attachment-id=\"16063\" data-permalink=\"https:\/\/libelul.com\/?attachment_id=16063\" data-orig-file=\"https:\/\/libelul.com\/wp-content\/uploads\/2013\/01\/neige-paris-03-by-libelul.jpg\" data-orig-size=\"540,385\" data-comments-opened=\"1\" data-image-meta=\"{&quot;aperture&quot;:&quot;0&quot;,&quot;credit&quot;:&quot;&quot;,&quot;camera&quot;:&quot;&quot;,&quot;caption&quot;:&quot;&quot;,&quot;created_timestamp&quot;:&quot;0&quot;,&quot;copyright&quot;:&quot;&quot;,&quot;focal_length&quot;:&quot;0&quot;,&quot;iso&quot;:&quot;0&quot;,&quot;shutter_speed&quot;:&quot;0&quot;,&quot;title&quot;:&quot;&quot;}\" data-image-title=\"neige-paris-03-by-libelul\" data-image-description=\"\" data-image-caption=\"\" data-medium-file=\"https:\/\/libelul.com\/wp-content\/uploads\/2013\/01\/neige-paris-03-by-libelul-450x320.jpg\" data-large-file=\"https:\/\/libelul.com\/wp-content\/uploads\/2013\/01\/neige-paris-03-by-libelul.jpg\" class=\"alignnone size-full wp-image-16063\" alt=\"neige-paris-03-by-libelul\" src=\"http:\/\/libelul.com\/wp-content\/uploads\/2013\/01\/neige-paris-03-by-libelul.jpg\" width=\"540\" height=\"385\" srcset=\"https:\/\/libelul.com\/wp-content\/uploads\/2013\/01\/neige-paris-03-by-libelul.jpg 540w, https:\/\/libelul.com\/wp-content\/uploads\/2013\/01\/neige-paris-03-by-libelul-450x320.jpg 450w\" sizes=\"auto, (max-width: 540px) 100vw, 540px\" \/><\/p>\n<p style=\"text-align: center\">James et Paris sous la Neige<\/p>\n<p style=\"text-align: left\">Alors quand c&rsquo;est arriv\u00e9 Vendredi soir,<br \/>\nNous ne nous sommes pas couch\u00e9s,<br \/>\nEt nous sommes partis nous promener.<\/p>\n<p style=\"text-align: left\">Faire d\u00e9couvrir \u00e0 James le plaisir de faire des boules de neiges,<br \/>\nRegarder l&rsquo;hiver prendre possession de notre quartier,<br \/>\nAdmirer l&rsquo;ange de la Bastille, sous la poudre glac\u00e9e.<\/p>\n<p style=\"text-align: left\">Et je me surprends \u00e0 esp\u00e9rer secr\u00e8tement,<br \/>\nQue la neige ne cesse jamais de tomber.<\/p>\n<p style=\"text-align: left\"><strong>Et vous, la neige vous en avez profit\u00e9 ?<\/strong><\/p>\n","protected":false},"excerpt":{"rendered":"<a href=\"https:\/\/libelul.com\/?p=16060\"><img decoding=\"async\" width=\"270\" src=\"\" class=\"alignleft wp-post-image tfe\" alt=\"\" title=\"\" \/><\/a><p>Moi, petite j&rsquo;aimais quand il neigeait, Pour ne pas aller \u00e0 l&rsquo;\u00e9cole. Le souvenir des routes enneig\u00e9es, Les batailles, les rires, ces instants vol\u00e9s. Il n&rsquo;y en a pas eu beaucoup dans mon enfance, Mais assez pour que cela reste grav\u00e9. James et Paris sous la Neige Alors quand c&rsquo;est arriv\u00e9 Vendredi soir, Nous ne [&hellip;]<\/p>\n","protected":false},"author":1,"featured_media":0,"comment_status":"open","ping_status":"open","sticky":false,"template":"","format":"standard","meta":{"jetpack_post_was_ever_published":false,"_jetpack_newsletter_access":"","_jetpack_dont_email_post_to_subs":false,"_jetpack_newsletter_tier_id":0,"_jetpack_memberships_contains_paywalled_content":false,"_jetpack_memberships_contains_paid_content":false,"footnotes":"","jetpack_publicize_message":"","jetpack_publicize_feature_enabled":true,"jetpack_social_post_already_shared":false,"jetpack_social_options":{"image_generator_settings":{"template":"highway","default_image_id":0,"font":"","enabled":false},"version":2}},"categories":[214],"tags":[726,756,105,23],"class_list":["post-16060","post","type-post","status-publish","format-standard","hentry","category-les-enfants","tag-enfants","tag-hiver","tag-paris","tag-voyages"],"jetpack_publicize_connections":[],"jetpack_featured_media_url":"","jetpack_shortlink":"https:\/\/wp.me\/posPp-4b2","jetpack_sharing_enabled":true,"jetpack-related-posts":[],"_links":{"self":[{"href":"https:\/\/libelul.com\/index.php?rest_route=\/wp\/v2\/posts\/16060","targetHints":{"allow":["GET"]}}],"collection":[{"href":"https:\/\/libelul.com\/index.php?rest_route=\/wp\/v2\/posts"}],"about":[{"href":"https:\/\/libelul.com\/index.php?rest_route=\/wp\/v2\/types\/post"}],"author":[{"embeddable":true,"href":"https:\/\/libelul.com\/index.php?rest_route=\/wp\/v2\/users\/1"}],"replies":[{"embeddable":true,"href":"https:\/\/libelul.com\/index.php?rest_route=%2Fwp%2Fv2%2Fcomments&post=16060"}],"version-history":[{"count":0,"href":"https:\/\/libelul.com\/index.php?rest_route=\/wp\/v2\/posts\/16060\/revisions"}],"wp:attachment":[{"href":"https:\/\/libelul.com\/index.php?rest_route=%2Fwp%2Fv2%2Fmedia&parent=16060"}],"wp:term":[{"taxonomy":"category","embeddable":true,"href":"https:\/\/libelul.com\/index.php?rest_route=%2Fwp%2Fv2%2Fcategories&post=16060"},{"taxonomy":"post_tag","embeddable":true,"href":"https:\/\/libelul.com\/index.php?rest_route=%2Fwp%2Fv2%2Ftags&post=16060"}],"curies":[{"name":"wp","href":"https:\/\/api.w.org\/{rel}","templated":true}]}}