{"id":16338,"date":"2013-03-28T05:30:49","date_gmt":"2013-03-28T04:30:49","guid":{"rendered":"http:\/\/libelul.com\/?p=16338"},"modified":"2013-03-28T21:37:45","modified_gmt":"2013-03-28T20:37:45","slug":"ensemble-on-a-fait-des-gateaux","status":"publish","type":"post","link":"https:\/\/libelul.com\/?p=16338","title":{"rendered":"Ensemble on a fait des g\u00e2teaux !"},"content":{"rendered":"<p>Moi j&rsquo;aime \u00eatre seule.<br \/>\nPar choix, par envie, parce que c&rsquo;est moi.<\/p>\n<p>Mais est-ce que j&rsquo;aimerais autant \u00eatre seule,<br \/>\nSi je devais l&rsquo;\u00eatre par obligation?<\/p>\n<p>C&rsquo;est cette question qui me trottait dans la t\u00eate,<br \/>\nPendant que James et moi cuisinions des g\u00e2teaux,<br \/>\n\u00e0 l&rsquo;atelier Vahin\u00e9 et la Fondation France \u00ab\u00a0Ensemble contre les solitudes\u00a0\u00bb.<\/p>\n<p>L&rsquo;id\u00e9e, lutter contre la vraie solitude,<br \/>\nPas celle que l&rsquo;on choisi mais celle que l&rsquo;on subit.<br \/>\nParce qu&rsquo;il y a <a href=\"http:\/\/www.fondationdefrance.org\/Nos-Actions\/Aider-les-personnes-vulnerables\/En-France\/La-Fondation-de-France-agit-contre-les-solitudes\" target=\"_blank\">1 personne sur 10<\/a> en France se sent seul,<br \/>\nOffrir des moments de partage o\u00f9 l&rsquo;on r\u00e9apprend \u00e0 vivre ensemble.<\/p>\n<p>Et je vous invite \u00e0 d\u00e9couvrir le dispositif imagin\u00e9 par Vahin\u00e9,<br \/>\nEn particulier la mini-s\u00e9rie \u00ab\u00a0<a href=\"http:\/\/www.youtube.com\/watch?feature=player_embedded&amp;v=FGy3B_beM0s\" target=\"_blank\">Nos moments de partage<\/a>\u00ab\u00a0,<br \/>\nEt si le c\u0153ur vous en dit de <a href=\"http:\/\/www.ensemblecestencoremeilleur.fr\/initiatives\" target=\"_blank\">participer<\/a> aux initiatives men\u00e9es.<\/p>\n<p><strong>Et vous, la solitude vous la c\u00f4toyez ?<\/strong><\/p>\n<p style=\"text-align: center;\"><img loading=\"lazy\" decoding=\"async\" data-attachment-id=\"16339\" data-permalink=\"https:\/\/libelul.com\/?attachment_id=16339\" data-orig-file=\"https:\/\/libelul.com\/wp-content\/uploads\/2013\/03\/vahine-04-by-libelul.jpg\" data-orig-size=\"540,385\" data-comments-opened=\"1\" data-image-meta=\"{&quot;aperture&quot;:&quot;0&quot;,&quot;credit&quot;:&quot;&quot;,&quot;camera&quot;:&quot;&quot;,&quot;caption&quot;:&quot;&quot;,&quot;created_timestamp&quot;:&quot;0&quot;,&quot;copyright&quot;:&quot;&quot;,&quot;focal_length&quot;:&quot;0&quot;,&quot;iso&quot;:&quot;0&quot;,&quot;shutter_speed&quot;:&quot;0&quot;,&quot;title&quot;:&quot;&quot;}\" data-image-title=\"vahine-04-by-libelul\" data-image-description=\"\" data-image-caption=\"\" data-medium-file=\"https:\/\/libelul.com\/wp-content\/uploads\/2013\/03\/vahine-04-by-libelul-450x320.jpg\" data-large-file=\"https:\/\/libelul.com\/wp-content\/uploads\/2013\/03\/vahine-04-by-libelul.jpg\" class=\"alignnone size-full wp-image-16339\" alt=\"vahine-04-by-libelul\" src=\"http:\/\/libelul.com\/wp-content\/uploads\/2013\/03\/vahine-04-by-libelul.jpg\" width=\"540\" height=\"385\" srcset=\"https:\/\/libelul.com\/wp-content\/uploads\/2013\/03\/vahine-04-by-libelul.jpg 540w, https:\/\/libelul.com\/wp-content\/uploads\/2013\/03\/vahine-04-by-libelul-450x320.jpg 450w\" sizes=\"auto, (max-width: 540px) 100vw, 540px\" \/><\/p>\n<p style=\"text-align: center;\"><strong><a href=\"http:\/\/www.ensemblecestencoremeilleur.fr\/\" target=\"_blank\">Atelier Ensemble c&rsquo;est meilleur<\/a> by <a href=\"https:\/\/www.facebook.com\/VAHINE\" target=\"_blank\">Vahin\u00e9<\/a><\/strong><\/p>\n<p style=\"text-align: center;\"><img loading=\"lazy\" decoding=\"async\" data-attachment-id=\"16341\" data-permalink=\"https:\/\/libelul.com\/?attachment_id=16341\" data-orig-file=\"https:\/\/libelul.com\/wp-content\/uploads\/2013\/03\/vahine-03-by-libelul.jpg\" data-orig-size=\"540,385\" data-comments-opened=\"1\" data-image-meta=\"{&quot;aperture&quot;:&quot;0&quot;,&quot;credit&quot;:&quot;&quot;,&quot;camera&quot;:&quot;&quot;,&quot;caption&quot;:&quot;&quot;,&quot;created_timestamp&quot;:&quot;0&quot;,&quot;copyright&quot;:&quot;&quot;,&quot;focal_length&quot;:&quot;0&quot;,&quot;iso&quot;:&quot;0&quot;,&quot;shutter_speed&quot;:&quot;0&quot;,&quot;title&quot;:&quot;&quot;}\" data-image-title=\"vahine-03-by-libelul\" data-image-description=\"\" data-image-caption=\"\" data-medium-file=\"https:\/\/libelul.com\/wp-content\/uploads\/2013\/03\/vahine-03-by-libelul-450x320.jpg\" data-large-file=\"https:\/\/libelul.com\/wp-content\/uploads\/2013\/03\/vahine-03-by-libelul.jpg\" class=\"alignnone size-large wp-image-16341\" alt=\"vahine-03-by-libelul\" src=\"http:\/\/libelul.com\/wp-content\/uploads\/2013\/03\/vahine-03-by-libelul.jpg\" width=\"540\" height=\"385\" srcset=\"https:\/\/libelul.com\/wp-content\/uploads\/2013\/03\/vahine-03-by-libelul.jpg 540w, https:\/\/libelul.com\/wp-content\/uploads\/2013\/03\/vahine-03-by-libelul-450x320.jpg 450w\" sizes=\"auto, (max-width: 540px) 100vw, 540px\" \/><br \/>\n<img loading=\"lazy\" decoding=\"async\" data-attachment-id=\"16344\" data-permalink=\"https:\/\/libelul.com\/?attachment_id=16344\" data-orig-file=\"https:\/\/libelul.com\/wp-content\/uploads\/2013\/03\/vahine-07-by-libelul.jpg\" data-orig-size=\"540,800\" data-comments-opened=\"1\" data-image-meta=\"{&quot;aperture&quot;:&quot;0&quot;,&quot;credit&quot;:&quot;&quot;,&quot;camera&quot;:&quot;&quot;,&quot;caption&quot;:&quot;&quot;,&quot;created_timestamp&quot;:&quot;0&quot;,&quot;copyright&quot;:&quot;&quot;,&quot;focal_length&quot;:&quot;0&quot;,&quot;iso&quot;:&quot;0&quot;,&quot;shutter_speed&quot;:&quot;0&quot;,&quot;title&quot;:&quot;&quot;}\" data-image-title=\"vahine-07-by-libelul\" data-image-description=\"\" data-image-caption=\"\" data-medium-file=\"https:\/\/libelul.com\/wp-content\/uploads\/2013\/03\/vahine-07-by-libelul-450x666.jpg\" data-large-file=\"https:\/\/libelul.com\/wp-content\/uploads\/2013\/03\/vahine-07-by-libelul.jpg\" class=\"alignnone size-large wp-image-16344\" alt=\"vahine-07-by-libelul\" src=\"http:\/\/libelul.com\/wp-content\/uploads\/2013\/03\/vahine-07-by-libelul.jpg\" width=\"540\" height=\"800\" srcset=\"https:\/\/libelul.com\/wp-content\/uploads\/2013\/03\/vahine-07-by-libelul.jpg 540w, https:\/\/libelul.com\/wp-content\/uploads\/2013\/03\/vahine-07-by-libelul-450x666.jpg 450w\" sizes=\"auto, (max-width: 540px) 100vw, 540px\" \/><br \/>\n<img loading=\"lazy\" decoding=\"async\" alt=\"vahine-05-by-libelul\" src=\"http:\/\/libelul.com\/wp-content\/uploads\/2013\/03\/vahine-05-by-libelul.jpg\" width=\"540\" height=\"385\" \/><\/p>\n<p style=\"text-align: center;\"><img loading=\"lazy\" decoding=\"async\" alt=\"vahine-02-by-libelul\" src=\"http:\/\/libelul.com\/wp-content\/uploads\/2013\/03\/vahine-02-by-libelul.jpg\" width=\"540\" height=\"385\" \/><\/p>\n<p style=\"text-align: center;\"><strong><a href=\"http:\/\/www.ensemblecestencoremeilleur.fr\/\" target=\"_blank\">Cake Workshop<\/a> by <a href=\"https:\/\/www.facebook.com\/VAHINE\" target=\"_blank\">Vahin\u00e9<\/a><\/strong><\/p>\n<p>I like to be alone.<br \/>\nBy choice, and mainly because it&rsquo;s my personality.<\/p>\n<p>But would I love being alone as much,<br \/>\nIf I had to be out of obligation?<\/p>\n<p>This is the question that kept running through my head,<br \/>\nWhile James and I were baking cakes,<br \/>\nAt the cake workshop organized by Vahin\u00e9<br \/>\nAnd the Fondation de France.<\/p>\n<p>The idea : fight against the real loneliness,<br \/>\nNot the one we choose but the one that makes us suffer.<br \/>\nSharing moments where we (re)learn to spend together,<br \/>\nBecause <a href=\"http:\/\/www.fondationdefrance.org\/Nos-Actions\/Aider-les-personnes-vulnerables\/En-France\/La-Fondation-de-France-agit-contre-les-solitudes\" target=\"_blank\">1 out of 10 people<\/a> in France sadly feel alone.<\/p>\n<p>And I invite you to discover the campaign imagined by Vahin\u00e9,<br \/>\nIn particular, the mini-series \u00ab\u00a0Shared moments\u00a0\u00bb<br \/>\nAnd if it appeals to you why not even participate.<\/p>\n<p><strong>And you, do you think you know what being really alone means ?<\/strong><\/p>\n","protected":false},"excerpt":{"rendered":"<a href=\"https:\/\/libelul.com\/?p=16338\"><img decoding=\"async\" width=\"270\" src=\"\" class=\"alignleft wp-post-image tfe\" alt=\"\" title=\"\" \/><\/a><p>Moi j&rsquo;aime \u00eatre seule. Par choix, par envie, parce que c&rsquo;est moi. Mais est-ce que j&rsquo;aimerais autant \u00eatre seule, Si je devais l&rsquo;\u00eatre par obligation? C&rsquo;est cette question qui me trottait dans la t\u00eate, Pendant que James et moi cuisinions des g\u00e2teaux, \u00e0 l&rsquo;atelier Vahin\u00e9 et la Fondation France \u00ab\u00a0Ensemble contre les solitudes\u00a0\u00bb. L&rsquo;id\u00e9e, lutter [&hellip;]<\/p>\n","protected":false},"author":1,"featured_media":0,"comment_status":"open","ping_status":"open","sticky":false,"template":"","format":"standard","meta":{"jetpack_post_was_ever_published":false,"_jetpack_newsletter_access":"","_jetpack_dont_email_post_to_subs":false,"_jetpack_newsletter_tier_id":0,"_jetpack_memberships_contains_paywalled_content":false,"_jetpack_memberships_contains_paid_content":false,"footnotes":"","jetpack_publicize_message":"","jetpack_publicize_feature_enabled":true,"jetpack_social_post_already_shared":false,"jetpack_social_options":{"image_generator_settings":{"template":"highway","default_image_id":0,"font":"","enabled":false},"version":2}},"categories":[216],"tags":[119,776,775],"class_list":["post-16338","post","type-post","status-publish","format-standard","hentry","category-la-cuisine","tag-cuisine","tag-ensemble-contre-les-solitudes","tag-vahine"],"jetpack_publicize_connections":[],"jetpack_featured_media_url":"","jetpack_shortlink":"https:\/\/wp.me\/posPp-4fw","jetpack_sharing_enabled":true,"jetpack-related-posts":[],"_links":{"self":[{"href":"https:\/\/libelul.com\/index.php?rest_route=\/wp\/v2\/posts\/16338","targetHints":{"allow":["GET"]}}],"collection":[{"href":"https:\/\/libelul.com\/index.php?rest_route=\/wp\/v2\/posts"}],"about":[{"href":"https:\/\/libelul.com\/index.php?rest_route=\/wp\/v2\/types\/post"}],"author":[{"embeddable":true,"href":"https:\/\/libelul.com\/index.php?rest_route=\/wp\/v2\/users\/1"}],"replies":[{"embeddable":true,"href":"https:\/\/libelul.com\/index.php?rest_route=%2Fwp%2Fv2%2Fcomments&post=16338"}],"version-history":[{"count":1,"href":"https:\/\/libelul.com\/index.php?rest_route=\/wp\/v2\/posts\/16338\/revisions"}],"predecessor-version":[{"id":16366,"href":"https:\/\/libelul.com\/index.php?rest_route=\/wp\/v2\/posts\/16338\/revisions\/16366"}],"wp:attachment":[{"href":"https:\/\/libelul.com\/index.php?rest_route=%2Fwp%2Fv2%2Fmedia&parent=16338"}],"wp:term":[{"taxonomy":"category","embeddable":true,"href":"https:\/\/libelul.com\/index.php?rest_route=%2Fwp%2Fv2%2Fcategories&post=16338"},{"taxonomy":"post_tag","embeddable":true,"href":"https:\/\/libelul.com\/index.php?rest_route=%2Fwp%2Fv2%2Ftags&post=16338"}],"curies":[{"name":"wp","href":"https:\/\/api.w.org\/{rel}","templated":true}]}}