{"id":1635,"date":"2009-11-22T09:00:01","date_gmt":"2009-11-22T08:00:01","guid":{"rendered":"http:\/\/libelul.com\/?p=1635"},"modified":"2010-02-05T00:33:40","modified_gmt":"2010-02-04T23:33:40","slug":"sous-mon-sapin-je-voudrais","status":"publish","type":"post","link":"https:\/\/libelul.com\/?p=1635","title":{"rendered":"Sous mon sapin je voudrais &#8230;"},"content":{"rendered":"<p>Moi je sais ce que je veux pour No\u00ebl : MON ATELIER-BUREAU !<br \/>\nDepuis l&rsquo;arriv\u00e9e de James il s&rsquo;est transform\u00e9 en chambre d&rsquo;enfant, mais je suis s\u00fbre qu&rsquo;une solution est possible.<\/p>\n<p>La preuve : je n&rsquo;arr\u00eate pas de trouver des objets qui irait parfaitement dans le bureau de mes r\u00eaves.<\/p>\n<p>Comme cette magnifique <strong>chaise Pierre Paulin<\/strong> :<\/p>\n<p style=\"text-align: center;\"><img decoding=\"async\" class=\"aligncenter\" src=\"http:\/\/libelul.com\/wp-content\/uploads\/2009\/11\/Pierre-Paulin-chair.jpg\" alt=\"\" width=\"350\" \/><\/p>\n\n\t\t<style type='text\/css'>\n\t\t\t#gallery-1 {\n\t\t\t\tmargin: auto;\n\t\t\t}\n\t\t\t#gallery-1 .gallery-item {\n\t\t\t\tfloat: left;\n\t\t\t\tmargin-top: 10px;\n\t\t\t\ttext-align: center;\n\t\t\t\twidth: 33%;\n\t\t\t}\n\t\t\t#gallery-1 img {\n\t\t\t\tborder: 2px solid #cfcfcf;\n\t\t\t}\n\t\t\t#gallery-1 .gallery-caption {\n\t\t\t\tmargin-left: 0;\n\t\t\t}\n\t\t<\/style>\n\t\t<!-- see gallery_shortcode() in wp-includes\/media.php -->\n\t\t<div data-carousel-extra='{&quot;blog_id&quot;:1,&quot;permalink&quot;:&quot;https:\/\/libelul.com\/?p=1635&quot;}' id='gallery-1' class='gallery galleryid-1635 gallery-columns-3 gallery-size-thumbnail gallery1'><script type=\"text\/javascript\">\n\/\/ <![CDATA[\n\tjQuery(document).ready(function () {\n\t\tjQuery(\".gallery1 a\").attr(\"rel\",\"gallery1\");\t\n\t\tjQuery('a[rel=\"gallery1\"]').colorbox({maxWidth:\"95%\", maxHeight:\"95%\",title: function(){ return jQuery(this).children().attr(\"alt\"); }});\n\t});\n\/\/ ]]>\n<\/script>\n<dl class=\"gallery-item\">\n<dt class=\"gallery-icon\">\n<a href=\"https:\/\/libelul.com\/wp-content\/uploads\/2009\/11\/Pierre-Paulin-chair-1.jpg\" title=\"\" rel=\"gallery1\"><img loading=\"lazy\" decoding=\"async\" src=\"https:\/\/libelul.com\/wp-content\/uploads\/2009\/11\/Pierre-Paulin-chair-1-150x150.jpg\" width=\"135\" height=\"135\" alt=\"\" \/><\/a>\n<\/dt><\/dl><dl class=\"gallery-item\">\n<dt class=\"gallery-icon\">\n<a href=\"https:\/\/libelul.com\/wp-content\/uploads\/2009\/11\/Pierre-Paulin-chair-2.jpg\" title=\"\" rel=\"gallery1\"><img loading=\"lazy\" decoding=\"async\" src=\"https:\/\/libelul.com\/wp-content\/uploads\/2009\/11\/Pierre-Paulin-chair-2-150x150.jpg\" width=\"135\" height=\"135\" alt=\"\" \/><\/a>\n<\/dt><\/dl><dl class=\"gallery-item\">\n<dt class=\"gallery-icon\">\n<a href=\"https:\/\/libelul.com\/wp-content\/uploads\/2009\/11\/Pierre-Paulin-chair-3.jpg\" title=\"\" rel=\"gallery1\"><img loading=\"lazy\" decoding=\"async\" src=\"https:\/\/libelul.com\/wp-content\/uploads\/2009\/11\/Pierre-Paulin-chair-3-150x150.jpg\" width=\"135\" height=\"135\" alt=\"\" \/><\/a>\n<\/dt><\/dl><br style=\"clear: both\" \/>\n\t\t<\/div>\n\n<p>Mais bon, je suis presque s\u00fbre de la r\u00e9action de <em>Monsieur Rabat-Joie <\/em>Laurent qui risque de m&rsquo;opposer :<\/p>\n<ol>\n<li>que c&rsquo;est bariol\u00e9 \u00e0 couleurs improbables &#8230; pfff d\u00e9cid\u00e9ment s&rsquo;agissant de d\u00e9co Laurent vient vraiment de Mars !<\/li>\n<li>que mes chats risquent de la d\u00e9truire en moins de 4 minutes &#8230; bizarrement quand c&rsquo;est pour parler de leurs b\u00eatises c&rsquo;est toujours MES chats !<\/li>\n<\/ol>\n<p>De toute fa\u00e7on, et comme de bien entendu, elle n&rsquo;est pas \u00e0 vendre &#8211; <a href=\"http:\/\/libelul.com\/?p=1316\" target=\"_blank\">comme d&rsquo;hab<\/a> &#8230; donc pas d&rsquo;inqui\u00e8tude Laurent \ud83d\ude09<br \/>\nAh moins que &#8230; le P\u00e8re No\u00ebl qui lui est plein de ressources et qui sait \u00e0 quel point je la trouve jolie cette chaise &#8230; trouve une solution !<\/p>\n<p>Vue @\u00a0 <a href=\"http:\/\/www.alltheluckintheworld.nl\/en\/product.php?id=306&amp;page=4&amp;dir=\" target=\"_blank\">All the Luck in the World<br \/>\n<\/a><br \/>\n<img loading=\"lazy\" decoding=\"async\" class=\"size-full wp-image-1343 alignright\" style=\"border: 0pt none; margin: 0px;\" title=\"TOP-DECO-sur-Hellocoton\" src=\"http:\/\/libelul.com\/wp-content\/uploads\/2009\/11\/TOPDECO-HELLOCOTON.jpg\" alt=\"Elu TOP-DECO sur Hellocoton\" width=\"136\" height=\"72\" \/><\/p>\n","protected":false},"excerpt":{"rendered":"<a href=\"https:\/\/libelul.com\/?p=1635\"><img decoding=\"async\" width=\"270\" src=\"\" class=\"alignleft wp-post-image tfe\" alt=\"\" title=\"\" \/><\/a><p>Moi je sais ce que je veux pour No\u00ebl : MON ATELIER-BUREAU ! Depuis l&rsquo;arriv\u00e9e de James il s&rsquo;est transform\u00e9 en chambre d&rsquo;enfant, mais je suis s\u00fbre qu&rsquo;une solution est possible. La preuve : je n&rsquo;arr\u00eate pas de trouver des objets qui irait parfaitement dans le bureau de mes r\u00eaves. Comme cette magnifique chaise Pierre [&hellip;]<\/p>\n","protected":false},"author":1,"featured_media":0,"comment_status":"open","ping_status":"open","sticky":false,"template":"","format":"standard","meta":{"jetpack_post_was_ever_published":false,"_jetpack_newsletter_access":"","_jetpack_dont_email_post_to_subs":false,"_jetpack_newsletter_tier_id":0,"_jetpack_memberships_contains_paywalled_content":false,"_jetpack_memberships_contains_paid_content":false,"footnotes":"","jetpack_publicize_message":"","jetpack_publicize_feature_enabled":true,"jetpack_social_post_already_shared":false,"jetpack_social_options":{"image_generator_settings":{"template":"highway","default_image_id":0,"font":"","enabled":false},"version":2}},"categories":[58],"tags":[124,109,394,342,116,59,206],"class_list":["post-1635","post","type-post","status-publish","format-standard","hentry","category-mes-prototypes","tag-bureau","tag-chaise","tag-decoration","tag-enfant","tag-noel","tag-prototype","tag-vous-avez-aime"],"jetpack_publicize_connections":[],"jetpack_featured_media_url":"","jetpack_shortlink":"https:\/\/wp.me\/posPp-qn","jetpack_sharing_enabled":true,"jetpack-related-posts":[],"_links":{"self":[{"href":"https:\/\/libelul.com\/index.php?rest_route=\/wp\/v2\/posts\/1635","targetHints":{"allow":["GET"]}}],"collection":[{"href":"https:\/\/libelul.com\/index.php?rest_route=\/wp\/v2\/posts"}],"about":[{"href":"https:\/\/libelul.com\/index.php?rest_route=\/wp\/v2\/types\/post"}],"author":[{"embeddable":true,"href":"https:\/\/libelul.com\/index.php?rest_route=\/wp\/v2\/users\/1"}],"replies":[{"embeddable":true,"href":"https:\/\/libelul.com\/index.php?rest_route=%2Fwp%2Fv2%2Fcomments&post=1635"}],"version-history":[{"count":0,"href":"https:\/\/libelul.com\/index.php?rest_route=\/wp\/v2\/posts\/1635\/revisions"}],"wp:attachment":[{"href":"https:\/\/libelul.com\/index.php?rest_route=%2Fwp%2Fv2%2Fmedia&parent=1635"}],"wp:term":[{"taxonomy":"category","embeddable":true,"href":"https:\/\/libelul.com\/index.php?rest_route=%2Fwp%2Fv2%2Fcategories&post=1635"},{"taxonomy":"post_tag","embeddable":true,"href":"https:\/\/libelul.com\/index.php?rest_route=%2Fwp%2Fv2%2Ftags&post=1635"}],"curies":[{"name":"wp","href":"https:\/\/api.w.org\/{rel}","templated":true}]}}