{"id":16430,"date":"2013-04-12T17:15:02","date_gmt":"2013-04-12T15:15:02","guid":{"rendered":"http:\/\/libelul.com\/?p=16430"},"modified":"2013-04-12T17:19:47","modified_gmt":"2013-04-12T15:19:47","slug":"tokyo-blue","status":"publish","type":"post","link":"https:\/\/libelul.com\/?p=16430","title":{"rendered":"Tokyo Blue"},"content":{"rendered":"<p>Moi cet \u00e9t\u00e9 je veux du Bleu.<\/p>\n<p>Puiser mon inspiration dans l\u2019azur oc\u00e9an,<br \/>\nL\u00e9zarder au soleil des heures durant.<\/p>\n<p>D\u00e9jeuner au bord d\u2019une piscine turquoise,<br \/>\nD\u00e9guster de la past\u00e8que, du melon et quelques framboise.<\/p>\n<p>Un \u00e9t\u00e9 \u00e0 \u00e9crire sur ma table de jardin,<br \/>\nConfortablement install\u00e9e sur de jolis coussins.<\/p>\n<p>Et puisque cet \u00e9t\u00e9 nous serons \u00e0 la campagne,<br \/>\nPourquoi ne pas craquer pour ce salon de jardin,<br \/>\nAu design minimaliste aux couleurs bleut\u00e9s.<br \/>\nCompos\u00e9e d\u2019une table pour d\u2019intimes t\u00eates \u00e0 t\u00eates,<br \/>\nPouvant s\u2019assembler pour de cr\u00e9er plus grandes tabl\u00e9es,<\/p>\n<p><b>Et vous, inspir\u00e9e par ce Tokyo bleut\u00e9\u00a0? <\/b><\/p>\n<p style=\"text-align: center;\">\u00a0<img loading=\"lazy\" decoding=\"async\" data-attachment-id=\"16431\" data-permalink=\"https:\/\/libelul.com\/?attachment_id=16431\" data-orig-file=\"https:\/\/libelul.com\/wp-content\/uploads\/2013\/04\/carrefour-salon-tokyo.jpg\" data-orig-size=\"540,800\" data-comments-opened=\"1\" data-image-meta=\"{&quot;aperture&quot;:&quot;0&quot;,&quot;credit&quot;:&quot;&quot;,&quot;camera&quot;:&quot;&quot;,&quot;caption&quot;:&quot;&quot;,&quot;created_timestamp&quot;:&quot;0&quot;,&quot;copyright&quot;:&quot;&quot;,&quot;focal_length&quot;:&quot;0&quot;,&quot;iso&quot;:&quot;0&quot;,&quot;shutter_speed&quot;:&quot;0&quot;,&quot;title&quot;:&quot;&quot;}\" data-image-title=\"carrefour-salon-tokyo\" data-image-description=\"\" data-image-caption=\"\" data-medium-file=\"https:\/\/libelul.com\/wp-content\/uploads\/2013\/04\/carrefour-salon-tokyo-450x666.jpg\" data-large-file=\"https:\/\/libelul.com\/wp-content\/uploads\/2013\/04\/carrefour-salon-tokyo.jpg\" class=\"alignnone size-full wp-image-16431\" alt=\"carrefour-salon-tokyo\" src=\"http:\/\/libelul.com\/wp-content\/uploads\/2013\/04\/carrefour-salon-tokyo.jpg\" width=\"540\" height=\"800\" srcset=\"https:\/\/libelul.com\/wp-content\/uploads\/2013\/04\/carrefour-salon-tokyo.jpg 540w, https:\/\/libelul.com\/wp-content\/uploads\/2013\/04\/carrefour-salon-tokyo-450x666.jpg 450w\" sizes=\"auto, (max-width: 540px) 100vw, 540px\" \/><\/p>\n<p align=\"center\">Salon de Jardin Tokyo by <a href=\"http:\/\/clic2.it\/f7de38\">Carrefour<br \/>\n<\/a>Table + 2 fauteuils \/ chairs 249,90 \u20ac<\/p>\n<p>This summer I want blue.<\/p>\n<p>Draw my inspiration from the azure ocean,<br \/>\nDay dreming for hour in the quite sun.<br \/>\nHave lunch by the beautiful teal pool,<br \/>\nEating melon, watermelon, and some raspberries.<\/p>\n<p>Spend the summer writing on my garden table, t<br \/>\nConfortably sitting on blue cushions.<\/p>\n<p>And since this summer we will be in the countryside,<br \/>\nI might indulge and get this garden furniture.<br \/>\nThe perfect table for 2, minimalist and pure blue,<br \/>\nOr assembled it can sit a whole family too.<\/p>\n<p><strong>And you do you feel inspired by Tokyo blue?<\/strong><br \/>\n<script id=\"bp-disclaimer\" type=\"text\/javascript\" src=\"http:\/\/api.buzzparadise.com\/scripts\/disclaimer\/bp-disclaimer.js?disclaimer=disclaimer_txt2_fr.gif&#038;blog=18834&#038;campaign=1872\"><\/script><\/p>\n","protected":false},"excerpt":{"rendered":"<a href=\"https:\/\/libelul.com\/?p=16430\"><img decoding=\"async\" width=\"270\" src=\"\" class=\"alignleft wp-post-image tfe\" alt=\"\" title=\"\" \/><\/a><p>Moi cet \u00e9t\u00e9 je veux du Bleu. Puiser mon inspiration dans l\u2019azur oc\u00e9an, L\u00e9zarder au soleil des heures durant. D\u00e9jeuner au bord d\u2019une piscine turquoise, D\u00e9guster de la past\u00e8que, du melon et quelques framboise. Un \u00e9t\u00e9 \u00e0 \u00e9crire sur ma table de jardin, Confortablement install\u00e9e sur de jolis coussins. Et puisque cet \u00e9t\u00e9 nous serons [&hellip;]<\/p>\n","protected":false},"author":1,"featured_media":0,"comment_status":"open","ping_status":"open","sticky":false,"template":"","format":"standard","meta":{"jetpack_post_was_ever_published":false,"_jetpack_newsletter_access":"","_jetpack_dont_email_post_to_subs":false,"_jetpack_newsletter_tier_id":0,"_jetpack_memberships_contains_paywalled_content":false,"_jetpack_memberships_contains_paid_content":false,"footnotes":"","jetpack_publicize_message":"","jetpack_publicize_feature_enabled":true,"jetpack_social_post_already_shared":false,"jetpack_social_options":{"image_generator_settings":{"template":"highway","default_image_id":0,"font":"","enabled":false},"version":2}},"categories":[225],"tags":[394,173,329],"class_list":["post-16430","post","type-post","status-publish","format-standard","hentry","category-le-jardin-et-les-fleurs","tag-decoration","tag-jardin","tag-sponsorise"],"jetpack_publicize_connections":[],"jetpack_featured_media_url":"","jetpack_shortlink":"https:\/\/wp.me\/posPp-4h0","jetpack_sharing_enabled":true,"jetpack-related-posts":[],"_links":{"self":[{"href":"https:\/\/libelul.com\/index.php?rest_route=\/wp\/v2\/posts\/16430","targetHints":{"allow":["GET"]}}],"collection":[{"href":"https:\/\/libelul.com\/index.php?rest_route=\/wp\/v2\/posts"}],"about":[{"href":"https:\/\/libelul.com\/index.php?rest_route=\/wp\/v2\/types\/post"}],"author":[{"embeddable":true,"href":"https:\/\/libelul.com\/index.php?rest_route=\/wp\/v2\/users\/1"}],"replies":[{"embeddable":true,"href":"https:\/\/libelul.com\/index.php?rest_route=%2Fwp%2Fv2%2Fcomments&post=16430"}],"version-history":[{"count":0,"href":"https:\/\/libelul.com\/index.php?rest_route=\/wp\/v2\/posts\/16430\/revisions"}],"wp:attachment":[{"href":"https:\/\/libelul.com\/index.php?rest_route=%2Fwp%2Fv2%2Fmedia&parent=16430"}],"wp:term":[{"taxonomy":"category","embeddable":true,"href":"https:\/\/libelul.com\/index.php?rest_route=%2Fwp%2Fv2%2Fcategories&post=16430"},{"taxonomy":"post_tag","embeddable":true,"href":"https:\/\/libelul.com\/index.php?rest_route=%2Fwp%2Fv2%2Ftags&post=16430"}],"curies":[{"name":"wp","href":"https:\/\/api.w.org\/{rel}","templated":true}]}}