{"id":16609,"date":"2013-05-22T05:30:08","date_gmt":"2013-05-22T03:30:08","guid":{"rendered":"http:\/\/libelul.com\/?p=16609"},"modified":"2013-05-21T22:38:26","modified_gmt":"2013-05-21T20:38:26","slug":"mayday-rainbow-warrior","status":"publish","type":"post","link":"https:\/\/libelul.com\/?p=16609","title":{"rendered":"MAYDAY Rainbow Warrior"},"content":{"rendered":"<p>Moi je commence \u00e0 \u00eatre s\u00e9rieusement inqui\u00e8te.<br \/>\nEt si il n&rsquo;y avait plus de printemps, ni d&rsquo;\u00e9t\u00e9,<br \/>\nJuste une succession de grises et froides journ\u00e9es ?<\/p>\n<p>Non mais s\u00e9rieusement, depuis le temps qu&rsquo;on nous en parle,<br \/>\nDe l&rsquo;effet de serre, du d\u00e9r\u00e8glement climatique,<br \/>\nDes cons\u00e9quences de plus d&rsquo;un demi si\u00e8cle d&rsquo;inconscience.<\/p>\n<p>\u00c0 15 ans, je me souviens des alertes terrifiantes,<br \/>\nDe 2015 \/ 2030, du mur dans lequel nous \u00e9tions en train de foncer.<\/p>\n<p>Et si\u00a0 ce que nous attentions comme \u00e9tant de fortes canicules,<br \/>\nUne mont\u00e9e lente et progressive des eaux,<br \/>\nEtait en r\u00e9alit\u00e9 un chaos climatique, sans ordre ni saison,<br \/>\nUne suite infernale de temp\u00eates et pluies diluviennes ?<\/p>\n<p>Depuis mes premiers badges Greenpeace,<br \/>\nJusqu&rsquo;\u00e0 aujourd&rsquo;hui j&rsquo;ai toujours eu peur.<br \/>\nPeur pour moi et ma famille,<br \/>\nPeur du gaspillage, de la pollution de notre terre.<\/p>\n<p>Et sous cette d\u00e9pression saisonni\u00e8re dont je vous parlais hier,<br \/>\nJe sens monter cette phobie que j&rsquo;ai longtemps refuser d&rsquo;\u00e9couter,<br \/>\nPr\u00e9f\u00e9rant oublier la r\u00e9alit\u00e9 et me concentrer sur la beaut\u00e9.<\/p>\n<p><strong>Et vous, phobique de l&rsquo;impact de notre soci\u00e9t\u00e9 de consommation sur le monde ?<\/strong><\/p>\n<p style=\"text-align: center;\"><img loading=\"lazy\" decoding=\"async\" data-attachment-id=\"16610\" data-permalink=\"https:\/\/libelul.com\/?attachment_id=16610\" data-orig-file=\"https:\/\/libelul.com\/wp-content\/uploads\/2013\/05\/rainbow-warrior.jpg\" data-orig-size=\"540,385\" data-comments-opened=\"1\" data-image-meta=\"{&quot;aperture&quot;:&quot;0&quot;,&quot;credit&quot;:&quot;&quot;,&quot;camera&quot;:&quot;&quot;,&quot;caption&quot;:&quot;&quot;,&quot;created_timestamp&quot;:&quot;0&quot;,&quot;copyright&quot;:&quot;&quot;,&quot;focal_length&quot;:&quot;0&quot;,&quot;iso&quot;:&quot;0&quot;,&quot;shutter_speed&quot;:&quot;0&quot;,&quot;title&quot;:&quot;&quot;}\" data-image-title=\"rainbow-warrior\" data-image-description=\"\" data-image-caption=\"\" data-medium-file=\"https:\/\/libelul.com\/wp-content\/uploads\/2013\/05\/rainbow-warrior-450x320.jpg\" data-large-file=\"https:\/\/libelul.com\/wp-content\/uploads\/2013\/05\/rainbow-warrior.jpg\" class=\"alignnone size-full wp-image-16610\" alt=\"rainbow-warrior\" src=\"http:\/\/libelul.com\/wp-content\/uploads\/2013\/05\/rainbow-warrior.jpg\" width=\"540\" height=\"385\" srcset=\"https:\/\/libelul.com\/wp-content\/uploads\/2013\/05\/rainbow-warrior.jpg 540w, https:\/\/libelul.com\/wp-content\/uploads\/2013\/05\/rainbow-warrior-450x320.jpg 450w\" sizes=\"auto, (max-width: 540px) 100vw, 540px\" \/><\/p>\n<p style=\"text-align: center;\"><strong>Rainbow Warrior\u00a0 &#8211; <a href=\"http:\/\/www.greenpeace.org\/international\/en\/press\/releases\/-Greenpeace-ship-begins-first-Indonesian-tour-since-being-deported\/\" target=\"_blank\">Greenpeace<br \/>\n<\/a><\/strong>Biodiversity mission &#8211; Jayapura &#8211; May 2013<strong><br \/>\n<\/strong><\/p>\n<p style=\"text-align: left;\">I&rsquo;m seriously starting to be very worried.<br \/>\nWhat if there were no more spring and summers,<br \/>\nJust an endless repetition of gray and cold days?<\/p>\n<p>Seriously, since we&rsquo;ve been talking about<br \/>\nThe greenhouse effect, the climate change,<br \/>\nAll the consequences of over half a century of unconsciousness.<\/p>\n<p style=\"text-align: left;\">I can still remember being 15 and hearing about 2015\/2030,<br \/>\nWhat dangers were ahead of us, if nothing was changed.<\/p>\n<p>So what if what we were expecting as strong heat waves,<br \/>\nAnd a slow and gradual sea rise,<br \/>\nWas actually turning into a climate chaos,<br \/>\nMade of vicious storms and torrential rains,<br \/>\nWithout any order or season ?<\/p>\n<p>Since my first badges Greenpeace,<br \/>\nUntil now I&rsquo;venever stopped being afraid.<br \/>\nScared for me and my family,<br \/>\nScared of waste and pollution, Mother Earth&rsquo;s desolation.<\/p>\n<p>And in this seasonal depression I mentioned yesterday,<br \/>\nI sense my phobia I have long refused to listen,<br \/>\nPreferring to avoid reality and focus on beauty.<\/p>\n<p><strong>And you, are you phobic of the impact of our consumer society on the world?<\/strong><\/p>\n<p style=\"text-align: left;\">\n","protected":false},"excerpt":{"rendered":"<a href=\"https:\/\/libelul.com\/?p=16609\"><img decoding=\"async\" width=\"270\" src=\"\" class=\"alignleft wp-post-image tfe\" alt=\"\" title=\"\" \/><\/a><p>Moi je commence \u00e0 \u00eatre s\u00e9rieusement inqui\u00e8te. Et si il n&rsquo;y avait plus de printemps, ni d&rsquo;\u00e9t\u00e9, Juste une succession de grises et froides journ\u00e9es ? Non mais s\u00e9rieusement, depuis le temps qu&rsquo;on nous en parle, De l&rsquo;effet de serre, du d\u00e9r\u00e8glement climatique, Des cons\u00e9quences de plus d&rsquo;un demi si\u00e8cle d&rsquo;inconscience. \u00c0 15 ans, je [&hellip;]<\/p>\n","protected":false},"author":1,"featured_media":0,"comment_status":"open","ping_status":"open","sticky":false,"template":"","format":"standard","meta":{"jetpack_post_was_ever_published":false,"_jetpack_newsletter_access":"","_jetpack_dont_email_post_to_subs":false,"_jetpack_newsletter_tier_id":0,"_jetpack_memberships_contains_paywalled_content":false,"_jetpack_memberships_contains_paid_content":false,"footnotes":"","jetpack_publicize_message":"","jetpack_publicize_feature_enabled":true,"jetpack_social_post_already_shared":false,"jetpack_social_options":{"image_generator_settings":{"template":"highway","default_image_id":0,"font":"","enabled":false},"version":2}},"categories":[38],"tags":[689,789,396],"class_list":["post-16609","post","type-post","status-publish","format-standard","hentry","category-mes-humeurs-et-concours","tag-ecologie","tag-greenpeace","tag-pensees"],"jetpack_publicize_connections":[],"jetpack_featured_media_url":"","jetpack_shortlink":"https:\/\/wp.me\/posPp-4jT","jetpack_sharing_enabled":true,"jetpack-related-posts":[],"_links":{"self":[{"href":"https:\/\/libelul.com\/index.php?rest_route=\/wp\/v2\/posts\/16609","targetHints":{"allow":["GET"]}}],"collection":[{"href":"https:\/\/libelul.com\/index.php?rest_route=\/wp\/v2\/posts"}],"about":[{"href":"https:\/\/libelul.com\/index.php?rest_route=\/wp\/v2\/types\/post"}],"author":[{"embeddable":true,"href":"https:\/\/libelul.com\/index.php?rest_route=\/wp\/v2\/users\/1"}],"replies":[{"embeddable":true,"href":"https:\/\/libelul.com\/index.php?rest_route=%2Fwp%2Fv2%2Fcomments&post=16609"}],"version-history":[{"count":1,"href":"https:\/\/libelul.com\/index.php?rest_route=\/wp\/v2\/posts\/16609\/revisions"}],"predecessor-version":[{"id":16611,"href":"https:\/\/libelul.com\/index.php?rest_route=\/wp\/v2\/posts\/16609\/revisions\/16611"}],"wp:attachment":[{"href":"https:\/\/libelul.com\/index.php?rest_route=%2Fwp%2Fv2%2Fmedia&parent=16609"}],"wp:term":[{"taxonomy":"category","embeddable":true,"href":"https:\/\/libelul.com\/index.php?rest_route=%2Fwp%2Fv2%2Fcategories&post=16609"},{"taxonomy":"post_tag","embeddable":true,"href":"https:\/\/libelul.com\/index.php?rest_route=%2Fwp%2Fv2%2Ftags&post=16609"}],"curies":[{"name":"wp","href":"https:\/\/api.w.org\/{rel}","templated":true}]}}