{"id":16635,"date":"2013-05-31T05:30:20","date_gmt":"2013-05-31T03:30:20","guid":{"rendered":"http:\/\/libelul.com\/?p=16635"},"modified":"2013-05-30T23:43:08","modified_gmt":"2013-05-30T21:43:08","slug":"goodbye-pas-si-joli-mois-de-mai","status":"publish","type":"post","link":"https:\/\/libelul.com\/?p=16635","title":{"rendered":"Goodbye, ce pas si joli mois de Mai"},"content":{"rendered":"<p>Moi je veux dire au revoir d\u00e9cevant mois de Mai,<br \/>\nDont les promesses ne se sont jamais r\u00e9alis\u00e9es.<\/p>\n<p>Au lieu de faire beau et de faire ce qu&rsquo;il me plaisait,<br \/>\nJ&rsquo;ai gard\u00e9 mon manteau, et pest\u00e9 contre cette saison g\u00e2ch\u00e9e.<\/p>\n<p>Et malgr\u00e9 les pessimistes pr\u00e9visions je me surprends \u00e0 imaginer,<br \/>\nLa douce chaleur et les rayons p\u00e9n\u00e9trants,<br \/>\nQue le soleil nous offre chaque journ\u00e9e,<br \/>\nCar m\u00eame les maudits cumulus m&#8217;emp\u00eachent d&rsquo;en profiter,<br \/>\nSa rassurante pr\u00e9sence m&rsquo;inspire s\u00e9r\u00e9nit\u00e9.<\/p>\n<p>Une pens\u00e9e positive pour oublier les quelques jours qu&rsquo;il reste avant l&rsquo;\u00e9t\u00e9,<br \/>\nEsp\u00e9rant qu&rsquo;en Juin, c&rsquo;est de magnifiques cirrus que je pourrais admirer.<\/p>\n<p><strong>En vous souhaitant un tr\u00e8s beau week-end.<\/strong><br \/>\n<strong>Et \u00e0 lundi pour un nouveau Rainbow DIY !<\/strong><\/p>\n<p style=\"text-align: center;\"><img loading=\"lazy\" decoding=\"async\" data-attachment-id=\"16636\" data-permalink=\"https:\/\/libelul.com\/?attachment_id=16636\" data-orig-file=\"https:\/\/libelul.com\/wp-content\/uploads\/2013\/05\/clouds.jpg\" data-orig-size=\"540,385\" data-comments-opened=\"1\" data-image-meta=\"{&quot;aperture&quot;:&quot;0&quot;,&quot;credit&quot;:&quot;&quot;,&quot;camera&quot;:&quot;&quot;,&quot;caption&quot;:&quot;&quot;,&quot;created_timestamp&quot;:&quot;0&quot;,&quot;copyright&quot;:&quot;&quot;,&quot;focal_length&quot;:&quot;0&quot;,&quot;iso&quot;:&quot;0&quot;,&quot;shutter_speed&quot;:&quot;0&quot;,&quot;title&quot;:&quot;&quot;}\" data-image-title=\"clouds\" data-image-description=\"\" data-image-caption=\"\" data-medium-file=\"https:\/\/libelul.com\/wp-content\/uploads\/2013\/05\/clouds-450x320.jpg\" data-large-file=\"https:\/\/libelul.com\/wp-content\/uploads\/2013\/05\/clouds.jpg\" class=\"alignnone size-full wp-image-16636\" alt=\"clouds\" src=\"http:\/\/libelul.com\/wp-content\/uploads\/2013\/05\/clouds.jpg\" width=\"540\" height=\"385\" srcset=\"https:\/\/libelul.com\/wp-content\/uploads\/2013\/05\/clouds.jpg 540w, https:\/\/libelul.com\/wp-content\/uploads\/2013\/05\/clouds-450x320.jpg 450w\" sizes=\"auto, (max-width: 540px) 100vw, 540px\" \/><\/p>\n<p style=\"text-align: center;\">Cloud Mobile by <a href=\"http:\/\/www.etsy.com\/shop\/SweetDreamsBabyShop?ref=seller_info\">SweetDreamsBabyShop<\/a><\/p>\n<p style=\"text-align: left;\">I want to say goodbye to this disappointing May,<br \/>\nWhose promises became lies.<\/p>\n<p>Instead of lovely weather and doing whatever I wanted,<br \/>\nI had no other choise than to kept my coat on,<br \/>\nLooking at this wasted season pass by.<\/p>\n<p>And despite the direst predictions I find myself imagining,<br \/>\nThe gentle heat and penetrating rays,<br \/>\nThe sun has to offer every day,<br \/>\nBecause even if the cursed cumulus prevent me from enjoy them,<br \/>\nTheir reassuring presence helps me feel less pain.<\/p>\n<p>Some positive thoughts to forget the few remaining spring days,<br \/>\nAnd hoping that June will treat us with some beautiful cirrus.<\/p>\n<p><strong>Wishing you a beautiful weekend.<\/strong><br \/>\n<strong>Hoping to see you on Monday for a new Rainbow DIY!<\/strong><\/p>\n","protected":false},"excerpt":{"rendered":"<a href=\"https:\/\/libelul.com\/?p=16635\"><img decoding=\"async\" width=\"270\" src=\"\" class=\"alignleft wp-post-image tfe\" alt=\"\" title=\"\" \/><\/a><p>Moi je veux dire au revoir d\u00e9cevant mois de Mai, Dont les promesses ne se sont jamais r\u00e9alis\u00e9es. Au lieu de faire beau et de faire ce qu&rsquo;il me plaisait, J&rsquo;ai gard\u00e9 mon manteau, et pest\u00e9 contre cette saison g\u00e2ch\u00e9e. Et malgr\u00e9 les pessimistes pr\u00e9visions je me surprends \u00e0 imaginer, La douce chaleur et les [&hellip;]<\/p>\n","protected":false},"author":1,"featured_media":0,"comment_status":"open","ping_status":"open","sticky":false,"template":"","format":"standard","meta":{"jetpack_post_was_ever_published":false,"_jetpack_newsletter_access":"","_jetpack_dont_email_post_to_subs":false,"_jetpack_newsletter_tier_id":0,"_jetpack_memberships_contains_paywalled_content":false,"_jetpack_memberships_contains_paid_content":false,"footnotes":"","jetpack_publicize_message":"","jetpack_publicize_feature_enabled":true,"jetpack_social_post_already_shared":false,"jetpack_social_options":{"image_generator_settings":{"template":"highway","default_image_id":0,"font":"","enabled":false},"version":2}},"categories":[214],"tags":[394,726,396,212],"class_list":["post-16635","post","type-post","status-publish","format-standard","hentry","category-les-enfants","tag-decoration","tag-enfants","tag-pensees","tag-rainbow"],"jetpack_publicize_connections":[],"jetpack_featured_media_url":"","jetpack_shortlink":"https:\/\/wp.me\/posPp-4kj","jetpack_sharing_enabled":true,"jetpack-related-posts":[],"_links":{"self":[{"href":"https:\/\/libelul.com\/index.php?rest_route=\/wp\/v2\/posts\/16635","targetHints":{"allow":["GET"]}}],"collection":[{"href":"https:\/\/libelul.com\/index.php?rest_route=\/wp\/v2\/posts"}],"about":[{"href":"https:\/\/libelul.com\/index.php?rest_route=\/wp\/v2\/types\/post"}],"author":[{"embeddable":true,"href":"https:\/\/libelul.com\/index.php?rest_route=\/wp\/v2\/users\/1"}],"replies":[{"embeddable":true,"href":"https:\/\/libelul.com\/index.php?rest_route=%2Fwp%2Fv2%2Fcomments&post=16635"}],"version-history":[{"count":1,"href":"https:\/\/libelul.com\/index.php?rest_route=\/wp\/v2\/posts\/16635\/revisions"}],"predecessor-version":[{"id":16637,"href":"https:\/\/libelul.com\/index.php?rest_route=\/wp\/v2\/posts\/16635\/revisions\/16637"}],"wp:attachment":[{"href":"https:\/\/libelul.com\/index.php?rest_route=%2Fwp%2Fv2%2Fmedia&parent=16635"}],"wp:term":[{"taxonomy":"category","embeddable":true,"href":"https:\/\/libelul.com\/index.php?rest_route=%2Fwp%2Fv2%2Fcategories&post=16635"},{"taxonomy":"post_tag","embeddable":true,"href":"https:\/\/libelul.com\/index.php?rest_route=%2Fwp%2Fv2%2Ftags&post=16635"}],"curies":[{"name":"wp","href":"https:\/\/api.w.org\/{rel}","templated":true}]}}