{"id":17020,"date":"2013-09-23T05:30:19","date_gmt":"2013-09-23T03:30:19","guid":{"rendered":"http:\/\/libelul.com\/?p=17020"},"modified":"2013-09-23T00:10:52","modified_gmt":"2013-09-22T22:10:52","slug":"lepopee-fantastique-en-deux-sevres","status":"publish","type":"post","link":"https:\/\/libelul.com\/?p=17020","title":{"rendered":"L&rsquo;\u00e9pop\u00e9e fantastique en Deux S\u00e8vres"},"content":{"rendered":"<p>Moi quand je ferme les yeux, je repense aux Deux S\u00e8vres.<br \/>\nCes jours de pr\u00e9cieux bonheur,<br \/>\nQue j&rsquo;ai eu la chance de d\u00e9guster,<br \/>\nJuste avant la rentr\u00e9e.<\/p>\n<p>Nich\u00e9s entre deux mondes,<br \/>\nCelui des plaines et des marais,<br \/>\nLes Deux S\u00e8vres est un petit cabinet de curiosit\u00e9s,<br \/>\nQue j&rsquo;ai eu la chance de visiter.<\/p>\n<p>Un horizon fait de terres c\u00e9r\u00e9ali\u00e8res,<br \/>\nVu du Ch\u00e2teau de Saint Mesmin et tour de gu\u00e9s,<br \/>\nO\u00f9 l&rsquo;histoire de l&rsquo;art m\u00e9di\u00e9val nous a \u00e9t\u00e9 cont\u00e9,<br \/>\nPar Perrine \u00e0 l&rsquo;artiste f\u00e9e,<br \/>\nEt o\u00f9 prise par la magie du lieu,<br \/>\nPour une fois je n&rsquo;ai pas voulu \u00eatre M\u00e9lusine,<br \/>\nMais \u00eatre un courageux chevalier.<\/p>\n<p style=\"text-align: center;\"><img loading=\"lazy\" decoding=\"async\" data-attachment-id=\"17021\" data-permalink=\"https:\/\/libelul.com\/?attachment_id=17021\" data-orig-file=\"https:\/\/libelul.com\/wp-content\/uploads\/2013\/09\/saint-mesmin-01-by-libelul.jpg\" data-orig-size=\"540,385\" data-comments-opened=\"1\" data-image-meta=\"{&quot;aperture&quot;:&quot;0&quot;,&quot;credit&quot;:&quot;&quot;,&quot;camera&quot;:&quot;&quot;,&quot;caption&quot;:&quot;&quot;,&quot;created_timestamp&quot;:&quot;0&quot;,&quot;copyright&quot;:&quot;&quot;,&quot;focal_length&quot;:&quot;0&quot;,&quot;iso&quot;:&quot;0&quot;,&quot;shutter_speed&quot;:&quot;0&quot;,&quot;title&quot;:&quot;&quot;}\" data-image-title=\"saint-mesmin-01-by-libelul\" data-image-description=\"\" data-image-caption=\"\" data-medium-file=\"https:\/\/libelul.com\/wp-content\/uploads\/2013\/09\/saint-mesmin-01-by-libelul-450x320.jpg\" data-large-file=\"https:\/\/libelul.com\/wp-content\/uploads\/2013\/09\/saint-mesmin-01-by-libelul.jpg\" class=\"alignnone size-full wp-image-17021\" alt=\"saint-mesmin-01-by-libelul\" src=\"http:\/\/libelul.com\/wp-content\/uploads\/2013\/09\/saint-mesmin-01-by-libelul.jpg\" width=\"540\" height=\"385\" srcset=\"https:\/\/libelul.com\/wp-content\/uploads\/2013\/09\/saint-mesmin-01-by-libelul.jpg 540w, https:\/\/libelul.com\/wp-content\/uploads\/2013\/09\/saint-mesmin-01-by-libelul-450x320.jpg 450w\" sizes=\"auto, (max-width: 540px) 100vw, 540px\" \/><img loading=\"lazy\" decoding=\"async\" data-attachment-id=\"17024\" data-permalink=\"https:\/\/libelul.com\/?attachment_id=17024\" data-orig-file=\"https:\/\/libelul.com\/wp-content\/uploads\/2013\/09\/saint-mesmin-04-by-libelul.jpg\" data-orig-size=\"540,800\" data-comments-opened=\"1\" data-image-meta=\"{&quot;aperture&quot;:&quot;0&quot;,&quot;credit&quot;:&quot;&quot;,&quot;camera&quot;:&quot;&quot;,&quot;caption&quot;:&quot;&quot;,&quot;created_timestamp&quot;:&quot;0&quot;,&quot;copyright&quot;:&quot;&quot;,&quot;focal_length&quot;:&quot;0&quot;,&quot;iso&quot;:&quot;0&quot;,&quot;shutter_speed&quot;:&quot;0&quot;,&quot;title&quot;:&quot;&quot;}\" data-image-title=\"saint-mesmin-04-by-libelul\" data-image-description=\"\" data-image-caption=\"\" data-medium-file=\"https:\/\/libelul.com\/wp-content\/uploads\/2013\/09\/saint-mesmin-04-by-libelul-450x666.jpg\" data-large-file=\"https:\/\/libelul.com\/wp-content\/uploads\/2013\/09\/saint-mesmin-04-by-libelul.jpg\" class=\"alignnone size-large wp-image-17024\" alt=\"saint-mesmin-04-by-libelul\" src=\"http:\/\/libelul.com\/wp-content\/uploads\/2013\/09\/saint-mesmin-04-by-libelul.jpg\" width=\"540\" height=\"800\" srcset=\"https:\/\/libelul.com\/wp-content\/uploads\/2013\/09\/saint-mesmin-04-by-libelul.jpg 540w, https:\/\/libelul.com\/wp-content\/uploads\/2013\/09\/saint-mesmin-04-by-libelul-450x666.jpg 450w\" sizes=\"auto, (max-width: 540px) 100vw, 540px\" \/><img loading=\"lazy\" decoding=\"async\" data-attachment-id=\"17033\" data-permalink=\"https:\/\/libelul.com\/?attachment_id=17033\" data-orig-file=\"https:\/\/libelul.com\/wp-content\/uploads\/2013\/09\/saint-mesmin-13-by-libelul.jpg\" data-orig-size=\"540,385\" data-comments-opened=\"1\" data-image-meta=\"{&quot;aperture&quot;:&quot;0&quot;,&quot;credit&quot;:&quot;&quot;,&quot;camera&quot;:&quot;&quot;,&quot;caption&quot;:&quot;&quot;,&quot;created_timestamp&quot;:&quot;0&quot;,&quot;copyright&quot;:&quot;&quot;,&quot;focal_length&quot;:&quot;0&quot;,&quot;iso&quot;:&quot;0&quot;,&quot;shutter_speed&quot;:&quot;0&quot;,&quot;title&quot;:&quot;&quot;}\" data-image-title=\"saint-mesmin-13-by-libelul\" data-image-description=\"\" data-image-caption=\"\" data-medium-file=\"https:\/\/libelul.com\/wp-content\/uploads\/2013\/09\/saint-mesmin-13-by-libelul-450x320.jpg\" data-large-file=\"https:\/\/libelul.com\/wp-content\/uploads\/2013\/09\/saint-mesmin-13-by-libelul.jpg\" class=\"alignnone size-full wp-image-17033\" alt=\"saint-mesmin-13-by-libelul\" src=\"http:\/\/libelul.com\/wp-content\/uploads\/2013\/09\/saint-mesmin-13-by-libelul.jpg\" width=\"540\" height=\"385\" srcset=\"https:\/\/libelul.com\/wp-content\/uploads\/2013\/09\/saint-mesmin-13-by-libelul.jpg 540w, https:\/\/libelul.com\/wp-content\/uploads\/2013\/09\/saint-mesmin-13-by-libelul-450x320.jpg 450w\" sizes=\"auto, (max-width: 540px) 100vw, 540px\" \/><br \/>\n<img loading=\"lazy\" decoding=\"async\" data-attachment-id=\"17034\" data-permalink=\"https:\/\/libelul.com\/?attachment_id=17034\" data-orig-file=\"https:\/\/libelul.com\/wp-content\/uploads\/2013\/09\/saint-mesmin-14-by-libelul.jpg\" data-orig-size=\"540,800\" data-comments-opened=\"1\" data-image-meta=\"{&quot;aperture&quot;:&quot;0&quot;,&quot;credit&quot;:&quot;&quot;,&quot;camera&quot;:&quot;&quot;,&quot;caption&quot;:&quot;&quot;,&quot;created_timestamp&quot;:&quot;0&quot;,&quot;copyright&quot;:&quot;&quot;,&quot;focal_length&quot;:&quot;0&quot;,&quot;iso&quot;:&quot;0&quot;,&quot;shutter_speed&quot;:&quot;0&quot;,&quot;title&quot;:&quot;&quot;}\" data-image-title=\"saint-mesmin-14-by-libelul\" data-image-description=\"\" data-image-caption=\"\" data-medium-file=\"https:\/\/libelul.com\/wp-content\/uploads\/2013\/09\/saint-mesmin-14-by-libelul-450x666.jpg\" data-large-file=\"https:\/\/libelul.com\/wp-content\/uploads\/2013\/09\/saint-mesmin-14-by-libelul.jpg\" class=\"alignnone size-full wp-image-17034\" alt=\"saint-mesmin-14-by-libelul\" src=\"http:\/\/libelul.com\/wp-content\/uploads\/2013\/09\/saint-mesmin-14-by-libelul.jpg\" width=\"540\" height=\"800\" srcset=\"https:\/\/libelul.com\/wp-content\/uploads\/2013\/09\/saint-mesmin-14-by-libelul.jpg 540w, https:\/\/libelul.com\/wp-content\/uploads\/2013\/09\/saint-mesmin-14-by-libelul-450x666.jpg 450w\" sizes=\"auto, (max-width: 540px) 100vw, 540px\" \/><br \/>\n<img loading=\"lazy\" decoding=\"async\" alt=\"saint-mesmin-09-by-libelul\" src=\"http:\/\/libelul.com\/wp-content\/uploads\/2013\/09\/saint-mesmin-09-by-libelul.jpg\" width=\"540\" height=\"385\" \/><br \/>\n<img loading=\"lazy\" decoding=\"async\" data-attachment-id=\"17032\" data-permalink=\"https:\/\/libelul.com\/?attachment_id=17032\" data-orig-file=\"https:\/\/libelul.com\/wp-content\/uploads\/2013\/09\/saint-mesmin-12-by-libelul.jpg\" data-orig-size=\"540,385\" data-comments-opened=\"1\" data-image-meta=\"{&quot;aperture&quot;:&quot;0&quot;,&quot;credit&quot;:&quot;&quot;,&quot;camera&quot;:&quot;&quot;,&quot;caption&quot;:&quot;&quot;,&quot;created_timestamp&quot;:&quot;0&quot;,&quot;copyright&quot;:&quot;&quot;,&quot;focal_length&quot;:&quot;0&quot;,&quot;iso&quot;:&quot;0&quot;,&quot;shutter_speed&quot;:&quot;0&quot;,&quot;title&quot;:&quot;&quot;}\" data-image-title=\"saint-mesmin-12-by-libelul\" data-image-description=\"\" data-image-caption=\"\" data-medium-file=\"https:\/\/libelul.com\/wp-content\/uploads\/2013\/09\/saint-mesmin-12-by-libelul-450x320.jpg\" data-large-file=\"https:\/\/libelul.com\/wp-content\/uploads\/2013\/09\/saint-mesmin-12-by-libelul.jpg\" class=\"alignnone size-full wp-image-17032\" alt=\"saint-mesmin-12-by-libelul\" src=\"http:\/\/libelul.com\/wp-content\/uploads\/2013\/09\/saint-mesmin-12-by-libelul.jpg\" width=\"540\" height=\"385\" srcset=\"https:\/\/libelul.com\/wp-content\/uploads\/2013\/09\/saint-mesmin-12-by-libelul.jpg 540w, https:\/\/libelul.com\/wp-content\/uploads\/2013\/09\/saint-mesmin-12-by-libelul-450x320.jpg 450w\" sizes=\"auto, (max-width: 540px) 100vw, 540px\" \/><br \/>\n<img loading=\"lazy\" decoding=\"async\" data-attachment-id=\"17031\" data-permalink=\"https:\/\/libelul.com\/?attachment_id=17031\" data-orig-file=\"https:\/\/libelul.com\/wp-content\/uploads\/2013\/09\/saint-mesmin-11-by-libelul.jpg\" data-orig-size=\"540,800\" data-comments-opened=\"1\" data-image-meta=\"{&quot;aperture&quot;:&quot;0&quot;,&quot;credit&quot;:&quot;&quot;,&quot;camera&quot;:&quot;&quot;,&quot;caption&quot;:&quot;&quot;,&quot;created_timestamp&quot;:&quot;0&quot;,&quot;copyright&quot;:&quot;&quot;,&quot;focal_length&quot;:&quot;0&quot;,&quot;iso&quot;:&quot;0&quot;,&quot;shutter_speed&quot;:&quot;0&quot;,&quot;title&quot;:&quot;&quot;}\" data-image-title=\"saint-mesmin-11-by-libelul\" data-image-description=\"\" data-image-caption=\"\" data-medium-file=\"https:\/\/libelul.com\/wp-content\/uploads\/2013\/09\/saint-mesmin-11-by-libelul-450x666.jpg\" data-large-file=\"https:\/\/libelul.com\/wp-content\/uploads\/2013\/09\/saint-mesmin-11-by-libelul.jpg\" class=\"alignnone size-full wp-image-17031\" alt=\"saint-mesmin-11-by-libelul\" src=\"http:\/\/libelul.com\/wp-content\/uploads\/2013\/09\/saint-mesmin-11-by-libelul.jpg\" width=\"540\" height=\"800\" srcset=\"https:\/\/libelul.com\/wp-content\/uploads\/2013\/09\/saint-mesmin-11-by-libelul.jpg 540w, https:\/\/libelul.com\/wp-content\/uploads\/2013\/09\/saint-mesmin-11-by-libelul-450x666.jpg 450w\" sizes=\"auto, (max-width: 540px) 100vw, 540px\" \/><br \/>\n<img loading=\"lazy\" decoding=\"async\" data-attachment-id=\"17027\" data-permalink=\"https:\/\/libelul.com\/?attachment_id=17027\" data-orig-file=\"https:\/\/libelul.com\/wp-content\/uploads\/2013\/09\/saint-mesmin-07-by-libelul.jpg\" data-orig-size=\"540,385\" data-comments-opened=\"1\" data-image-meta=\"{&quot;aperture&quot;:&quot;0&quot;,&quot;credit&quot;:&quot;&quot;,&quot;camera&quot;:&quot;&quot;,&quot;caption&quot;:&quot;&quot;,&quot;created_timestamp&quot;:&quot;0&quot;,&quot;copyright&quot;:&quot;&quot;,&quot;focal_length&quot;:&quot;0&quot;,&quot;iso&quot;:&quot;0&quot;,&quot;shutter_speed&quot;:&quot;0&quot;,&quot;title&quot;:&quot;&quot;}\" data-image-title=\"saint-mesmin-07-by-libelul\" data-image-description=\"\" data-image-caption=\"\" data-medium-file=\"https:\/\/libelul.com\/wp-content\/uploads\/2013\/09\/saint-mesmin-07-by-libelul-450x320.jpg\" data-large-file=\"https:\/\/libelul.com\/wp-content\/uploads\/2013\/09\/saint-mesmin-07-by-libelul.jpg\" class=\"alignnone size-large wp-image-17027\" alt=\"saint-mesmin-07-by-libelul\" src=\"http:\/\/libelul.com\/wp-content\/uploads\/2013\/09\/saint-mesmin-07-by-libelul.jpg\" width=\"540\" height=\"385\" srcset=\"https:\/\/libelul.com\/wp-content\/uploads\/2013\/09\/saint-mesmin-07-by-libelul.jpg 540w, https:\/\/libelul.com\/wp-content\/uploads\/2013\/09\/saint-mesmin-07-by-libelul-450x320.jpg 450w\" sizes=\"auto, (max-width: 540px) 100vw, 540px\" \/> <img loading=\"lazy\" decoding=\"async\" data-attachment-id=\"17028\" data-permalink=\"https:\/\/libelul.com\/?attachment_id=17028\" data-orig-file=\"https:\/\/libelul.com\/wp-content\/uploads\/2013\/09\/saint-mesmin-08-by-libelul.jpg\" data-orig-size=\"540,385\" data-comments-opened=\"1\" data-image-meta=\"{&quot;aperture&quot;:&quot;0&quot;,&quot;credit&quot;:&quot;&quot;,&quot;camera&quot;:&quot;&quot;,&quot;caption&quot;:&quot;&quot;,&quot;created_timestamp&quot;:&quot;0&quot;,&quot;copyright&quot;:&quot;&quot;,&quot;focal_length&quot;:&quot;0&quot;,&quot;iso&quot;:&quot;0&quot;,&quot;shutter_speed&quot;:&quot;0&quot;,&quot;title&quot;:&quot;&quot;}\" data-image-title=\"saint-mesmin-08-by-libelul\" data-image-description=\"\" data-image-caption=\"\" data-medium-file=\"https:\/\/libelul.com\/wp-content\/uploads\/2013\/09\/saint-mesmin-08-by-libelul-450x320.jpg\" data-large-file=\"https:\/\/libelul.com\/wp-content\/uploads\/2013\/09\/saint-mesmin-08-by-libelul.jpg\" class=\"alignnone size-large wp-image-17028\" alt=\"saint-mesmin-08-by-libelul\" src=\"http:\/\/libelul.com\/wp-content\/uploads\/2013\/09\/saint-mesmin-08-by-libelul.jpg\" width=\"540\" height=\"385\" srcset=\"https:\/\/libelul.com\/wp-content\/uploads\/2013\/09\/saint-mesmin-08-by-libelul.jpg 540w, https:\/\/libelul.com\/wp-content\/uploads\/2013\/09\/saint-mesmin-08-by-libelul-450x320.jpg 450w\" sizes=\"auto, (max-width: 540px) 100vw, 540px\" \/><\/p>\n<p><img loading=\"lazy\" decoding=\"async\" data-attachment-id=\"17030\" data-permalink=\"https:\/\/libelul.com\/?attachment_id=17030\" data-orig-file=\"https:\/\/libelul.com\/wp-content\/uploads\/2013\/09\/saint-mesmin-10-by-libelul.jpg\" data-orig-size=\"540,540\" data-comments-opened=\"1\" data-image-meta=\"{&quot;aperture&quot;:&quot;0&quot;,&quot;credit&quot;:&quot;&quot;,&quot;camera&quot;:&quot;&quot;,&quot;caption&quot;:&quot;&quot;,&quot;created_timestamp&quot;:&quot;0&quot;,&quot;copyright&quot;:&quot;&quot;,&quot;focal_length&quot;:&quot;0&quot;,&quot;iso&quot;:&quot;0&quot;,&quot;shutter_speed&quot;:&quot;0&quot;,&quot;title&quot;:&quot;&quot;}\" data-image-title=\"saint-mesmin-10-by-libelul\" data-image-description=\"\" data-image-caption=\"\" data-medium-file=\"https:\/\/libelul.com\/wp-content\/uploads\/2013\/09\/saint-mesmin-10-by-libelul-450x450.jpg\" data-large-file=\"https:\/\/libelul.com\/wp-content\/uploads\/2013\/09\/saint-mesmin-10-by-libelul.jpg\" class=\"alignnone size-large wp-image-17030\" alt=\"saint-mesmin-10-by-libelul\" src=\"http:\/\/libelul.com\/wp-content\/uploads\/2013\/09\/saint-mesmin-10-by-libelul.jpg\" width=\"540\" height=\"540\" srcset=\"https:\/\/libelul.com\/wp-content\/uploads\/2013\/09\/saint-mesmin-10-by-libelul.jpg 540w, https:\/\/libelul.com\/wp-content\/uploads\/2013\/09\/saint-mesmin-10-by-libelul-135x135.jpg 135w, https:\/\/libelul.com\/wp-content\/uploads\/2013\/09\/saint-mesmin-10-by-libelul-450x450.jpg 450w\" sizes=\"auto, (max-width: 540px) 100vw, 540px\" \/><\/p>\n<p style=\"text-align: center;\"><strong><a href=\"http:\/\/www.chateau-saintmesmin.com\/\" target=\"_blank\">Ch\u00e2teau de Saint Mesmin<\/a> \/ Septembre 2013<br \/>\nEtape #1 de mon s\u00e9jour dans les <a href=\"http:\/\/www.yaquoiavoir.com\/\" target=\"_blank\">Deux S\u00e8vres<\/a><\/strong><\/p>\n<p style=\"text-align: center;\">Visites &amp; Animations saisonni\u00e8res :<br \/>\nAdultes 6 \u20ac \/ Enfants 6-14 ans 3 \u20ac<\/p>\n<p>Ateliers anniversaires enfants &#8211; Banquets m\u00e9di\u00e9vaux<\/p>\n<p>Une plong\u00e9e en \u00e9poque m\u00e9di\u00e9vale pour cette premi\u00e8re journ\u00e9e,<br \/>\nEt demain je vous montre ma nuit de princesse au Ch\u00e2teau de Tennessus.<\/p>\n<p>En attendant je retourne \u00e0 la supervision des travaux,<br \/>\nEt aux centaines de probl\u00e8mes, questions, d\u00e9cisions \u00e0 prendre.<br \/>\nVivement la fin de ce chantier, que la d\u00e9co redevienne un passe temps \ud83d\ude09<\/p>\n<p><strong>En vous souhaitant une excellente semaine !<\/strong><\/p>\n<p><em>Merci encore \u00e0 Stella de <a href=\"http:\/\/www.tourisme-deux-sevres.com\/\" target=\"_blank\">Tourisme Deux S\u00e8vres<\/a>,<\/em><br \/>\n<em>Pour un accueil et un sourire Fraise Tagada !<\/em><\/p>\n<p><em>Merci aussi \u00e0 <a href=\"http:\/\/djisupertramp.com\/\" target=\"_blank\">J\u00e9r\u00e9my<\/a> qui a r\u00e9v\u00e9l\u00e9 en moi un style Gaultier\/Chevalier,<\/em><br \/>\n<em>Que je crois bien que je vais adopter,<\/em><br \/>\n<em>Et Nicolas de <a href=\"http:\/\/www.we-like-travel.com\/\" target=\"_blank\">We like Travel<\/a> pour un accueil inoubliable.<\/em><\/p>\n","protected":false},"excerpt":{"rendered":"<a href=\"https:\/\/libelul.com\/?p=17020\"><img decoding=\"async\" width=\"270\" src=\"\" class=\"alignleft wp-post-image tfe\" alt=\"\" title=\"\" \/><\/a><p>Moi quand je ferme les yeux, je repense aux Deux S\u00e8vres. Ces jours de pr\u00e9cieux bonheur, Que j&rsquo;ai eu la chance de d\u00e9guster, Juste avant la rentr\u00e9e. Nich\u00e9s entre deux mondes, Celui des plaines et des marais, Les Deux S\u00e8vres est un petit cabinet de curiosit\u00e9s, Que j&rsquo;ai eu la chance de visiter. Un horizon [&hellip;]<\/p>\n","protected":false},"author":1,"featured_media":0,"comment_status":"open","ping_status":"open","sticky":false,"template":"","format":"standard","meta":{"jetpack_post_was_ever_published":false,"_jetpack_newsletter_access":"","_jetpack_dont_email_post_to_subs":false,"_jetpack_newsletter_tier_id":0,"_jetpack_memberships_contains_paywalled_content":false,"_jetpack_memberships_contains_paid_content":false,"footnotes":"","jetpack_publicize_message":"","jetpack_publicize_feature_enabled":true,"jetpack_social_post_already_shared":false,"jetpack_social_options":{"image_generator_settings":{"template":"highway","default_image_id":0,"font":"","enabled":false},"version":2}},"categories":[224],"tags":[803,23],"class_list":["post-17020","post","type-post","status-publish","format-standard","hentry","category-de-si-beaux-voyages","tag-deux-sevres","tag-voyages"],"jetpack_publicize_connections":[],"jetpack_featured_media_url":"","jetpack_shortlink":"https:\/\/wp.me\/posPp-4qw","jetpack_sharing_enabled":true,"jetpack-related-posts":[],"_links":{"self":[{"href":"https:\/\/libelul.com\/index.php?rest_route=\/wp\/v2\/posts\/17020","targetHints":{"allow":["GET"]}}],"collection":[{"href":"https:\/\/libelul.com\/index.php?rest_route=\/wp\/v2\/posts"}],"about":[{"href":"https:\/\/libelul.com\/index.php?rest_route=\/wp\/v2\/types\/post"}],"author":[{"embeddable":true,"href":"https:\/\/libelul.com\/index.php?rest_route=\/wp\/v2\/users\/1"}],"replies":[{"embeddable":true,"href":"https:\/\/libelul.com\/index.php?rest_route=%2Fwp%2Fv2%2Fcomments&post=17020"}],"version-history":[{"count":1,"href":"https:\/\/libelul.com\/index.php?rest_route=\/wp\/v2\/posts\/17020\/revisions"}],"predecessor-version":[{"id":17035,"href":"https:\/\/libelul.com\/index.php?rest_route=\/wp\/v2\/posts\/17020\/revisions\/17035"}],"wp:attachment":[{"href":"https:\/\/libelul.com\/index.php?rest_route=%2Fwp%2Fv2%2Fmedia&parent=17020"}],"wp:term":[{"taxonomy":"category","embeddable":true,"href":"https:\/\/libelul.com\/index.php?rest_route=%2Fwp%2Fv2%2Fcategories&post=17020"},{"taxonomy":"post_tag","embeddable":true,"href":"https:\/\/libelul.com\/index.php?rest_route=%2Fwp%2Fv2%2Ftags&post=17020"}],"curies":[{"name":"wp","href":"https:\/\/api.w.org\/{rel}","templated":true}]}}