{"id":192,"date":"2009-01-14T11:58:28","date_gmt":"2009-01-14T09:58:28","guid":{"rendered":"http:\/\/libelul.com\/?p=192"},"modified":"2011-05-02T17:11:57","modified_gmt":"2011-05-02T15:11:57","slug":"virginie-canon-et-moi","status":"publish","type":"post","link":"https:\/\/libelul.com\/?p=192","title":{"rendered":"Virginie, Canon et moi"},"content":{"rendered":"<p>Moi la photo \u00e7\u00e0 n&rsquo;a jamais \u00e9t\u00e9 vraiment mon truc.<br \/>\nSauf peut-\u00eatre une fois quand j&rsquo;ai emprunt\u00e9 le reflex de Papa, qui l&rsquo;avait achet\u00e9 je ne sais plus pourquoi puisque lui non plus la photo c&rsquo;est vraiment pas son truc; et que je l&rsquo;avais apport\u00e9 \u00e0 l&rsquo;\u00e9cole. La pellicule \u00e9tait Noir et Blanc et les photos d&rsquo;un autre temps. Elles sont belles, enfin pour moi surtout.<\/p>\n<p>Donc je disais la photo non &#8211; ou alors juste en vacances, la s\u00e9rie de photo que l&rsquo;on regarde une fois pour se rem\u00e9morer la vie.<br \/>\nMais le cadrage, ISO truc et profondeur champs (de bl\u00e9? de quoi?) &#8230; trop technique pour moi.<\/p>\n<p>Je laisse \u00e7\u00e0 aux sp\u00e9cialistes, et surtout ma voisine Virginie &#8211; qui fait des photos sublimes, touchantes, humaines, qui racontent de vraies histoires. Bref de la photo &#8211; la vraie.<\/p>\n<p>Et puis cette ann\u00e9e, le p\u00e8re no\u00ebl a d\u00fb trop boire et se tromper d&rsquo;appart; mais sous le sapin il y avait un Canon 450 EOS &#8211; les sp\u00e9cialistes sauront si c&rsquo;est bien ou pas, pour moi c&rsquo;est juste trop grand, trop lourd et pas assez design &#8211; bref carr\u00e9ment pas moi.<br \/>\nMoi j&rsquo;avais d\u00e9j\u00e0 eu pour mon anniversaire en juin une Handycam HD Sony toute petite, toute jolie, et surtout qui m&rsquo;a suivi \u00e0 la maternit\u00e9 et qui a vu les premi\u00e8res secondes de la vie de James.<\/p>\n<p>Apr\u00e8s avoir beaucoup boud\u00e9, j&rsquo;ai finalement essay\u00e9 le fameux Canon &#8211; que je peux m\u00eame pas mettre dans un joli sac \u00e0 main que j&rsquo;ai justement pas eu \u00e0 No\u00ebl.<br \/>\nEt l\u00e0 les photos sont effectivement d&rsquo;un autre niveau (j\u2019ai pas dit sublime \u2013genre artistique)<br \/>\nJe commence donc doucement \u00e0 comprendre la photo, la lumi\u00e8re (sauf la fameuse profondeur de champ qui me fait surtout penser \u00e0 la campagne et aux hectares de champs).<br \/>\nDonc du coup pour ne pas mourir idiote j&rsquo;ai demand\u00e9 \u00e0 Virginie &#8211; LA sp\u00e9cialiste et surtout artiste, quelques explications pour me servir de l&rsquo;engin.<br \/>\nEn 3 mouvements elle a fait un r\u00e9glage (je ne me souviens plus du nom) que j&rsquo;ai pas os\u00e9 toucher parce que c&rsquo;\u00e9tait super, et encore mieux qu&rsquo;avant.<\/p>\n<p>Cette semaine donc, je vais , apr\u00e8s consultation aupr\u00e8s de Virginie, peut-\u00eatre si elle me donne son accord final; m&rsquo;acheter l&rsquo;objectif 50mm focale 1.4 &#8211; en langage clair un objectif qui va me permettre de prendre des jolies photos de James le soir sans l&rsquo;aveugler avec le flash ou me ruiner en facture EDF !<br \/>\nUn grand merci donc \u00e0 Virginie qui voit toujours la vie avec un \u0153il diff\u00e9rent, et que j&rsquo;aime pour \u00e7\u00e0 et plein d\u2019autres choses!<\/p>\n<p style=\"text-align: center;\"><img loading=\"lazy\" decoding=\"async\" data-attachment-id=\"193\" data-permalink=\"https:\/\/libelul.com\/?attachment_id=193\" data-orig-file=\"https:\/\/libelul.com\/wp-content\/uploads\/2009\/01\/canon.jpg\" data-orig-size=\"369,402\" data-comments-opened=\"1\" data-image-meta=\"{&quot;aperture&quot;:&quot;0&quot;,&quot;credit&quot;:&quot;&quot;,&quot;camera&quot;:&quot;&quot;,&quot;caption&quot;:&quot;&quot;,&quot;created_timestamp&quot;:&quot;0&quot;,&quot;copyright&quot;:&quot;&quot;,&quot;focal_length&quot;:&quot;0&quot;,&quot;iso&quot;:&quot;0&quot;,&quot;shutter_speed&quot;:&quot;0&quot;,&quot;title&quot;:&quot;&quot;}\" data-image-title=\"canon\" data-image-description=\"\" data-image-caption=\"\" data-medium-file=\"https:\/\/libelul.com\/wp-content\/uploads\/2009\/01\/canon.jpg\" data-large-file=\"https:\/\/libelul.com\/wp-content\/uploads\/2009\/01\/canon.jpg\" class=\"size-medium wp-image-193\" title=\"canon\" src=\"http:\/\/libelul.com\/wp-content\/uploads\/2009\/01\/canon-275x300.jpg\" alt=\"canon\" width=\"275\" height=\"300\" \/><\/p>\n","protected":false},"excerpt":{"rendered":"<a href=\"https:\/\/libelul.com\/?p=192\"><img decoding=\"async\" width=\"270\" src=\"\" class=\"alignleft wp-post-image tfe\" alt=\"\" title=\"\" \/><\/a><p>Moi la photo \u00e7\u00e0 n&rsquo;a jamais \u00e9t\u00e9 vraiment mon truc. Sauf peut-\u00eatre une fois quand j&rsquo;ai emprunt\u00e9 le reflex de Papa, qui l&rsquo;avait achet\u00e9 je ne sais plus pourquoi puisque lui non plus la photo c&rsquo;est vraiment pas son truc; et que je l&rsquo;avais apport\u00e9 \u00e0 l&rsquo;\u00e9cole. La pellicule \u00e9tait Noir et Blanc et les [&hellip;]<\/p>\n","protected":false},"author":1,"featured_media":0,"comment_status":"open","ping_status":"open","sticky":false,"template":"","format":"standard","meta":{"jetpack_post_was_ever_published":false,"_jetpack_newsletter_access":"","_jetpack_dont_email_post_to_subs":false,"_jetpack_newsletter_tier_id":0,"_jetpack_memberships_contains_paywalled_content":false,"_jetpack_memberships_contains_paid_content":false,"footnotes":"","jetpack_publicize_message":"","jetpack_publicize_feature_enabled":true,"jetpack_social_post_already_shared":false,"jetpack_social_options":{"image_generator_settings":{"template":"highway","default_image_id":0,"font":"","enabled":false},"version":2}},"categories":[38],"tags":[96,116,396,98],"class_list":["post-192","post","type-post","status-publish","format-standard","hentry","category-mes-humeurs-et-concours","tag-design","tag-noel","tag-pensees","tag-vacances"],"jetpack_publicize_connections":[],"jetpack_featured_media_url":"","jetpack_shortlink":"https:\/\/wp.me\/posPp-36","jetpack_sharing_enabled":true,"jetpack-related-posts":[],"_links":{"self":[{"href":"https:\/\/libelul.com\/index.php?rest_route=\/wp\/v2\/posts\/192","targetHints":{"allow":["GET"]}}],"collection":[{"href":"https:\/\/libelul.com\/index.php?rest_route=\/wp\/v2\/posts"}],"about":[{"href":"https:\/\/libelul.com\/index.php?rest_route=\/wp\/v2\/types\/post"}],"author":[{"embeddable":true,"href":"https:\/\/libelul.com\/index.php?rest_route=\/wp\/v2\/users\/1"}],"replies":[{"embeddable":true,"href":"https:\/\/libelul.com\/index.php?rest_route=%2Fwp%2Fv2%2Fcomments&post=192"}],"version-history":[{"count":0,"href":"https:\/\/libelul.com\/index.php?rest_route=\/wp\/v2\/posts\/192\/revisions"}],"wp:attachment":[{"href":"https:\/\/libelul.com\/index.php?rest_route=%2Fwp%2Fv2%2Fmedia&parent=192"}],"wp:term":[{"taxonomy":"category","embeddable":true,"href":"https:\/\/libelul.com\/index.php?rest_route=%2Fwp%2Fv2%2Fcategories&post=192"},{"taxonomy":"post_tag","embeddable":true,"href":"https:\/\/libelul.com\/index.php?rest_route=%2Fwp%2Fv2%2Ftags&post=192"}],"curies":[{"name":"wp","href":"https:\/\/api.w.org\/{rel}","templated":true}]}}