{"id":2290,"date":"2009-12-11T15:47:20","date_gmt":"2009-12-11T13:47:20","guid":{"rendered":"http:\/\/libelul.com\/?p=2290"},"modified":"2010-05-07T21:56:58","modified_gmt":"2010-05-07T19:56:58","slug":"rt-annouchka-toujours-pas-de-sapin","status":"publish","type":"post","link":"https:\/\/libelul.com\/?p=2290","title":{"rendered":"RT @annouchka Toujours pas de sapin !"},"content":{"rendered":"<p>Moi j&rsquo;aime bien r\u00e2ler.<br \/>\nJe r\u00e2le souvent c&rsquo;est vrai, mais depuis que je suis mari\u00e9e No\u00ebl semble une p\u00e9riode hyper propice aux ralages.<\/p>\n<p>Non je ne suis pas comme <a href=\"http:\/\/www.annouchka.fr\/idee-decoration-noel\/#utm_source=rss&amp;utm_medium=rss&amp;utm_campaign=idee-decoration-noel\" target=\"_blank\">Annouchka<\/a> qui n&rsquo;a pas de sapin \u00e0 cause de son petit chat. A vrai dire j&rsquo;ai deux chats et je m&rsquo;\u00e9tais jamais pos\u00e9 la question du chat seul &amp; les risques potentiels pour les-dit chats et surtout pour le sapin. Mais apr\u00e8s lecture de son post &#8230; je me dis que c&rsquo;est pas faux !<\/p>\n<p>Mon probl\u00e8me est profond, en fait la simple \u00e9vocation de No\u00ebl produit bizarrement chez Laurent, un repli int\u00e9rieur, un silence, comme une tortue qui aurait pris peur, et qui se dirait \u00ab\u00a0Ohh moi je vais rester bien au chaud dans ma petite carapace et je vais tranquillement attendre d\u00e9but Janvier\u00a0\u00bb.<\/p>\n<p>Pour moi No\u00ebl c&rsquo;est l&rsquo;enchantement, c&rsquo;est la part d&rsquo;enfance qui existe encore, avec ce joli P\u00e8re No\u00ebl, les X-mas carols, et la farandole de guirlandes et de lumi\u00e8res. C&rsquo;est \u00e7\u00e0 que je veux donner \u00e0 James aussi.<\/p>\n<p>Alors oui on est le 11 D\u00e9cembre, j&rsquo;ai toujours pas de sapin &#8211; l&rsquo;arriv\u00e9e de James et <a href=\"http:\/\/libelul.com\/?p=1618\" target=\"_blank\">la crainte que le sapin repr\u00e9sente<\/a> un danger existe &#8211; mais bon eh m*rde !!! C&rsquo;est NO\u00cbL !<\/p>\n<p>Je dis halte au rabat joie de No\u00ebl qui r\u00e9side sous mon toit !!!<\/p>\n<p>Parce que j&rsquo;ai trouv\u00e9 des sapins diff\u00e9rents, originaux, miniscules &#8230; comme ces snow globes \u00e0 fabriquer soi-m\u00eame avec des petits sapins \u00ab\u00a0Cake Toppers Vintage\u00a0\u00bb propos\u00e9s par <a href=\"http:\/\/www.juniorsociety.com\/2009\/01\/15\/the-weather-inside-is-frightful\/\" target=\"_blank\">Junior Society<\/a>.<\/p>\n<p style=\"text-align: center;\"><a href=\"http:\/\/libelul.com\/wp-content\/uploads\/2009\/12\/snowglobe1.jpg\"><img decoding=\"async\" data-attachment-id=\"2291\" data-permalink=\"https:\/\/libelul.com\/?attachment_id=2291\" data-orig-file=\"https:\/\/libelul.com\/wp-content\/uploads\/2009\/12\/snowglobe1.jpg\" data-orig-size=\"400,300\" data-comments-opened=\"1\" data-image-meta=\"{&quot;aperture&quot;:&quot;0&quot;,&quot;credit&quot;:&quot;&quot;,&quot;camera&quot;:&quot;&quot;,&quot;caption&quot;:&quot;&quot;,&quot;created_timestamp&quot;:&quot;0&quot;,&quot;copyright&quot;:&quot;&quot;,&quot;focal_length&quot;:&quot;0&quot;,&quot;iso&quot;:&quot;0&quot;,&quot;shutter_speed&quot;:&quot;0&quot;,&quot;title&quot;:&quot;&quot;}\" data-image-title=\"snowglobe1\" data-image-description=\"\" data-image-caption=\"\" data-medium-file=\"https:\/\/libelul.com\/wp-content\/uploads\/2009\/12\/snowglobe1-380x285.jpg\" data-large-file=\"https:\/\/libelul.com\/wp-content\/uploads\/2009\/12\/snowglobe1.jpg\" class=\"size-full wp-image-2291 aligncenter\" title=\"snowglobe1\" src=\"http:\/\/libelul.com\/wp-content\/uploads\/2009\/12\/snowglobe1.jpg\" alt=\"snowglobe1\" width=\"380\" srcset=\"https:\/\/libelul.com\/wp-content\/uploads\/2009\/12\/snowglobe1.jpg 400w, https:\/\/libelul.com\/wp-content\/uploads\/2009\/12\/snowglobe1-380x285.jpg 380w\" sizes=\"(max-width: 400px) 100vw, 400px\" \/><\/a><a href=\"http:\/\/libelul.com\/wp-content\/uploads\/2009\/12\/sapin1.jpg\"><\/a><\/p>\n<p style=\"text-align: center;\"><a href=\"http:\/\/libelul.com\/wp-content\/uploads\/2009\/12\/sapin1.jpg\"><img decoding=\"async\" data-attachment-id=\"2292\" data-permalink=\"https:\/\/libelul.com\/?attachment_id=2292\" data-orig-file=\"https:\/\/libelul.com\/wp-content\/uploads\/2009\/12\/sapin1.jpg\" data-orig-size=\"702,299\" data-comments-opened=\"1\" data-image-meta=\"{&quot;aperture&quot;:&quot;0&quot;,&quot;credit&quot;:&quot;&quot;,&quot;camera&quot;:&quot;&quot;,&quot;caption&quot;:&quot;&quot;,&quot;created_timestamp&quot;:&quot;0&quot;,&quot;copyright&quot;:&quot;&quot;,&quot;focal_length&quot;:&quot;0&quot;,&quot;iso&quot;:&quot;0&quot;,&quot;shutter_speed&quot;:&quot;0&quot;,&quot;title&quot;:&quot;&quot;}\" data-image-title=\"sapin1\" data-image-description=\"\" data-image-caption=\"\" data-medium-file=\"https:\/\/libelul.com\/wp-content\/uploads\/2009\/12\/sapin1-380x161.jpg\" data-large-file=\"https:\/\/libelul.com\/wp-content\/uploads\/2009\/12\/sapin1-450x191.jpg\" class=\"alignnone size-full wp-image-2292\" title=\"sapin1\" src=\"http:\/\/libelul.com\/wp-content\/uploads\/2009\/12\/sapin1.jpg\" alt=\"sapin1\" width=\"450\" srcset=\"https:\/\/libelul.com\/wp-content\/uploads\/2009\/12\/sapin1.jpg 702w, https:\/\/libelul.com\/wp-content\/uploads\/2009\/12\/sapin1-380x161.jpg 380w, https:\/\/libelul.com\/wp-content\/uploads\/2009\/12\/sapin1-450x191.jpg 450w\" sizes=\"(max-width: 702px) 100vw, 702px\" \/><\/a><\/p>\n<p>Mais entre-nous, rien de vaut \u00e0 mes yeux, le v\u00e9ritable sapin de No\u00ebl de mon enfance.<br \/>\nVous \u00eates de mon avis ? Je suis preneuse de toute autre forme d&rsquo;arguments pour faire changer mon Laurent ch\u00e9ri \ud83d\ude09<\/p>\n","protected":false},"excerpt":{"rendered":"<a href=\"https:\/\/libelul.com\/?p=2290\"><img decoding=\"async\" width=\"270\" src=\"\" class=\"alignleft wp-post-image tfe\" alt=\"\" title=\"\" \/><\/a><p>Moi j&rsquo;aime bien r\u00e2ler. Je r\u00e2le souvent c&rsquo;est vrai, mais depuis que je suis mari\u00e9e No\u00ebl semble une p\u00e9riode hyper propice aux ralages. Non je ne suis pas comme Annouchka qui n&rsquo;a pas de sapin \u00e0 cause de son petit chat. A vrai dire j&rsquo;ai deux chats et je m&rsquo;\u00e9tais jamais pos\u00e9 la question du [&hellip;]<\/p>\n","protected":false},"author":1,"featured_media":0,"comment_status":"open","ping_status":"open","sticky":false,"template":"","format":"standard","meta":{"jetpack_post_was_ever_published":false,"_jetpack_newsletter_access":"","_jetpack_dont_email_post_to_subs":false,"_jetpack_newsletter_tier_id":0,"_jetpack_memberships_contains_paywalled_content":false,"_jetpack_memberships_contains_paid_content":false,"footnotes":"","jetpack_publicize_message":"","jetpack_publicize_feature_enabled":true,"jetpack_social_post_already_shared":false,"jetpack_social_options":{"image_generator_settings":{"template":"highway","default_image_id":0,"font":"","enabled":false},"version":2}},"categories":[24],"tags":[394,147,116,9],"class_list":["post-2290","post","type-post","status-publish","format-standard","hentry","category-la-fete","tag-decoration","tag-guirlande","tag-noel","tag-vintage"],"jetpack_publicize_connections":[],"jetpack_featured_media_url":"","jetpack_shortlink":"https:\/\/wp.me\/posPp-AW","jetpack_sharing_enabled":true,"jetpack-related-posts":[],"_links":{"self":[{"href":"https:\/\/libelul.com\/index.php?rest_route=\/wp\/v2\/posts\/2290","targetHints":{"allow":["GET"]}}],"collection":[{"href":"https:\/\/libelul.com\/index.php?rest_route=\/wp\/v2\/posts"}],"about":[{"href":"https:\/\/libelul.com\/index.php?rest_route=\/wp\/v2\/types\/post"}],"author":[{"embeddable":true,"href":"https:\/\/libelul.com\/index.php?rest_route=\/wp\/v2\/users\/1"}],"replies":[{"embeddable":true,"href":"https:\/\/libelul.com\/index.php?rest_route=%2Fwp%2Fv2%2Fcomments&post=2290"}],"version-history":[{"count":0,"href":"https:\/\/libelul.com\/index.php?rest_route=\/wp\/v2\/posts\/2290\/revisions"}],"wp:attachment":[{"href":"https:\/\/libelul.com\/index.php?rest_route=%2Fwp%2Fv2%2Fmedia&parent=2290"}],"wp:term":[{"taxonomy":"category","embeddable":true,"href":"https:\/\/libelul.com\/index.php?rest_route=%2Fwp%2Fv2%2Fcategories&post=2290"},{"taxonomy":"post_tag","embeddable":true,"href":"https:\/\/libelul.com\/index.php?rest_route=%2Fwp%2Fv2%2Ftags&post=2290"}],"curies":[{"name":"wp","href":"https:\/\/api.w.org\/{rel}","templated":true}]}}