{"id":4237,"date":"2010-02-20T05:30:21","date_gmt":"2010-02-20T03:30:21","guid":{"rendered":"http:\/\/libelul.com\/?p=4237"},"modified":"2012-08-14T22:29:55","modified_gmt":"2012-08-14T20:29:55","slug":"voyager-avec-bebe-moins-de-2-ans-au-soleil","status":"publish","type":"post","link":"https:\/\/libelul.com\/?p=4237","title":{"rendered":"Voyager avec b\u00e9b\u00e9 moins de 2 ans. (AU SOLEIL)"},"content":{"rendered":"<p>Moi je refuse de ne pas voyager sous pr\u00e9texte que James est un <em>Toddler<\/em> !<br \/>\nL&rsquo;ann\u00e9e derni\u00e8re j&rsquo;ai test\u00e9 le <a href=\"http:\/\/libelul.com\/?p=770\" target=\"_blank\">Welcome Baby Club Med @ Punta Cana<\/a> &#8230; mais cette ann\u00e9e j&rsquo;ai bien envie d&rsquo;autre chose.<br \/>\nLe probl\u00e8me c&rsquo;est qu&rsquo;\u00e0 partir du moment o\u00f9 l&rsquo;on tape \u00ab\u00a0BEBE 2 ANS + VOYAGE\u00a0\u00bb on se rend vite compte qu&rsquo;il n&rsquo;y a rien de vraiment pr\u00e9vu pour nous.<\/p>\n<p>Seulement quelques s\u00e9jours \u00ab\u00a0Je voyage avec b\u00e9b\u00e9\u00a0\u00bb chez <a href=\"http:\/\/www.vdm.com\/vdm\/voyages\/produitsWEB\/recherche.asp?ordreTri=0&amp;Reinit=0&amp;typeRecherche=1&amp;pays=&amp;metaZone=&amp;itinerant=&amp;sejour=&amp;theme=EBB&amp;circuit=&amp;croisiere=&amp;codeDept=&amp;region=&amp;dateDepartMin=jj%2Fmm%2Faaaa&amp;dateDepartMax=jj%2Fmm%2Faaaa&amp;duree=&amp;budget=&amp;listeMarketing=&amp;TargetPageNumber=2&amp;profil=&amp;origine=theme&amp;codeLM=\" target=\"_blank\">Voyageurs Du Monde<\/a> : principalement en Europe, et seulement 3 h\u00f4tels pour le reste du monde.<\/p>\n<p>Pire le site internet de <a href=\"http:\/\/www.kuoni.fr\/\" target=\"_blank\">Kuoni<\/a> sp\u00e9cialiste des destinations soleils lointains, vous pr\u00e9cise que<\/p>\n<blockquote><p>Nous ne pouvons pas prendre en compte un b\u00e9b\u00e9 dans cette classe. Contactez la r\u00e9servation SVP.<em> <\/em><\/p>\n<p><em>Sympa James tu n&rsquo;es pas de la bonne CLASSE dixit Kuoni.<\/em><\/p><\/blockquote>\n<p>Pourtant \u00e0 voir tous ces posts sur les forums \u00ab\u00a0O\u00f9 aller avec un b\u00e9b\u00e9 ? Partir mais o\u00f9 ? &#8230;\u00a0\u00bb je ne suis pas la seule \u00e0 sentir un besoin irr\u00e9pressible de PARTIR LOIN AU SOLEIL avec mon cher BEBE dans un endroit o\u00f9 il pourra FAIRE DES ACTIVITES DE BEBE pendant que nous, ses parents, on vaquera \u00e0 nos occupations &#8211; <em>le temps d&rsquo;une apr\u00e8s-midi par exemple<\/em>.<\/p>\n<p>Et la lumi\u00e8re fut &#8230;<\/p>\n<p style=\"text-align: center;\"><a href=\"http:\/\/libelul.com\/wp-content\/uploads\/2010\/02\/beaches-sesame.jpg\"><img loading=\"lazy\" decoding=\"async\" data-attachment-id=\"4246\" data-permalink=\"https:\/\/libelul.com\/?attachment_id=4246\" data-orig-file=\"https:\/\/libelul.com\/wp-content\/uploads\/2010\/02\/beaches-sesame.jpg\" data-orig-size=\"760,440\" data-comments-opened=\"1\" data-image-meta=\"{&quot;aperture&quot;:&quot;0&quot;,&quot;credit&quot;:&quot;&quot;,&quot;camera&quot;:&quot;&quot;,&quot;caption&quot;:&quot;&quot;,&quot;created_timestamp&quot;:&quot;0&quot;,&quot;copyright&quot;:&quot;&quot;,&quot;focal_length&quot;:&quot;0&quot;,&quot;iso&quot;:&quot;0&quot;,&quot;shutter_speed&quot;:&quot;0&quot;,&quot;title&quot;:&quot;&quot;}\" data-image-title=\"beaches sesame\" data-image-description=\"\" data-image-caption=\"\" data-medium-file=\"https:\/\/libelul.com\/wp-content\/uploads\/2010\/02\/beaches-sesame-380x220.jpg\" data-large-file=\"https:\/\/libelul.com\/wp-content\/uploads\/2010\/02\/beaches-sesame-450x260.jpg\" class=\"size-large wp-image-4246 aligncenter\" title=\"beaches sesame\" src=\"http:\/\/libelul.com\/wp-content\/uploads\/2010\/02\/beaches-sesame-449x260.jpg\" alt=\"\" width=\"449\" height=\"260\" \/><\/a>SESAME STREET CAMP @ <a href=\"http:\/\/www.beaches.com\/families\/\" target=\"_blank\">BEACHES RESORT<\/a> (Jama\u00efque, Turk&amp;Caicos)<\/p>\n<p style=\"text-align: left;\">Ce ne seront pas des vacances culturelles &#8211; OK !<br \/>\nMais vous y trouverez du soleil, une tr\u00e8s belle plage ET une \u00e9quipe pr\u00eate \u00e0 <span style=\"text-decoration: line-through;\">vous d\u00e9barrasser<\/span> \u00e0 encadrer vos petits pendant que Mme &amp; Mr s&rsquo;ennuieront \u00e0 faire de la plong\u00e9e, du spa &#8230; ou peut-\u00eatre juste une sieste \ud83d\ude09<\/p>\n<p><strong>Et vous, que faites-vous pendant que vos petits montres sont occup\u00e9s ?<\/strong><\/p>\n<p><a href=\"http:\/\/www.hellocoton.fr\" target=\"_blank\"><img loading=\"lazy\" decoding=\"async\" class=\"size-full wp-image-1343 alignnone\" style=\"border: 0pt none; margin: 0px;\" title=\"TOP-ACCUEIL-sur-Hellocoton\" src=\"http:\/\/libelul.com\/wp-content\/uploads\/2009\/11\/TOP-ACCUEIL-HELLOCOTON.jpg\" alt=\"Elu TOP ACCUEIL sur Hellocoton\" width=\"136\" height=\"72\" \/><\/a><span style=\"color: #ffffff;\"> . <\/span><a href=\"http:\/\/www.hellocoton.fr\/famille\" target=\"_blank\"><img loading=\"lazy\" decoding=\"async\" class=\"size-full wp-image-1343 alignnone\" style=\"margin: 0px; border: 0pt;\" title=\"TOP-FAMILLE-sur-Hellocoton\" src=\"http:\/\/libelul.com\/wp-content\/uploads\/2010\/02\/TOP-HELLO-FAMILLE.jpg\" alt=\"Elu TOP FAMILLE sur Hellocoton\" width=\"136\" height=\"72\" \/><\/a><\/p>\n","protected":false},"excerpt":{"rendered":"<a href=\"https:\/\/libelul.com\/?p=4237\"><img decoding=\"async\" width=\"270\" src=\"\" class=\"alignleft wp-post-image tfe\" alt=\"\" title=\"\" \/><\/a><p>Moi je refuse de ne pas voyager sous pr\u00e9texte que James est un Toddler ! L&rsquo;ann\u00e9e derni\u00e8re j&rsquo;ai test\u00e9 le Welcome Baby Club Med @ Punta Cana &#8230; mais cette ann\u00e9e j&rsquo;ai bien envie d&rsquo;autre chose. Le probl\u00e8me c&rsquo;est qu&rsquo;\u00e0 partir du moment o\u00f9 l&rsquo;on tape \u00ab\u00a0BEBE 2 ANS + VOYAGE\u00a0\u00bb on se rend vite [&hellip;]<\/p>\n","protected":false},"author":1,"featured_media":0,"comment_status":"open","ping_status":"open","sticky":false,"template":"","format":"standard","meta":{"jetpack_post_was_ever_published":false,"_jetpack_newsletter_access":"","_jetpack_dont_email_post_to_subs":false,"_jetpack_newsletter_tier_id":0,"_jetpack_memberships_contains_paywalled_content":false,"_jetpack_memberships_contains_paid_content":false,"footnotes":"","jetpack_publicize_message":"","jetpack_publicize_feature_enabled":true,"jetpack_social_post_already_shared":false,"jetpack_social_options":{"image_generator_settings":{"template":"highway","default_image_id":0,"font":"","enabled":false},"version":2}},"categories":[224],"tags":[99,347,342,98,23,206],"class_list":["post-4237","post","type-post","status-publish","format-standard","hentry","category-de-si-beaux-voyages","tag-bebe","tag-club-med","tag-enfant","tag-vacances","tag-voyages","tag-vous-avez-aime"],"jetpack_publicize_connections":[],"jetpack_featured_media_url":"","jetpack_shortlink":"https:\/\/wp.me\/posPp-16l","jetpack_sharing_enabled":true,"jetpack-related-posts":[],"_links":{"self":[{"href":"https:\/\/libelul.com\/index.php?rest_route=\/wp\/v2\/posts\/4237","targetHints":{"allow":["GET"]}}],"collection":[{"href":"https:\/\/libelul.com\/index.php?rest_route=\/wp\/v2\/posts"}],"about":[{"href":"https:\/\/libelul.com\/index.php?rest_route=\/wp\/v2\/types\/post"}],"author":[{"embeddable":true,"href":"https:\/\/libelul.com\/index.php?rest_route=\/wp\/v2\/users\/1"}],"replies":[{"embeddable":true,"href":"https:\/\/libelul.com\/index.php?rest_route=%2Fwp%2Fv2%2Fcomments&post=4237"}],"version-history":[{"count":3,"href":"https:\/\/libelul.com\/index.php?rest_route=\/wp\/v2\/posts\/4237\/revisions"}],"predecessor-version":[{"id":14404,"href":"https:\/\/libelul.com\/index.php?rest_route=\/wp\/v2\/posts\/4237\/revisions\/14404"}],"wp:attachment":[{"href":"https:\/\/libelul.com\/index.php?rest_route=%2Fwp%2Fv2%2Fmedia&parent=4237"}],"wp:term":[{"taxonomy":"category","embeddable":true,"href":"https:\/\/libelul.com\/index.php?rest_route=%2Fwp%2Fv2%2Fcategories&post=4237"},{"taxonomy":"post_tag","embeddable":true,"href":"https:\/\/libelul.com\/index.php?rest_route=%2Fwp%2Fv2%2Ftags&post=4237"}],"curies":[{"name":"wp","href":"https:\/\/api.w.org\/{rel}","templated":true}]}}