{"id":4886,"date":"2010-04-29T05:30:18","date_gmt":"2010-04-29T03:30:18","guid":{"rendered":"http:\/\/libelul.com\/?p=4886"},"modified":"2010-05-07T22:50:39","modified_gmt":"2010-05-07T20:50:39","slug":"en-sirotant-une-orangeade","status":"publish","type":"post","link":"https:\/\/libelul.com\/?p=4886","title":{"rendered":"En sirotant une orangeade &#8230;"},"content":{"rendered":"<p>Moi je voudrais un arbre dans mon salon.<\/p>\n<p>J&rsquo;avais bien tent\u00e9 les <a href=\"http:\/\/libelul.com\/?p=891\" target=\"_blank\">rosiers<\/a> l&rsquo;ann\u00e9e derni\u00e8re,<br \/>\nmais il faut \u00eatre lucide, les roses aiment la ros\u00e9e du matin &#8230;<br \/>\net mon jardin suspendu <em>d&rsquo;int\u00e9rieur <\/em>n&rsquo;a pas surv\u00e9cu.<\/p>\n<p>Je sais bien qu&rsquo;un appartement n&rsquo;est pas fait pour abriter une orangerie &#8230;<br \/>\nmais je suis s\u00fbre qu&rsquo;un compromis est possible.<\/p>\n<p style=\"text-align: center;\"><a href=\"http:\/\/libelul.com\/wp-content\/uploads\/2010\/04\/oranger.jpg\"><img loading=\"lazy\" decoding=\"async\" data-attachment-id=\"4887\" data-permalink=\"https:\/\/libelul.com\/?attachment_id=4887\" data-orig-file=\"https:\/\/libelul.com\/wp-content\/uploads\/2010\/04\/oranger.jpg\" data-orig-size=\"450,645\" data-comments-opened=\"1\" data-image-meta=\"{&quot;aperture&quot;:&quot;0&quot;,&quot;credit&quot;:&quot;&quot;,&quot;camera&quot;:&quot;&quot;,&quot;caption&quot;:&quot;&quot;,&quot;created_timestamp&quot;:&quot;0&quot;,&quot;copyright&quot;:&quot;&quot;,&quot;focal_length&quot;:&quot;0&quot;,&quot;iso&quot;:&quot;0&quot;,&quot;shutter_speed&quot;:&quot;0&quot;,&quot;title&quot;:&quot;&quot;}\" data-image-title=\"oranger\" data-image-description=\"\" data-image-caption=\"\" data-medium-file=\"https:\/\/libelul.com\/wp-content\/uploads\/2010\/04\/oranger-380x544.jpg\" data-large-file=\"https:\/\/libelul.com\/wp-content\/uploads\/2010\/04\/oranger.jpg\" class=\"alignnone size-medium wp-image-4887\" title=\"oranger\" src=\"http:\/\/libelul.com\/wp-content\/uploads\/2010\/04\/oranger-380x544.jpg\" alt=\"\" width=\"380\" height=\"544\" srcset=\"https:\/\/libelul.com\/wp-content\/uploads\/2010\/04\/oranger-380x544.jpg 380w, https:\/\/libelul.com\/wp-content\/uploads\/2010\/04\/oranger.jpg 450w\" sizes=\"auto, (max-width: 380px) 100vw, 380px\" \/><\/a><\/p>\n<p style=\"text-align: center;\">Installation by <a href=\"http:\/\/www.poppiesandposiesevents.com\/\" target=\"_blank\">Juliet Totten<\/a><\/p>\n<p style=\"text-align: left;\">Je lance donc un appel \u00e0 toutes les mains vertes &#8230;<br \/>\nEt je sais qu&rsquo;il y en a &#8230; je pense par exemple \u00e0 <a href=\"http:\/\/the2pblog.wordpress.com\/\" target=\"_blank\">Perrine<\/a>,<br \/>\nmais je sais qu&rsquo;elle n&rsquo;est pas la seule &#8230;<\/p>\n<p style=\"text-align: left;\">Quelle esp\u00e8ce choisir ? Faut-il obligatoirement de la lumi\u00e8re directe ?<\/p>\n<p style=\"text-align: left;\"><strong>Et vous, \u00eates-vous comme <a href=\"http:\/\/www.annouchka.fr\/\" target=\"_blank\">Annouchka<\/a> qui arrive \u00e0 faire pousser un bougainvillier \u00e0 Paris ?<\/strong><\/p>\n<p><a href=\"http:\/\/www.hellocoton.fr\/deco\" target=\"_blank\"><img loading=\"lazy\" decoding=\"async\" class=\"size-full wp-image-1343 alignleft\" style=\"margin: 0px; border: 0pt;\" title=\"TOP-DECO-sur-Hellocoton\" src=\"http:\/\/libelul.com\/wp-content\/uploads\/2009\/11\/TOPDECO-HELLOCOTON.jpg\" alt=\"Elu TOP-DECO sur Hellocoton\" width=\"136\" height=\"72\" \/><\/a><\/p>\n","protected":false},"excerpt":{"rendered":"<a href=\"https:\/\/libelul.com\/?p=4886\"><img decoding=\"async\" width=\"270\" src=\"\" class=\"alignleft wp-post-image tfe\" alt=\"\" title=\"\" \/><\/a><p>Moi je voudrais un arbre dans mon salon. J&rsquo;avais bien tent\u00e9 les rosiers l&rsquo;ann\u00e9e derni\u00e8re, mais il faut \u00eatre lucide, les roses aiment la ros\u00e9e du matin &#8230; et mon jardin suspendu d&rsquo;int\u00e9rieur n&rsquo;a pas surv\u00e9cu. Je sais bien qu&rsquo;un appartement n&rsquo;est pas fait pour abriter une orangerie &#8230; mais je suis s\u00fbre qu&rsquo;un compromis [&hellip;]<\/p>\n","protected":false},"author":1,"featured_media":0,"comment_status":"open","ping_status":"open","sticky":false,"template":"","format":"standard","meta":{"jetpack_post_was_ever_published":false,"_jetpack_newsletter_access":"","_jetpack_dont_email_post_to_subs":false,"_jetpack_newsletter_tier_id":0,"_jetpack_memberships_contains_paywalled_content":false,"_jetpack_memberships_contains_paid_content":false,"footnotes":"","jetpack_publicize_message":"","jetpack_publicize_feature_enabled":true,"jetpack_social_post_already_shared":false,"jetpack_social_options":{"image_generator_settings":{"template":"highway","default_image_id":0,"font":"","enabled":false},"version":2}},"categories":[217],"tags":[394,172,206],"class_list":["post-4886","post","type-post","status-publish","format-standard","hentry","category-la-maison","tag-decoration","tag-plantes","tag-vous-avez-aime"],"jetpack_publicize_connections":[],"jetpack_featured_media_url":"","jetpack_shortlink":"https:\/\/wp.me\/posPp-1gO","jetpack_sharing_enabled":true,"jetpack-related-posts":[],"_links":{"self":[{"href":"https:\/\/libelul.com\/index.php?rest_route=\/wp\/v2\/posts\/4886","targetHints":{"allow":["GET"]}}],"collection":[{"href":"https:\/\/libelul.com\/index.php?rest_route=\/wp\/v2\/posts"}],"about":[{"href":"https:\/\/libelul.com\/index.php?rest_route=\/wp\/v2\/types\/post"}],"author":[{"embeddable":true,"href":"https:\/\/libelul.com\/index.php?rest_route=\/wp\/v2\/users\/1"}],"replies":[{"embeddable":true,"href":"https:\/\/libelul.com\/index.php?rest_route=%2Fwp%2Fv2%2Fcomments&post=4886"}],"version-history":[{"count":0,"href":"https:\/\/libelul.com\/index.php?rest_route=\/wp\/v2\/posts\/4886\/revisions"}],"wp:attachment":[{"href":"https:\/\/libelul.com\/index.php?rest_route=%2Fwp%2Fv2%2Fmedia&parent=4886"}],"wp:term":[{"taxonomy":"category","embeddable":true,"href":"https:\/\/libelul.com\/index.php?rest_route=%2Fwp%2Fv2%2Fcategories&post=4886"},{"taxonomy":"post_tag","embeddable":true,"href":"https:\/\/libelul.com\/index.php?rest_route=%2Fwp%2Fv2%2Ftags&post=4886"}],"curies":[{"name":"wp","href":"https:\/\/api.w.org\/{rel}","templated":true}]}}