{"id":5015,"date":"2010-05-20T05:30:33","date_gmt":"2010-05-20T03:30:33","guid":{"rendered":"http:\/\/libelul.com\/?p=5015"},"modified":"2010-05-20T20:58:25","modified_gmt":"2010-05-20T18:58:25","slug":"lame-des-objets","status":"publish","type":"post","link":"https:\/\/libelul.com\/?p=5015","title":{"rendered":"L&rsquo;\u00e2me des objets &#8230;"},"content":{"rendered":"<p>Moi je n&rsquo;aime pas les \u00ab\u00a0Souvenirs de vacances\u00a0\u00bb.<br \/>\nMade in China, ils ont perdu leur \u00e2me.<\/p>\n<p>Pourtant lorsque j&rsquo;\u00e9tais petite,<br \/>\nje me souviens des \u00e9tiquettes sur les valises,<br \/>\nde souvenirs color\u00e9s d&rsquo;ailleurs, que je collectionnais.<\/p>\n<p>Ces poup\u00e9es de pays, ma pr\u00e9f\u00e9r\u00e9 \u00e9tant l&rsquo;Am\u00e9rindienne vintage 70&rsquo;s<br \/>\nprobablement encore dans la cave de ma m\u00e8re.<\/p>\n<p>Ma collection de sable, que je regarde souvent &#8230;<\/p>\n<p style=\"text-align: center;\"><a href=\"http:\/\/libelul.com\/wp-content\/uploads\/2010\/05\/se-souvenir-by-libelul.jpg\"><img loading=\"lazy\" decoding=\"async\" data-attachment-id=\"5016\" data-permalink=\"https:\/\/libelul.com\/?attachment_id=5016\" data-orig-file=\"https:\/\/libelul.com\/wp-content\/uploads\/2010\/05\/se-souvenir-by-libelul.jpg\" data-orig-size=\"450,323\" data-comments-opened=\"1\" data-image-meta=\"{&quot;aperture&quot;:&quot;0&quot;,&quot;credit&quot;:&quot;&quot;,&quot;camera&quot;:&quot;&quot;,&quot;caption&quot;:&quot;&quot;,&quot;created_timestamp&quot;:&quot;0&quot;,&quot;copyright&quot;:&quot;&quot;,&quot;focal_length&quot;:&quot;0&quot;,&quot;iso&quot;:&quot;0&quot;,&quot;shutter_speed&quot;:&quot;0&quot;,&quot;title&quot;:&quot;&quot;}\" data-image-title=\"se-souvenir-by-libelul\" data-image-description=\"\" data-image-caption=\"\" data-medium-file=\"https:\/\/libelul.com\/wp-content\/uploads\/2010\/05\/se-souvenir-by-libelul-380x272.jpg\" data-large-file=\"https:\/\/libelul.com\/wp-content\/uploads\/2010\/05\/se-souvenir-by-libelul.jpg\" class=\"alignnone size-full wp-image-5016\" title=\"se-souvenir-by-libelul\" src=\"http:\/\/libelul.com\/wp-content\/uploads\/2010\/05\/se-souvenir-by-libelul.jpg\" alt=\"\" width=\"450\" height=\"323\" srcset=\"https:\/\/libelul.com\/wp-content\/uploads\/2010\/05\/se-souvenir-by-libelul.jpg 450w, https:\/\/libelul.com\/wp-content\/uploads\/2010\/05\/se-souvenir-by-libelul-380x272.jpg 380w\" sizes=\"auto, (max-width: 450px) 100vw, 450px\" \/><\/a><\/p>\n<p style=\"text-align: left;\">Et mes pareos (<em>les miens et ceux que ma m\u00e8re m&rsquo;a laiss\u00e9 lui chipper<\/em>)<br \/>\nVenus de tous les ailleurs paradisiaques que nous avons eu la chance de visiter,<br \/>\nQui abritent aujourd&rsquo;hui les siestes de baby James &#8230;<\/p>\n<p style=\"text-align: left;\">Des objets qui ont une \u00e2me, une histoire &#8230;<br \/>\n\u00e0 partager, pour ne pas oublier.<\/p>\n<p style=\"text-align: left;\"><strong>Et vous, quels objets de vacances avez-vous gard\u00e9 ?<br \/>\n<\/strong><\/p>\n<p style=\"text-align: left;\"><em>Ceci est ma participation au d\u00e9fi \u00ab\u00a0Objet Souvenir de Vacances\u00a0\u00bb de <a href=\"http:\/\/www.virginiebichet.org\/\" target=\"_blank\">Virginie B.<\/a><\/em><\/p>\n<p><a href=\"http:\/\/www.hellocoton.fr\/deco\" target=\"_blank\"><img loading=\"lazy\" decoding=\"async\" class=\"size-full wp-image-1343 alignleft\" style=\"margin: 0px; border: 0pt;\" title=\"TOP-DECO-sur-Hellocoton\" src=\"http:\/\/libelul.com\/wp-content\/uploads\/2009\/11\/TOPDECO-HELLOCOTON.jpg\" alt=\"Elu TOP-DECO sur Hellocoton\" width=\"136\" height=\"72\" \/><\/a><\/p>\n","protected":false},"excerpt":{"rendered":"<a href=\"https:\/\/libelul.com\/?p=5015\"><img decoding=\"async\" width=\"270\" src=\"\" class=\"alignleft wp-post-image tfe\" alt=\"\" title=\"\" \/><\/a><p>Moi je n&rsquo;aime pas les \u00ab\u00a0Souvenirs de vacances\u00a0\u00bb. Made in China, ils ont perdu leur \u00e2me. Pourtant lorsque j&rsquo;\u00e9tais petite, je me souviens des \u00e9tiquettes sur les valises, de souvenirs color\u00e9s d&rsquo;ailleurs, que je collectionnais. Ces poup\u00e9es de pays, ma pr\u00e9f\u00e9r\u00e9 \u00e9tant l&rsquo;Am\u00e9rindienne vintage 70&rsquo;s probablement encore dans la cave de ma m\u00e8re. Ma collection [&hellip;]<\/p>\n","protected":false},"author":1,"featured_media":0,"comment_status":"open","ping_status":"open","sticky":false,"template":"","format":"standard","meta":{"jetpack_post_was_ever_published":false,"_jetpack_newsletter_access":"","_jetpack_dont_email_post_to_subs":false,"_jetpack_newsletter_tier_id":0,"_jetpack_memberships_contains_paywalled_content":false,"_jetpack_memberships_contains_paid_content":false,"footnotes":"","jetpack_publicize_message":"","jetpack_publicize_feature_enabled":true,"jetpack_social_post_already_shared":false,"jetpack_social_options":{"image_generator_settings":{"template":"highway","default_image_id":0,"font":"","enabled":false},"version":2}},"categories":[224],"tags":[342,98,23,206],"class_list":["post-5015","post","type-post","status-publish","format-standard","hentry","category-de-si-beaux-voyages","tag-enfant","tag-vacances","tag-voyages","tag-vous-avez-aime"],"jetpack_publicize_connections":[],"jetpack_featured_media_url":"","jetpack_shortlink":"https:\/\/wp.me\/posPp-1iT","jetpack_sharing_enabled":true,"jetpack-related-posts":[],"_links":{"self":[{"href":"https:\/\/libelul.com\/index.php?rest_route=\/wp\/v2\/posts\/5015","targetHints":{"allow":["GET"]}}],"collection":[{"href":"https:\/\/libelul.com\/index.php?rest_route=\/wp\/v2\/posts"}],"about":[{"href":"https:\/\/libelul.com\/index.php?rest_route=\/wp\/v2\/types\/post"}],"author":[{"embeddable":true,"href":"https:\/\/libelul.com\/index.php?rest_route=\/wp\/v2\/users\/1"}],"replies":[{"embeddable":true,"href":"https:\/\/libelul.com\/index.php?rest_route=%2Fwp%2Fv2%2Fcomments&post=5015"}],"version-history":[{"count":0,"href":"https:\/\/libelul.com\/index.php?rest_route=\/wp\/v2\/posts\/5015\/revisions"}],"wp:attachment":[{"href":"https:\/\/libelul.com\/index.php?rest_route=%2Fwp%2Fv2%2Fmedia&parent=5015"}],"wp:term":[{"taxonomy":"category","embeddable":true,"href":"https:\/\/libelul.com\/index.php?rest_route=%2Fwp%2Fv2%2Fcategories&post=5015"},{"taxonomy":"post_tag","embeddable":true,"href":"https:\/\/libelul.com\/index.php?rest_route=%2Fwp%2Fv2%2Ftags&post=5015"}],"curies":[{"name":"wp","href":"https:\/\/api.w.org\/{rel}","templated":true}]}}