{"id":5207,"date":"2010-06-19T05:30:52","date_gmt":"2010-06-19T03:30:52","guid":{"rendered":"http:\/\/libelul.com\/?p=5207"},"modified":"2010-06-19T15:55:42","modified_gmt":"2010-06-19T13:55:42","slug":"la-source-de-la-vie","status":"publish","type":"post","link":"https:\/\/libelul.com\/?p=5207","title":{"rendered":"La source de la vie &#8230;"},"content":{"rendered":"<p>Moi j&rsquo;ai peur pour la plan\u00e8te.<br \/>\nPour la mienne, et surtout pour celle de James.<\/p>\n<p>Parfois j&rsquo;aimerais faire l&rsquo;autruche,<br \/>\nFaire semblant de ne pas voir, pour ne plus y penser.<br \/>\nJe crois que c&rsquo;est ce qu&rsquo;on fait un peu tous.<\/p>\n<p>Parce que \u00e7\u00e0 nous ram\u00e8ne \u00e0 notre propre destin d&rsquo;\u00eatre mortel.<\/p>\n<p>J&rsquo;aimerais plus d&rsquo;actions positives,<br \/>\npour que James &amp; les autres kids de la plan\u00e8te,<br \/>\npuissent encore profiter longtemps de la beaut\u00e9 du monde.<\/p>\n<p style=\"text-align: center;\"><a href=\"http:\/\/libelul.com\/wp-content\/uploads\/2010\/06\/planete-by-libelul.jpg\"><img loading=\"lazy\" decoding=\"async\" data-attachment-id=\"5210\" data-permalink=\"https:\/\/libelul.com\/?attachment_id=5210\" data-orig-file=\"https:\/\/libelul.com\/wp-content\/uploads\/2010\/06\/planete-by-libelul.jpg\" data-orig-size=\"450,323\" data-comments-opened=\"1\" data-image-meta=\"{&quot;aperture&quot;:&quot;0&quot;,&quot;credit&quot;:&quot;&quot;,&quot;camera&quot;:&quot;&quot;,&quot;caption&quot;:&quot;&quot;,&quot;created_timestamp&quot;:&quot;0&quot;,&quot;copyright&quot;:&quot;&quot;,&quot;focal_length&quot;:&quot;0&quot;,&quot;iso&quot;:&quot;0&quot;,&quot;shutter_speed&quot;:&quot;0&quot;,&quot;title&quot;:&quot;&quot;}\" data-image-title=\"planete-by-libelul\" data-image-description=\"\" data-image-caption=\"\" data-medium-file=\"https:\/\/libelul.com\/wp-content\/uploads\/2010\/06\/planete-by-libelul-380x272.jpg\" data-large-file=\"https:\/\/libelul.com\/wp-content\/uploads\/2010\/06\/planete-by-libelul.jpg\" class=\"alignnone size-full wp-image-5210\" title=\"planete-by-libelul\" src=\"http:\/\/libelul.com\/wp-content\/uploads\/2010\/06\/planete-by-libelul.jpg\" alt=\"\" width=\"450\" height=\"323\" srcset=\"https:\/\/libelul.com\/wp-content\/uploads\/2010\/06\/planete-by-libelul.jpg 450w, https:\/\/libelul.com\/wp-content\/uploads\/2010\/06\/planete-by-libelul-380x272.jpg 380w\" sizes=\"auto, (max-width: 450px) 100vw, 450px\" \/><\/a><br \/>\n<a href=\"http:\/\/libelul.com\/wp-content\/uploads\/2010\/06\/volvic-by-libelul.jpg\"><img loading=\"lazy\" decoding=\"async\" data-attachment-id=\"5211\" data-permalink=\"https:\/\/libelul.com\/?attachment_id=5211\" data-orig-file=\"https:\/\/libelul.com\/wp-content\/uploads\/2010\/06\/volvic-by-libelul.jpg\" data-orig-size=\"450,323\" data-comments-opened=\"1\" data-image-meta=\"{&quot;aperture&quot;:&quot;0&quot;,&quot;credit&quot;:&quot;&quot;,&quot;camera&quot;:&quot;&quot;,&quot;caption&quot;:&quot;&quot;,&quot;created_timestamp&quot;:&quot;0&quot;,&quot;copyright&quot;:&quot;&quot;,&quot;focal_length&quot;:&quot;0&quot;,&quot;iso&quot;:&quot;0&quot;,&quot;shutter_speed&quot;:&quot;0&quot;,&quot;title&quot;:&quot;&quot;}\" data-image-title=\"volvic-by-libelul\" data-image-description=\"\" data-image-caption=\"\" data-medium-file=\"https:\/\/libelul.com\/wp-content\/uploads\/2010\/06\/volvic-by-libelul-380x272.jpg\" data-large-file=\"https:\/\/libelul.com\/wp-content\/uploads\/2010\/06\/volvic-by-libelul.jpg\" class=\"alignnone size-full wp-image-5211\" title=\"volvic-by-libelul\" src=\"http:\/\/libelul.com\/wp-content\/uploads\/2010\/06\/volvic-by-libelul.jpg\" alt=\"\" width=\"450\" height=\"323\" srcset=\"https:\/\/libelul.com\/wp-content\/uploads\/2010\/06\/volvic-by-libelul.jpg 450w, https:\/\/libelul.com\/wp-content\/uploads\/2010\/06\/volvic-by-libelul-380x272.jpg 380w\" sizes=\"auto, (max-width: 450px) 100vw, 450px\" \/><\/a><\/p>\n<p>Je crois aux petites actions collectives,<br \/>\ncomme faire attention \u00e0 l&rsquo;eau, utiliser moins de plastique,<br \/>\nr\u00e9duire l&#8217;empreinte carbone de nos biens de consommation courante &#8230;<\/p>\n<p>Et j&rsquo;ai envie de croire que les actions comme celle<br \/>\nde lancer une bouteille de 3 litres <a href=\"http:\/\/www.volvic.fr\/\" target=\"_blank\">Volvic<\/a>, vont contribuer au changement &#8230;<\/p>\n<p><strong>Et vous, vous pensez qu&rsquo;il faut faire quoi ?<br \/>\n<\/strong><\/p>\n<p><a href=\"http:\/\/www.hellocoton.fr\/ecologie\" target=\"_blank\"><img loading=\"lazy\" decoding=\"async\" class=\"size-full wp-image-1343 alignleft\" style=\"margin: 0px; border: 0pt;\" title=\"TOP-ECOLOGIE-sur-Hellocoton\" src=\"http:\/\/libelul.com\/wp-content\/uploads\/2010\/06\/TOP-HELLO-ECOLOGIE.jpg\" alt=\"Elu TOP ECOLOGIE sur Hellocoton\" width=\"136\" height=\"72\" \/><\/a><\/p>\n","protected":false},"excerpt":{"rendered":"<a href=\"https:\/\/libelul.com\/?p=5207\"><img decoding=\"async\" width=\"270\" src=\"\" class=\"alignleft wp-post-image tfe\" alt=\"\" title=\"\" \/><\/a><p>Moi j&rsquo;ai peur pour la plan\u00e8te. Pour la mienne, et surtout pour celle de James. Parfois j&rsquo;aimerais faire l&rsquo;autruche, Faire semblant de ne pas voir, pour ne plus y penser. Je crois que c&rsquo;est ce qu&rsquo;on fait un peu tous. Parce que \u00e7\u00e0 nous ram\u00e8ne \u00e0 notre propre destin d&rsquo;\u00eatre mortel. J&rsquo;aimerais plus d&rsquo;actions positives, [&hellip;]<\/p>\n","protected":false},"author":1,"featured_media":0,"comment_status":"open","ping_status":"open","sticky":false,"template":"","format":"standard","meta":{"jetpack_post_was_ever_published":false,"_jetpack_newsletter_access":"","_jetpack_dont_email_post_to_subs":false,"_jetpack_newsletter_tier_id":0,"_jetpack_memberships_contains_paywalled_content":false,"_jetpack_memberships_contains_paid_content":false,"footnotes":"","jetpack_publicize_message":"","jetpack_publicize_feature_enabled":true,"jetpack_social_post_already_shared":false,"jetpack_social_options":{"image_generator_settings":{"template":"highway","default_image_id":0,"font":"","enabled":false},"version":2}},"categories":[38],"tags":[46,396,286,206],"class_list":["post-5207","post","type-post","status-publish","format-standard","hentry","category-mes-humeurs-et-concours","tag-ecolo","tag-pensees","tag-volvic","tag-vous-avez-aime"],"jetpack_publicize_connections":[],"jetpack_featured_media_url":"","jetpack_shortlink":"https:\/\/wp.me\/posPp-1lZ","jetpack_sharing_enabled":true,"jetpack-related-posts":[],"_links":{"self":[{"href":"https:\/\/libelul.com\/index.php?rest_route=\/wp\/v2\/posts\/5207","targetHints":{"allow":["GET"]}}],"collection":[{"href":"https:\/\/libelul.com\/index.php?rest_route=\/wp\/v2\/posts"}],"about":[{"href":"https:\/\/libelul.com\/index.php?rest_route=\/wp\/v2\/types\/post"}],"author":[{"embeddable":true,"href":"https:\/\/libelul.com\/index.php?rest_route=\/wp\/v2\/users\/1"}],"replies":[{"embeddable":true,"href":"https:\/\/libelul.com\/index.php?rest_route=%2Fwp%2Fv2%2Fcomments&post=5207"}],"version-history":[{"count":0,"href":"https:\/\/libelul.com\/index.php?rest_route=\/wp\/v2\/posts\/5207\/revisions"}],"wp:attachment":[{"href":"https:\/\/libelul.com\/index.php?rest_route=%2Fwp%2Fv2%2Fmedia&parent=5207"}],"wp:term":[{"taxonomy":"category","embeddable":true,"href":"https:\/\/libelul.com\/index.php?rest_route=%2Fwp%2Fv2%2Fcategories&post=5207"},{"taxonomy":"post_tag","embeddable":true,"href":"https:\/\/libelul.com\/index.php?rest_route=%2Fwp%2Fv2%2Ftags&post=5207"}],"curies":[{"name":"wp","href":"https:\/\/api.w.org\/{rel}","templated":true}]}}