{"id":5438,"date":"2010-07-22T05:30:52","date_gmt":"2010-07-22T04:30:52","guid":{"rendered":"http:\/\/libelul.com\/?p=5438"},"modified":"2011-03-25T00:09:24","modified_gmt":"2011-03-24T23:09:24","slug":"les-songes-dune-nuit-dete-2","status":"publish","type":"post","link":"https:\/\/libelul.com\/?p=5438","title":{"rendered":"Les songes d&rsquo;une nuit d&rsquo;\u00e9t\u00e9 &#8230;"},"content":{"rendered":"<p>Moi, en \u00e9t\u00e9, j&rsquo;aimerai m&rsquo;endormir dans un jardin,<br \/>\nSimplement \u00e9clair\u00e9 par des bougies.<\/p>\n<p>Me laisser bercer par la lumi\u00e8re scintillante,<br \/>\nDe ces petites flammes.<br \/>\nLes confondre avec celle plus lointaine &#8230; des \u00e9toiles.<\/p>\n<p style=\"text-align: center;\"><a href=\"http:\/\/libelul.com\/wp-content\/uploads\/2010\/07\/candela-lights1.jpg\"><img loading=\"lazy\" decoding=\"async\" data-attachment-id=\"5439\" data-permalink=\"https:\/\/libelul.com\/?attachment_id=5439\" data-orig-file=\"https:\/\/libelul.com\/wp-content\/uploads\/2010\/07\/candela-lights1.jpg\" data-orig-size=\"500,375\" data-comments-opened=\"1\" data-image-meta=\"{&quot;aperture&quot;:&quot;0&quot;,&quot;credit&quot;:&quot;&quot;,&quot;camera&quot;:&quot;&quot;,&quot;caption&quot;:&quot;&quot;,&quot;created_timestamp&quot;:&quot;0&quot;,&quot;copyright&quot;:&quot;&quot;,&quot;focal_length&quot;:&quot;0&quot;,&quot;iso&quot;:&quot;0&quot;,&quot;shutter_speed&quot;:&quot;0&quot;,&quot;title&quot;:&quot;&quot;}\" data-image-title=\"candela-lights\" data-image-description=\"\" data-image-caption=\"\" data-medium-file=\"https:\/\/libelul.com\/wp-content\/uploads\/2010\/07\/candela-lights1-380x285.jpg\" data-large-file=\"https:\/\/libelul.com\/wp-content\/uploads\/2010\/07\/candela-lights1-450x337.jpg\" class=\"alignnone size-large wp-image-5439\" title=\"candela-lights\" src=\"http:\/\/libelul.com\/wp-content\/uploads\/2010\/07\/candela-lights1-450x337.jpg\" alt=\"\" width=\"450\" height=\"337\" srcset=\"https:\/\/libelul.com\/wp-content\/uploads\/2010\/07\/candela-lights1-450x337.jpg 450w, https:\/\/libelul.com\/wp-content\/uploads\/2010\/07\/candela-lights1-380x285.jpg 380w, https:\/\/libelul.com\/wp-content\/uploads\/2010\/07\/candela-lights1.jpg 500w\" sizes=\"auto, (max-width: 450px) 100vw, 450px\" \/><\/a><br \/>\nCandela Glow in color by <a href=\"http:\/\/www.oxo.com\" target=\"_blank\">OXO<\/a><\/p>\n<p style=\"text-align: left;\">Et peut-\u00eatre m\u00eame me faire surprendre par quelques lucioles &#8230;<\/p>\n<p style=\"text-align: left;\">Mais au fait, est-ce que j&rsquo;en ai d\u00e9j\u00e0 vu en vrai ?<br \/>\nO\u00f9 ne les aurai-je imagin\u00e9 qu&rsquo;en r\u00eave &#8230;<\/p>\n<p style=\"text-align: left;\"><strong>Et vous, croyez-vous en la l\u00e9gende des lucioles ?<\/strong><\/p>\n<p><a href=\"http:\/\/www.hellocoton.fr\/deco\" target=\"_blank\"><img loading=\"lazy\" decoding=\"async\" class=\"size-full wp-image-1343 alignleft\" style=\"margin: 0px; border: 0pt;\" title=\"TOP-DECO-sur-Hellocoton\" src=\"http:\/\/libelul.com\/wp-content\/uploads\/2009\/11\/TOPDECO-HELLOCOTON.jpg\" alt=\"Elu TOP-DECO sur Hellocoton\" width=\"136\" height=\"72\" \/><\/a><\/p>\n","protected":false},"excerpt":{"rendered":"<a href=\"https:\/\/libelul.com\/?p=5438\"><img decoding=\"async\" width=\"270\" src=\"\" class=\"alignleft wp-post-image tfe\" alt=\"\" title=\"\" \/><\/a><p>Moi, en \u00e9t\u00e9, j&rsquo;aimerai m&rsquo;endormir dans un jardin, Simplement \u00e9clair\u00e9 par des bougies. Me laisser bercer par la lumi\u00e8re scintillante, De ces petites flammes. Les confondre avec celle plus lointaine &#8230; des \u00e9toiles. Candela Glow in color by OXO Et peut-\u00eatre m\u00eame me faire surprendre par quelques lucioles &#8230; Mais au fait, est-ce que j&rsquo;en [&hellip;]<\/p>\n","protected":false},"author":1,"featured_media":0,"comment_status":"open","ping_status":"open","sticky":false,"template":"","format":"standard","meta":{"jetpack_post_was_ever_published":false,"_jetpack_newsletter_access":"","_jetpack_dont_email_post_to_subs":false,"_jetpack_newsletter_tier_id":0,"_jetpack_memberships_contains_paywalled_content":false,"_jetpack_memberships_contains_paid_content":false,"footnotes":"","jetpack_publicize_message":"","jetpack_publicize_feature_enabled":true,"jetpack_social_post_already_shared":false,"jetpack_social_options":{"image_generator_settings":{"template":"highway","default_image_id":0,"font":"","enabled":false},"version":2}},"categories":[225],"tags":[335,147,173,125,206],"class_list":["post-5438","post","type-post","status-publish","format-standard","hentry","category-le-jardin-et-les-fleurs","tag-candela","tag-guirlande","tag-jardin","tag-lumieres","tag-vous-avez-aime"],"jetpack_publicize_connections":[],"jetpack_featured_media_url":"","jetpack_shortlink":"https:\/\/wp.me\/posPp-1pI","jetpack_sharing_enabled":true,"jetpack-related-posts":[],"_links":{"self":[{"href":"https:\/\/libelul.com\/index.php?rest_route=\/wp\/v2\/posts\/5438","targetHints":{"allow":["GET"]}}],"collection":[{"href":"https:\/\/libelul.com\/index.php?rest_route=\/wp\/v2\/posts"}],"about":[{"href":"https:\/\/libelul.com\/index.php?rest_route=\/wp\/v2\/types\/post"}],"author":[{"embeddable":true,"href":"https:\/\/libelul.com\/index.php?rest_route=\/wp\/v2\/users\/1"}],"replies":[{"embeddable":true,"href":"https:\/\/libelul.com\/index.php?rest_route=%2Fwp%2Fv2%2Fcomments&post=5438"}],"version-history":[{"count":0,"href":"https:\/\/libelul.com\/index.php?rest_route=\/wp\/v2\/posts\/5438\/revisions"}],"wp:attachment":[{"href":"https:\/\/libelul.com\/index.php?rest_route=%2Fwp%2Fv2%2Fmedia&parent=5438"}],"wp:term":[{"taxonomy":"category","embeddable":true,"href":"https:\/\/libelul.com\/index.php?rest_route=%2Fwp%2Fv2%2Fcategories&post=5438"},{"taxonomy":"post_tag","embeddable":true,"href":"https:\/\/libelul.com\/index.php?rest_route=%2Fwp%2Fv2%2Ftags&post=5438"}],"curies":[{"name":"wp","href":"https:\/\/api.w.org\/{rel}","templated":true}]}}