{"id":5554,"date":"2010-08-14T05:30:27","date_gmt":"2010-08-14T03:30:27","guid":{"rendered":"http:\/\/libelul.com\/?p=5554"},"modified":"2010-08-06T16:28:51","modified_gmt":"2010-08-06T14:28:51","slug":"des-couleurs-dans-mon-salon","status":"publish","type":"post","link":"https:\/\/libelul.com\/?p=5554","title":{"rendered":"Des couleurs dans mon salon &#8230;"},"content":{"rendered":"<p>Moi si j&rsquo;osais je laisserais la maison \u00eatre envahie de couleurs.<\/p>\n<p>Les bleus d&rsquo;eau, violets feutr\u00e9s,<br \/>\nCes roses profonds, oranges br\u00fblants,<br \/>\nMes verts \u00e9meraude et jaunes presque <em>lime<\/em>.<\/p>\n<p>Toutes ces couleurs que Laurent consid\u00e8re comme improbables,<br \/>\net que moi je trouve juste follement girly !<\/p>\n<p style=\"text-align: center;\"><a href=\"http:\/\/libelul.com\/wp-content\/uploads\/2010\/08\/salon-fantaisie.jpg\"><img loading=\"lazy\" decoding=\"async\" data-attachment-id=\"5564\" data-permalink=\"https:\/\/libelul.com\/?attachment_id=5564\" data-orig-file=\"https:\/\/libelul.com\/wp-content\/uploads\/2010\/08\/salon-fantaisie.jpg\" data-orig-size=\"430,430\" data-comments-opened=\"1\" data-image-meta=\"{&quot;aperture&quot;:&quot;0&quot;,&quot;credit&quot;:&quot;&quot;,&quot;camera&quot;:&quot;&quot;,&quot;caption&quot;:&quot;&quot;,&quot;created_timestamp&quot;:&quot;0&quot;,&quot;copyright&quot;:&quot;&quot;,&quot;focal_length&quot;:&quot;0&quot;,&quot;iso&quot;:&quot;0&quot;,&quot;shutter_speed&quot;:&quot;0&quot;,&quot;title&quot;:&quot;&quot;}\" data-image-title=\"salon-fantaisie\" data-image-description=\"\" data-image-caption=\"\" data-medium-file=\"https:\/\/libelul.com\/wp-content\/uploads\/2010\/08\/salon-fantaisie-380x380.jpg\" data-large-file=\"https:\/\/libelul.com\/wp-content\/uploads\/2010\/08\/salon-fantaisie.jpg\" class=\"alignnone size-full wp-image-5564\" title=\"salon-fantaisie\" src=\"http:\/\/libelul.com\/wp-content\/uploads\/2010\/08\/salon-fantaisie.jpg\" alt=\"\" width=\"430\" height=\"430\" srcset=\"https:\/\/libelul.com\/wp-content\/uploads\/2010\/08\/salon-fantaisie.jpg 430w, https:\/\/libelul.com\/wp-content\/uploads\/2010\/08\/salon-fantaisie-150x150.jpg 150w, https:\/\/libelul.com\/wp-content\/uploads\/2010\/08\/salon-fantaisie-380x380.jpg 380w\" sizes=\"auto, (max-width: 430px) 100vw, 430px\" \/><\/a><br \/>\nUn salon multicolore by <a href=\"http:\/\/www.marieclairemaison.com\/,la-vie-en-rose,200148,419.asp\" target=\"_blank\">Etienne et Clorinde Mery<\/a><\/p>\n<p style=\"text-align: left;\">Une farandole de couleurs,<br \/>\nSans guide, sans lecture en diagonale.<br \/>\nJuste de la jolie fantaisie.<\/p>\n<p style=\"text-align: left;\"><strong>Et vous, aussi <em>color maniac<\/em> que moi ?<\/strong><\/p>\n","protected":false},"excerpt":{"rendered":"<a href=\"https:\/\/libelul.com\/?p=5554\"><img decoding=\"async\" width=\"270\" src=\"\" class=\"alignleft wp-post-image tfe\" alt=\"\" title=\"\" \/><\/a><p>Moi si j&rsquo;osais je laisserais la maison \u00eatre envahie de couleurs. Les bleus d&rsquo;eau, violets feutr\u00e9s, Ces roses profonds, oranges br\u00fblants, Mes verts \u00e9meraude et jaunes presque lime. Toutes ces couleurs que Laurent consid\u00e8re comme improbables, et que moi je trouve juste follement girly ! Un salon multicolore by Etienne et Clorinde Mery Une farandole [&hellip;]<\/p>\n","protected":false},"author":1,"featured_media":0,"comment_status":"open","ping_status":"open","sticky":false,"template":"","format":"standard","meta":{"jetpack_post_was_ever_published":false,"_jetpack_newsletter_access":"","_jetpack_dont_email_post_to_subs":false,"_jetpack_newsletter_tier_id":0,"_jetpack_memberships_contains_paywalled_content":false,"_jetpack_memberships_contains_paid_content":false,"footnotes":"","jetpack_publicize_message":"","jetpack_publicize_feature_enabled":true,"jetpack_social_post_already_shared":false,"jetpack_social_options":{"image_generator_settings":{"template":"highway","default_image_id":0,"font":"","enabled":false},"version":2}},"categories":[217],"tags":[394,212,351],"class_list":["post-5554","post","type-post","status-publish","format-standard","hentry","category-la-maison","tag-decoration","tag-rainbow","tag-salon"],"jetpack_publicize_connections":[],"jetpack_featured_media_url":"","jetpack_shortlink":"https:\/\/wp.me\/posPp-1rA","jetpack_sharing_enabled":true,"jetpack-related-posts":[],"_links":{"self":[{"href":"https:\/\/libelul.com\/index.php?rest_route=\/wp\/v2\/posts\/5554","targetHints":{"allow":["GET"]}}],"collection":[{"href":"https:\/\/libelul.com\/index.php?rest_route=\/wp\/v2\/posts"}],"about":[{"href":"https:\/\/libelul.com\/index.php?rest_route=\/wp\/v2\/types\/post"}],"author":[{"embeddable":true,"href":"https:\/\/libelul.com\/index.php?rest_route=\/wp\/v2\/users\/1"}],"replies":[{"embeddable":true,"href":"https:\/\/libelul.com\/index.php?rest_route=%2Fwp%2Fv2%2Fcomments&post=5554"}],"version-history":[{"count":0,"href":"https:\/\/libelul.com\/index.php?rest_route=\/wp\/v2\/posts\/5554\/revisions"}],"wp:attachment":[{"href":"https:\/\/libelul.com\/index.php?rest_route=%2Fwp%2Fv2%2Fmedia&parent=5554"}],"wp:term":[{"taxonomy":"category","embeddable":true,"href":"https:\/\/libelul.com\/index.php?rest_route=%2Fwp%2Fv2%2Fcategories&post=5554"},{"taxonomy":"post_tag","embeddable":true,"href":"https:\/\/libelul.com\/index.php?rest_route=%2Fwp%2Fv2%2Ftags&post=5554"}],"curies":[{"name":"wp","href":"https:\/\/api.w.org\/{rel}","templated":true}]}}