{"id":5676,"date":"2010-09-04T05:00:37","date_gmt":"2010-09-04T03:00:37","guid":{"rendered":"http:\/\/libelul.com\/?p=5676"},"modified":"2010-09-05T17:38:00","modified_gmt":"2010-09-05T15:38:00","slug":"le-carnet-de-notes","status":"publish","type":"post","link":"https:\/\/libelul.com\/?p=5676","title":{"rendered":"Le carnet de notes &#8230;"},"content":{"rendered":"<p>Moi je suis Jury aujourd&rsquo;hui au <a href=\"http:\/\/www.maison-objet.com\/fr\/index.php?page=les-decouvertes-s10\" target=\"_blank\">Salon Maison &amp; Objet.<\/a><br \/>\nEt j&rsquo;avoue que je suis un peu intimid\u00e9e.<\/p>\n<p>L&rsquo;id\u00e9e de devoir verbaliser ce que j&rsquo;aime,<br \/>\nAlors que c&rsquo;est si facile de le mettre sur papier.<\/p>\n<p>Laisser les autres voir o\u00f9 je pose mon regard,<br \/>\nNe pas me cacher derri\u00e8re mes histoires &#8230;<\/p>\n<p>\u00catre celle qui met des notes,<br \/>\nAlors que je ne me sens nullement qualifi\u00e9e,<br \/>\nNe pas pouvoir faire POMME + Z ou simplement raturer.<br \/>\nAvoir peur de blesser.<\/p>\n<p style=\"text-align: center;\"><a href=\"http:\/\/libelul.com\/wp-content\/uploads\/2010\/09\/make-a-decision.jpg\"><img loading=\"lazy\" decoding=\"async\" data-attachment-id=\"5677\" data-permalink=\"https:\/\/libelul.com\/?attachment_id=5677\" data-orig-file=\"https:\/\/libelul.com\/wp-content\/uploads\/2010\/09\/make-a-decision.jpg\" data-orig-size=\"344,520\" data-comments-opened=\"1\" data-image-meta=\"{&quot;aperture&quot;:&quot;0&quot;,&quot;credit&quot;:&quot;&quot;,&quot;camera&quot;:&quot;&quot;,&quot;caption&quot;:&quot;&quot;,&quot;created_timestamp&quot;:&quot;0&quot;,&quot;copyright&quot;:&quot;&quot;,&quot;focal_length&quot;:&quot;0&quot;,&quot;iso&quot;:&quot;0&quot;,&quot;shutter_speed&quot;:&quot;0&quot;,&quot;title&quot;:&quot;&quot;}\" data-image-title=\"make-a-decision\" data-image-description=\"\" data-image-caption=\"\" data-medium-file=\"https:\/\/libelul.com\/wp-content\/uploads\/2010\/09\/make-a-decision.jpg\" data-large-file=\"https:\/\/libelul.com\/wp-content\/uploads\/2010\/09\/make-a-decision.jpg\" class=\"alignnone size-full wp-image-5677\" title=\"make-a-decision\" src=\"http:\/\/libelul.com\/wp-content\/uploads\/2010\/09\/make-a-decision.jpg\" alt=\"\" width=\"344\" height=\"520\" \/><\/a><br \/>\nMake a decision bloc-notes @ <a href=\"http:\/\/shar.es\/0rAV8\" target=\"_blank\">Bird on the Wire<\/a><\/p>\n<p>Alors d&rsquo;avance je veux remercier,<br \/>\nTous ces cr\u00e9ateurs que je vais rencontrer.<br \/>\nLeur dire que je respecte leur talent et toutes ces heures pass\u00e9es.<br \/>\nA concevoir, penser, cr\u00e9er &#8230;<br \/>\nTous ces jolis objets que me font tant r\u00eaver.<\/p>\n<p><strong>Et vous, vous sentez-vous parfois intimid\u00e9e ?<\/strong><\/p>\n","protected":false},"excerpt":{"rendered":"<a href=\"https:\/\/libelul.com\/?p=5676\"><img decoding=\"async\" width=\"270\" src=\"\" class=\"alignleft wp-post-image tfe\" alt=\"\" title=\"\" \/><\/a><p>Moi je suis Jury aujourd&rsquo;hui au Salon Maison &amp; Objet. Et j&rsquo;avoue que je suis un peu intimid\u00e9e. L&rsquo;id\u00e9e de devoir verbaliser ce que j&rsquo;aime, Alors que c&rsquo;est si facile de le mettre sur papier. Laisser les autres voir o\u00f9 je pose mon regard, Ne pas me cacher derri\u00e8re mes histoires &#8230; \u00catre celle qui [&hellip;]<\/p>\n","protected":false},"author":1,"featured_media":0,"comment_status":"open","ping_status":"open","sticky":false,"template":"","format":"standard","meta":{"jetpack_post_was_ever_published":false,"_jetpack_newsletter_access":"","_jetpack_dont_email_post_to_subs":false,"_jetpack_newsletter_tier_id":0,"_jetpack_memberships_contains_paywalled_content":false,"_jetpack_memberships_contains_paid_content":false,"footnotes":"","jetpack_publicize_message":"","jetpack_publicize_feature_enabled":true,"jetpack_social_post_already_shared":false,"jetpack_social_options":{"image_generator_settings":{"template":"highway","default_image_id":0,"font":"","enabled":false},"version":2}},"categories":[222],"tags":[394,96,397,362],"class_list":["post-5676","post","type-post","status-publish","format-standard","hentry","category-le-bureau-et-les-petits-papiers","tag-decoration","tag-design","tag-papeterie","tag-salon-maison-et-objet"],"jetpack_publicize_connections":[],"jetpack_featured_media_url":"","jetpack_shortlink":"https:\/\/wp.me\/posPp-1ty","jetpack_sharing_enabled":true,"jetpack-related-posts":[],"_links":{"self":[{"href":"https:\/\/libelul.com\/index.php?rest_route=\/wp\/v2\/posts\/5676","targetHints":{"allow":["GET"]}}],"collection":[{"href":"https:\/\/libelul.com\/index.php?rest_route=\/wp\/v2\/posts"}],"about":[{"href":"https:\/\/libelul.com\/index.php?rest_route=\/wp\/v2\/types\/post"}],"author":[{"embeddable":true,"href":"https:\/\/libelul.com\/index.php?rest_route=\/wp\/v2\/users\/1"}],"replies":[{"embeddable":true,"href":"https:\/\/libelul.com\/index.php?rest_route=%2Fwp%2Fv2%2Fcomments&post=5676"}],"version-history":[{"count":0,"href":"https:\/\/libelul.com\/index.php?rest_route=\/wp\/v2\/posts\/5676\/revisions"}],"wp:attachment":[{"href":"https:\/\/libelul.com\/index.php?rest_route=%2Fwp%2Fv2%2Fmedia&parent=5676"}],"wp:term":[{"taxonomy":"category","embeddable":true,"href":"https:\/\/libelul.com\/index.php?rest_route=%2Fwp%2Fv2%2Fcategories&post=5676"},{"taxonomy":"post_tag","embeddable":true,"href":"https:\/\/libelul.com\/index.php?rest_route=%2Fwp%2Fv2%2Ftags&post=5676"}],"curies":[{"name":"wp","href":"https:\/\/api.w.org\/{rel}","templated":true}]}}