{"id":5797,"date":"2010-10-08T05:30:39","date_gmt":"2010-10-08T03:30:39","guid":{"rendered":"http:\/\/libelul.com\/?p=5797"},"modified":"2010-10-08T13:19:25","modified_gmt":"2010-10-08T11:19:25","slug":"la-therapie-par-la-couleur","status":"publish","type":"post","link":"https:\/\/libelul.com\/?p=5797","title":{"rendered":"La th\u00e9rapie par la couleur &#8230;"},"content":{"rendered":"<p>Moi, depuis quelques jours, je cherche la lumi\u00e8re.<br \/>\nAu gr\u00e8s de mes promenades, je r\u00e9alise que je suis,<br \/>\nComme hypnotis\u00e9e par les couleurs vives et p\u00e9tillantes.<\/p>\n<p>Ici une \u00e9charpe orange que je rep\u00e8re dans une vitrine,<br \/>\nL\u00e0 une chaise <em>Casalino Junior<\/em> vert pomme sur laquelle je ne peux r\u00e9sister.<\/p>\n<p style=\"text-align: center;\"><a href=\"http:\/\/libelul.com\/wp-content\/uploads\/2010\/10\/5015013230_49f902d170_b.jpg\"><img loading=\"lazy\" decoding=\"async\" data-attachment-id=\"5798\" data-permalink=\"https:\/\/libelul.com\/?attachment_id=5798\" data-orig-file=\"https:\/\/libelul.com\/wp-content\/uploads\/2010\/10\/5015013230_49f902d170_b.jpg\" data-orig-size=\"683,1024\" data-comments-opened=\"1\" data-image-meta=\"{&quot;aperture&quot;:&quot;0&quot;,&quot;credit&quot;:&quot;&quot;,&quot;camera&quot;:&quot;&quot;,&quot;caption&quot;:&quot;&quot;,&quot;created_timestamp&quot;:&quot;0&quot;,&quot;copyright&quot;:&quot;Copyright: James Erin de Jauregui, Courtney Keefe de Jauregui&quot;,&quot;focal_length&quot;:&quot;0&quot;,&quot;iso&quot;:&quot;0&quot;,&quot;shutter_speed&quot;:&quot;0&quot;,&quot;title&quot;:&quot;&quot;}\" data-image-title=\"5015013230_49f902d170_b\" data-image-description=\"\" data-image-caption=\"\" data-medium-file=\"https:\/\/libelul.com\/wp-content\/uploads\/2010\/10\/5015013230_49f902d170_b-380x569.jpg\" data-large-file=\"https:\/\/libelul.com\/wp-content\/uploads\/2010\/10\/5015013230_49f902d170_b-450x674.jpg\" class=\"alignnone size-large wp-image-5798\" title=\"5015013230_49f902d170_b\" src=\"http:\/\/libelul.com\/wp-content\/uploads\/2010\/10\/5015013230_49f902d170_b-450x674.jpg\" alt=\"\" width=\"450\" height=\"674\" srcset=\"https:\/\/libelul.com\/wp-content\/uploads\/2010\/10\/5015013230_49f902d170_b-450x674.jpg 450w, https:\/\/libelul.com\/wp-content\/uploads\/2010\/10\/5015013230_49f902d170_b-380x569.jpg 380w, https:\/\/libelul.com\/wp-content\/uploads\/2010\/10\/5015013230_49f902d170_b.jpg 683w\" sizes=\"auto, (max-width: 450px) 100vw, 450px\" \/><\/a><\/p>\n<p style=\"text-align: center;\">Office Inspirations by <a href=\"http:\/\/www.flickr.com\/photos\/71112133@N00\/sets\/72157625011117652\/\" target=\"_blank\">Megan Fickling<\/a><\/p>\n<p style=\"text-align: left;\">Tromper la fraicheur, avec quelques bulles de couleur,<br \/>\nMettre du peps dans mon humeur, encore grise.<\/p>\n<p style=\"text-align: left;\"><strong>Et vous, trouvez-vous aussi que les couleurs jouent sur l&rsquo;humeur ?<\/strong><\/p>\n<p><span style=\"display: block; width: 136px; height: 72px; position: relative; padding: 0pt; border: 0pt none; margin: 0pt; clear: both; background-image: url(http:\/\/libelul.com\/wp-content\/uploads\/2010\/02\/TOP-HELLO-FAMILLE.jpg);\"> <\/span><\/p>\n","protected":false},"excerpt":{"rendered":"<a href=\"https:\/\/libelul.com\/?p=5797\"><img decoding=\"async\" width=\"270\" src=\"\" class=\"alignleft wp-post-image tfe\" alt=\"\" title=\"\" \/><\/a><p>Moi, depuis quelques jours, je cherche la lumi\u00e8re. Au gr\u00e8s de mes promenades, je r\u00e9alise que je suis, Comme hypnotis\u00e9e par les couleurs vives et p\u00e9tillantes. Ici une \u00e9charpe orange que je rep\u00e8re dans une vitrine, L\u00e0 une chaise Casalino Junior vert pomme sur laquelle je ne peux r\u00e9sister. Office Inspirations by Megan Fickling Tromper [&hellip;]<\/p>\n","protected":false},"author":1,"featured_media":0,"comment_status":"open","ping_status":"open","sticky":false,"template":"","format":"standard","meta":{"jetpack_post_was_ever_published":false,"_jetpack_newsletter_access":"","_jetpack_dont_email_post_to_subs":false,"_jetpack_newsletter_tier_id":0,"_jetpack_memberships_contains_paywalled_content":false,"_jetpack_memberships_contains_paid_content":false,"footnotes":"","jetpack_publicize_message":"","jetpack_publicize_feature_enabled":true,"jetpack_social_post_already_shared":false,"jetpack_social_options":{"image_generator_settings":{"template":"highway","default_image_id":0,"font":"","enabled":false},"version":2}},"categories":[222],"tags":[124,394,342,9,206],"class_list":["post-5797","post","type-post","status-publish","format-standard","hentry","category-le-bureau-et-les-petits-papiers","tag-bureau","tag-decoration","tag-enfant","tag-vintage","tag-vous-avez-aime"],"jetpack_publicize_connections":[],"jetpack_featured_media_url":"","jetpack_shortlink":"https:\/\/wp.me\/posPp-1vv","jetpack_sharing_enabled":true,"jetpack-related-posts":[],"_links":{"self":[{"href":"https:\/\/libelul.com\/index.php?rest_route=\/wp\/v2\/posts\/5797","targetHints":{"allow":["GET"]}}],"collection":[{"href":"https:\/\/libelul.com\/index.php?rest_route=\/wp\/v2\/posts"}],"about":[{"href":"https:\/\/libelul.com\/index.php?rest_route=\/wp\/v2\/types\/post"}],"author":[{"embeddable":true,"href":"https:\/\/libelul.com\/index.php?rest_route=\/wp\/v2\/users\/1"}],"replies":[{"embeddable":true,"href":"https:\/\/libelul.com\/index.php?rest_route=%2Fwp%2Fv2%2Fcomments&post=5797"}],"version-history":[{"count":0,"href":"https:\/\/libelul.com\/index.php?rest_route=\/wp\/v2\/posts\/5797\/revisions"}],"wp:attachment":[{"href":"https:\/\/libelul.com\/index.php?rest_route=%2Fwp%2Fv2%2Fmedia&parent=5797"}],"wp:term":[{"taxonomy":"category","embeddable":true,"href":"https:\/\/libelul.com\/index.php?rest_route=%2Fwp%2Fv2%2Fcategories&post=5797"},{"taxonomy":"post_tag","embeddable":true,"href":"https:\/\/libelul.com\/index.php?rest_route=%2Fwp%2Fv2%2Ftags&post=5797"}],"curies":[{"name":"wp","href":"https:\/\/api.w.org\/{rel}","templated":true}]}}