{"id":5988,"date":"2010-12-01T05:30:37","date_gmt":"2010-12-01T04:30:37","guid":{"rendered":"http:\/\/libelul.com\/?p=5988"},"modified":"2010-11-30T22:04:56","modified_gmt":"2010-11-30T21:04:56","slug":"plus-que-24-dodos","status":"publish","type":"post","link":"https:\/\/libelul.com\/?p=5988","title":{"rendered":"Plus que 24 dodos &#8230;"},"content":{"rendered":"<p>Moi, sous mon sapin, je voudrais &#8230;<\/p>\n<p>Le voir heureux.<br \/>\nDes \u00e9tincelles dans ses yeux.<\/p>\n<p>Le laisser croire longtemps et tr\u00e8s fort,<br \/>\nA l&rsquo;existence au P\u00f4le Nord,<br \/>\nD&rsquo;un vieux bonhomme et quelques lutins,<br \/>\nCharg\u00e9s de g\u00e2ter <em>m\u00eame<\/em> les enfants coquins.<\/p>\n<p style=\"text-align: center;\"><img loading=\"lazy\" decoding=\"async\" data-attachment-id=\"5989\" data-permalink=\"https:\/\/libelul.com\/?attachment_id=5989\" data-orig-file=\"https:\/\/libelul.com\/wp-content\/uploads\/2010\/12\/il_570xN.195708742.jpg\" data-orig-size=\"570,386\" data-comments-opened=\"1\" data-image-meta=\"{&quot;aperture&quot;:&quot;0&quot;,&quot;credit&quot;:&quot;&quot;,&quot;camera&quot;:&quot;&quot;,&quot;caption&quot;:&quot;&quot;,&quot;created_timestamp&quot;:&quot;0&quot;,&quot;copyright&quot;:&quot;&quot;,&quot;focal_length&quot;:&quot;0&quot;,&quot;iso&quot;:&quot;0&quot;,&quot;shutter_speed&quot;:&quot;0&quot;,&quot;title&quot;:&quot;&quot;}\" data-image-title=\"il_570xN.195708742\" data-image-description=\"\" data-image-caption=\"\" data-medium-file=\"https:\/\/libelul.com\/wp-content\/uploads\/2010\/12\/il_570xN.195708742-380x257.jpg\" data-large-file=\"https:\/\/libelul.com\/wp-content\/uploads\/2010\/12\/il_570xN.195708742-450x304.jpg\" class=\"alignnone size-large wp-image-5989\" title=\"il_570xN.195708742\" src=\"http:\/\/libelul.com\/wp-content\/uploads\/2010\/12\/il_570xN.195708742-450x304.jpg\" alt=\"\" width=\"450\" height=\"304\" srcset=\"https:\/\/libelul.com\/wp-content\/uploads\/2010\/12\/il_570xN.195708742-450x304.jpg 450w, https:\/\/libelul.com\/wp-content\/uploads\/2010\/12\/il_570xN.195708742-380x257.jpg 380w, https:\/\/libelul.com\/wp-content\/uploads\/2010\/12\/il_570xN.195708742.jpg 570w\" sizes=\"auto, (max-width: 450px) 100vw, 450px\" \/><\/p>\n<p style=\"text-align: center;\">Brooklyn Advent Calendar by <a href=\"http:\/\/www.etsy.com\/listing\/62664700\/brooklyn-advent-calendar\" target=\"_blank\">Nouveau Designs<\/a><\/p>\n<p style=\"text-align: left;\">Et pour moi, un simple pr\u00e9sent,<br \/>\nLe m\u00eame que j&rsquo;ai eu il y a 3 ans &#8230;<\/p>\n<p style=\"text-align: left;\">Il n&rsquo;est pas bien compliqu\u00e9 de faire plaisir \u00e0 une<em> Libelul <\/em>&#8230;<br \/>\nN&rsquo;est-ce pas P\u00e8re No\u00ebl ?<\/p>\n<p style=\"text-align: left;\"><strong>Et vous, que souhaitez-vous pour No\u00ebl ?<\/strong><\/p>\n<p style=\"text-align: left;\"><em>Ceci est ma petite liste pour les lutins du P\u00e8re No\u00ebl : <a href=\"http:\/\/www.chocoladdict.fr\/2010\/11\/wish-list\/\" target=\"_blank\">Chocoladdict<\/a> &amp; <a href=\"http:\/\/www.virginiebichet.org\/article-j-ai-encore-reve-d-elle-61197591.html\" target=\"_blank\">Virginie<\/a><\/em><\/p>\n","protected":false},"excerpt":{"rendered":"<a href=\"https:\/\/libelul.com\/?p=5988\"><img decoding=\"async\" width=\"270\" src=\"\" class=\"alignleft wp-post-image tfe\" alt=\"\" title=\"\" \/><\/a><p>Moi, sous mon sapin, je voudrais &#8230; Le voir heureux. Des \u00e9tincelles dans ses yeux. Le laisser croire longtemps et tr\u00e8s fort, A l&rsquo;existence au P\u00f4le Nord, D&rsquo;un vieux bonhomme et quelques lutins, Charg\u00e9s de g\u00e2ter m\u00eame les enfants coquins. Brooklyn Advent Calendar by Nouveau Designs Et pour moi, un simple pr\u00e9sent, Le m\u00eame que [&hellip;]<\/p>\n","protected":false},"author":1,"featured_media":0,"comment_status":"open","ping_status":"open","sticky":false,"template":"","format":"standard","meta":{"jetpack_post_was_ever_published":false,"_jetpack_newsletter_access":"","_jetpack_dont_email_post_to_subs":false,"_jetpack_newsletter_tier_id":0,"_jetpack_memberships_contains_paywalled_content":false,"_jetpack_memberships_contains_paid_content":false,"footnotes":"","jetpack_publicize_message":"","jetpack_publicize_feature_enabled":true,"jetpack_social_post_already_shared":false,"jetpack_social_options":{"image_generator_settings":{"template":"highway","default_image_id":0,"font":"","enabled":false},"version":2}},"categories":[24],"tags":[116],"class_list":["post-5988","post","type-post","status-publish","format-standard","hentry","category-la-fete","tag-noel"],"jetpack_publicize_connections":[],"jetpack_featured_media_url":"","jetpack_shortlink":"https:\/\/wp.me\/posPp-1yA","jetpack_sharing_enabled":true,"jetpack-related-posts":[],"_links":{"self":[{"href":"https:\/\/libelul.com\/index.php?rest_route=\/wp\/v2\/posts\/5988","targetHints":{"allow":["GET"]}}],"collection":[{"href":"https:\/\/libelul.com\/index.php?rest_route=\/wp\/v2\/posts"}],"about":[{"href":"https:\/\/libelul.com\/index.php?rest_route=\/wp\/v2\/types\/post"}],"author":[{"embeddable":true,"href":"https:\/\/libelul.com\/index.php?rest_route=\/wp\/v2\/users\/1"}],"replies":[{"embeddable":true,"href":"https:\/\/libelul.com\/index.php?rest_route=%2Fwp%2Fv2%2Fcomments&post=5988"}],"version-history":[{"count":0,"href":"https:\/\/libelul.com\/index.php?rest_route=\/wp\/v2\/posts\/5988\/revisions"}],"wp:attachment":[{"href":"https:\/\/libelul.com\/index.php?rest_route=%2Fwp%2Fv2%2Fmedia&parent=5988"}],"wp:term":[{"taxonomy":"category","embeddable":true,"href":"https:\/\/libelul.com\/index.php?rest_route=%2Fwp%2Fv2%2Fcategories&post=5988"},{"taxonomy":"post_tag","embeddable":true,"href":"https:\/\/libelul.com\/index.php?rest_route=%2Fwp%2Fv2%2Ftags&post=5988"}],"curies":[{"name":"wp","href":"https:\/\/api.w.org\/{rel}","templated":true}]}}