{"id":6170,"date":"2011-01-09T05:30:31","date_gmt":"2011-01-09T04:30:31","guid":{"rendered":"http:\/\/libelul.com\/?p=6170"},"modified":"2011-01-08T23:23:46","modified_gmt":"2011-01-08T22:23:46","slug":"et-etreindre-l%e2%80%99hiver-%e2%80%a6","status":"publish","type":"post","link":"https:\/\/libelul.com\/?p=6170","title":{"rendered":"et \u00e9treindre l\u2019hiver \u2026"},"content":{"rendered":"<p>Moi j&rsquo;aime le mois de Janvier.<br \/>\nUne fois le sapin dehors,<br \/>\nDans la maison je peux r\u00e9inventer le d\u00e9cor.<\/p>\n<p>Blancheur minimaliste pour booster la lumi\u00e8re,<br \/>\nEt quelques touches de couleurs pastels.<\/p>\n<p style=\"text-align: center;\"><img loading=\"lazy\" decoding=\"async\" data-attachment-id=\"6171\" data-permalink=\"https:\/\/libelul.com\/?attachment_id=6171\" data-orig-file=\"https:\/\/libelul.com\/wp-content\/uploads\/2011\/01\/carolyn.jpg\" data-orig-size=\"866,648\" data-comments-opened=\"1\" data-image-meta=\"{&quot;aperture&quot;:&quot;0&quot;,&quot;credit&quot;:&quot;&quot;,&quot;camera&quot;:&quot;&quot;,&quot;caption&quot;:&quot;&quot;,&quot;created_timestamp&quot;:&quot;0&quot;,&quot;copyright&quot;:&quot;&quot;,&quot;focal_length&quot;:&quot;0&quot;,&quot;iso&quot;:&quot;0&quot;,&quot;shutter_speed&quot;:&quot;0&quot;,&quot;title&quot;:&quot;&quot;}\" data-image-title=\"carolyn\" data-image-description=\"\" data-image-caption=\"\" data-medium-file=\"https:\/\/libelul.com\/wp-content\/uploads\/2011\/01\/carolyn-380x284.jpg\" data-large-file=\"https:\/\/libelul.com\/wp-content\/uploads\/2011\/01\/carolyn-450x336.jpg\" class=\"alignnone size-large wp-image-6171\" title=\"carolyn\" src=\"http:\/\/libelul.com\/wp-content\/uploads\/2011\/01\/carolyn-450x336.jpg\" alt=\"\" width=\"450\" height=\"336\" srcset=\"https:\/\/libelul.com\/wp-content\/uploads\/2011\/01\/carolyn-450x336.jpg 450w, https:\/\/libelul.com\/wp-content\/uploads\/2011\/01\/carolyn-380x284.jpg 380w, https:\/\/libelul.com\/wp-content\/uploads\/2011\/01\/carolyn.jpg 866w\" sizes=\"auto, (max-width: 450px) 100vw, 450px\" \/><br \/>\nHome inspiration by <a href=\"http:\/\/www.carolynquartermaine.com\/\" target=\"_blank\">Carolyn Quatermaine<\/a><\/p>\n<p style=\"text-align: left;\">Faire place neuve, r\u00e9partir de z\u00e9ro pour pr\u00e9parer la prochaine saison,<br \/>\nOu se dire peut-\u00eatre que ce sera la derni\u00e8re ann\u00e9e dans cette maison.<\/p>\n<p style=\"text-align: left;\"><strong>Et vous, des envies de d\u00e9m\u00e9nagement ?<\/strong><\/p>\n","protected":false},"excerpt":{"rendered":"<a href=\"https:\/\/libelul.com\/?p=6170\"><img decoding=\"async\" width=\"270\" src=\"\" class=\"alignleft wp-post-image tfe\" alt=\"\" title=\"\" \/><\/a><p>Moi j&rsquo;aime le mois de Janvier. Une fois le sapin dehors, Dans la maison je peux r\u00e9inventer le d\u00e9cor. Blancheur minimaliste pour booster la lumi\u00e8re, Et quelques touches de couleurs pastels. Home inspiration by Carolyn Quatermaine Faire place neuve, r\u00e9partir de z\u00e9ro pour pr\u00e9parer la prochaine saison, Ou se dire peut-\u00eatre que ce sera la [&hellip;]<\/p>\n","protected":false},"author":1,"featured_media":0,"comment_status":"open","ping_status":"open","sticky":false,"template":"","format":"standard","meta":{"jetpack_post_was_ever_published":false,"_jetpack_newsletter_access":"","_jetpack_dont_email_post_to_subs":false,"_jetpack_newsletter_tier_id":0,"_jetpack_memberships_contains_paywalled_content":false,"_jetpack_memberships_contains_paid_content":false,"footnotes":"","jetpack_publicize_message":"","jetpack_publicize_feature_enabled":true,"jetpack_social_post_already_shared":false,"jetpack_social_options":{"image_generator_settings":{"template":"highway","default_image_id":0,"font":"","enabled":false},"version":2}},"categories":[217],"tags":[394],"class_list":["post-6170","post","type-post","status-publish","format-standard","hentry","category-la-maison","tag-decoration"],"jetpack_publicize_connections":[],"jetpack_featured_media_url":"","jetpack_shortlink":"https:\/\/wp.me\/posPp-1Bw","jetpack_sharing_enabled":true,"jetpack-related-posts":[],"_links":{"self":[{"href":"https:\/\/libelul.com\/index.php?rest_route=\/wp\/v2\/posts\/6170","targetHints":{"allow":["GET"]}}],"collection":[{"href":"https:\/\/libelul.com\/index.php?rest_route=\/wp\/v2\/posts"}],"about":[{"href":"https:\/\/libelul.com\/index.php?rest_route=\/wp\/v2\/types\/post"}],"author":[{"embeddable":true,"href":"https:\/\/libelul.com\/index.php?rest_route=\/wp\/v2\/users\/1"}],"replies":[{"embeddable":true,"href":"https:\/\/libelul.com\/index.php?rest_route=%2Fwp%2Fv2%2Fcomments&post=6170"}],"version-history":[{"count":0,"href":"https:\/\/libelul.com\/index.php?rest_route=\/wp\/v2\/posts\/6170\/revisions"}],"wp:attachment":[{"href":"https:\/\/libelul.com\/index.php?rest_route=%2Fwp%2Fv2%2Fmedia&parent=6170"}],"wp:term":[{"taxonomy":"category","embeddable":true,"href":"https:\/\/libelul.com\/index.php?rest_route=%2Fwp%2Fv2%2Fcategories&post=6170"},{"taxonomy":"post_tag","embeddable":true,"href":"https:\/\/libelul.com\/index.php?rest_route=%2Fwp%2Fv2%2Ftags&post=6170"}],"curies":[{"name":"wp","href":"https:\/\/api.w.org\/{rel}","templated":true}]}}