{"id":6434,"date":"2011-02-08T05:30:51","date_gmt":"2011-02-08T04:30:51","guid":{"rendered":"http:\/\/libelul.com\/?p=6434"},"modified":"2011-02-08T00:41:52","modified_gmt":"2011-02-07T23:41:52","slug":"nuages-au-reveil","status":"publish","type":"post","link":"https:\/\/libelul.com\/?p=6434","title":{"rendered":"Nuages au r\u00e9veil \u2026"},"content":{"rendered":"<p>Moi, je ne suis pas du matin.<br \/>\nJe n&rsquo;aime ni me lever t\u00f4t, le r\u00e9veil qui a sonn\u00e9,<br \/>\nEt surtout les r\u00e9unions en d\u00e9but de matin\u00e9e.<\/p>\n<p>Je sais bien que le monde appartient \u00e0 ceux qui se l\u00e8ve,<br \/>\nMais j&rsquo;avoue que le matin il n&rsquo;y qu&rsquo;une chose qui m&rsquo;obs\u00e8de,<\/p>\n<p>Rester couch\u00e9e, profiter de mon doux oreiller,<br \/>\nQu\u00e9mander qu&rsquo;il m&rsquo;apporte mon petit d\u00e9jeuner.<\/p>\n<p style=\"text-align: center;\"><img loading=\"lazy\" decoding=\"async\" data-attachment-id=\"6447\" data-permalink=\"https:\/\/libelul.com\/?attachment_id=6447\" data-orig-file=\"https:\/\/libelul.com\/wp-content\/uploads\/2011\/02\/nuage-snug.jpg\" data-orig-size=\"450,323\" data-comments-opened=\"1\" data-image-meta=\"{&quot;aperture&quot;:&quot;0&quot;,&quot;credit&quot;:&quot;&quot;,&quot;camera&quot;:&quot;&quot;,&quot;caption&quot;:&quot;&quot;,&quot;created_timestamp&quot;:&quot;0&quot;,&quot;copyright&quot;:&quot;&quot;,&quot;focal_length&quot;:&quot;0&quot;,&quot;iso&quot;:&quot;0&quot;,&quot;shutter_speed&quot;:&quot;0&quot;,&quot;title&quot;:&quot;&quot;}\" data-image-title=\"nuage-snug\" data-image-description=\"\" data-image-caption=\"\" data-medium-file=\"https:\/\/libelul.com\/wp-content\/uploads\/2011\/02\/nuage-snug-380x272.jpg\" data-large-file=\"https:\/\/libelul.com\/wp-content\/uploads\/2011\/02\/nuage-snug.jpg\" class=\"alignnone size-full wp-image-6447\" title=\"nuage-snug\" src=\"http:\/\/libelul.com\/wp-content\/uploads\/2011\/02\/nuage-snug.jpg\" alt=\"\" width=\"450\" height=\"323\" srcset=\"https:\/\/libelul.com\/wp-content\/uploads\/2011\/02\/nuage-snug.jpg 450w, https:\/\/libelul.com\/wp-content\/uploads\/2011\/02\/nuage-snug-380x272.jpg 380w\" sizes=\"auto, (max-width: 450px) 100vw, 450px\" \/><\/p>\n<p style=\"text-align: center;\">\n<p style=\"text-align: center;\">Cloud by <a href=\"http:\/\/www.snugonline.bigcartel.com\/product\/scheidebrett-wolke\" target=\"_blank\">Snug<\/a><\/p>\n<p style=\"text-align: left;\">Mes petits magazines, quelques tartines beurr\u00e9es,<br \/>\nEt un joli nuage dans ma tasse de th\u00e9.<\/p>\n<p style=\"text-align: left;\"><strong>Et vous, \u00eates-vous du matin ou vous pr\u00e9f\u00e9rez tra\u00eenailler ? <\/strong><\/p>\n","protected":false},"excerpt":{"rendered":"<a href=\"https:\/\/libelul.com\/?p=6434\"><img decoding=\"async\" width=\"270\" src=\"\" class=\"alignleft wp-post-image tfe\" alt=\"\" title=\"\" \/><\/a><p>Moi, je ne suis pas du matin. Je n&rsquo;aime ni me lever t\u00f4t, le r\u00e9veil qui a sonn\u00e9, Et surtout les r\u00e9unions en d\u00e9but de matin\u00e9e. Je sais bien que le monde appartient \u00e0 ceux qui se l\u00e8ve, Mais j&rsquo;avoue que le matin il n&rsquo;y qu&rsquo;une chose qui m&rsquo;obs\u00e8de, Rester couch\u00e9e, profiter de mon doux [&hellip;]<\/p>\n","protected":false},"author":1,"featured_media":0,"comment_status":"open","ping_status":"open","sticky":false,"template":"","format":"standard","meta":{"jetpack_post_was_ever_published":false,"_jetpack_newsletter_access":"","_jetpack_dont_email_post_to_subs":false,"_jetpack_newsletter_tier_id":0,"_jetpack_memberships_contains_paywalled_content":false,"_jetpack_memberships_contains_paid_content":false,"footnotes":"","jetpack_publicize_message":"","jetpack_publicize_feature_enabled":true,"jetpack_social_post_already_shared":false,"jetpack_social_options":{"image_generator_settings":{"template":"highway","default_image_id":0,"font":"","enabled":false},"version":2}},"categories":[216],"tags":[119,394,167,450],"class_list":["post-6434","post","type-post","status-publish","format-standard","hentry","category-la-cuisine","tag-cuisine","tag-decoration","tag-nuage","tag-snug"],"jetpack_publicize_connections":[],"jetpack_featured_media_url":"","jetpack_shortlink":"https:\/\/wp.me\/posPp-1FM","jetpack_sharing_enabled":true,"jetpack-related-posts":[],"_links":{"self":[{"href":"https:\/\/libelul.com\/index.php?rest_route=\/wp\/v2\/posts\/6434","targetHints":{"allow":["GET"]}}],"collection":[{"href":"https:\/\/libelul.com\/index.php?rest_route=\/wp\/v2\/posts"}],"about":[{"href":"https:\/\/libelul.com\/index.php?rest_route=\/wp\/v2\/types\/post"}],"author":[{"embeddable":true,"href":"https:\/\/libelul.com\/index.php?rest_route=\/wp\/v2\/users\/1"}],"replies":[{"embeddable":true,"href":"https:\/\/libelul.com\/index.php?rest_route=%2Fwp%2Fv2%2Fcomments&post=6434"}],"version-history":[{"count":0,"href":"https:\/\/libelul.com\/index.php?rest_route=\/wp\/v2\/posts\/6434\/revisions"}],"wp:attachment":[{"href":"https:\/\/libelul.com\/index.php?rest_route=%2Fwp%2Fv2%2Fmedia&parent=6434"}],"wp:term":[{"taxonomy":"category","embeddable":true,"href":"https:\/\/libelul.com\/index.php?rest_route=%2Fwp%2Fv2%2Fcategories&post=6434"},{"taxonomy":"post_tag","embeddable":true,"href":"https:\/\/libelul.com\/index.php?rest_route=%2Fwp%2Fv2%2Ftags&post=6434"}],"curies":[{"name":"wp","href":"https:\/\/api.w.org\/{rel}","templated":true}]}}