{"id":6480,"date":"2011-02-12T05:30:07","date_gmt":"2011-02-12T04:30:07","guid":{"rendered":"http:\/\/libelul.com\/?p=6480"},"modified":"2011-02-12T11:58:06","modified_gmt":"2011-02-12T10:58:06","slug":"jaime-ma-terre","status":"publish","type":"post","link":"https:\/\/libelul.com\/?p=6480","title":{"rendered":"J&rsquo;aime ma Terre !"},"content":{"rendered":"<p>Moi, dor\u00e9navant, je vais mesurer ma consommation.<\/p>\n<p>Je r\u00e9alise que souvent j&rsquo;ach\u00e8te, j&rsquo;utilise, je j\u00e8te,<br \/>\nSans vraiment faire attention.<\/p>\n<p>Mes petits objets de transition, jolis doudous de <em>Libelul<\/em>.<br \/>\nToutes ces choses inutiles que j&rsquo;accumule,<br \/>\nElles ont toutes un impact sur la plan\u00e8te,<br \/>\nEt il est temps que je m&rsquo;arr\u00eate &#8230;<\/p>\n<p style=\"text-align: center;\"><img loading=\"lazy\" decoding=\"async\" data-attachment-id=\"6487\" data-permalink=\"https:\/\/libelul.com\/?attachment_id=6487\" data-orig-file=\"https:\/\/libelul.com\/wp-content\/uploads\/2011\/02\/capital-terre-by-libelul.jpg\" data-orig-size=\"450,323\" data-comments-opened=\"1\" data-image-meta=\"{&quot;aperture&quot;:&quot;0&quot;,&quot;credit&quot;:&quot;&quot;,&quot;camera&quot;:&quot;&quot;,&quot;caption&quot;:&quot;&quot;,&quot;created_timestamp&quot;:&quot;0&quot;,&quot;copyright&quot;:&quot;&quot;,&quot;focal_length&quot;:&quot;0&quot;,&quot;iso&quot;:&quot;0&quot;,&quot;shutter_speed&quot;:&quot;0&quot;,&quot;title&quot;:&quot;&quot;}\" data-image-title=\"capital-terre-by-libelul\" data-image-description=\"\" data-image-caption=\"\" data-medium-file=\"https:\/\/libelul.com\/wp-content\/uploads\/2011\/02\/capital-terre-by-libelul-380x272.jpg\" data-large-file=\"https:\/\/libelul.com\/wp-content\/uploads\/2011\/02\/capital-terre-by-libelul.jpg\" class=\"alignnone size-full wp-image-6487\" title=\"capital-terre-by-libelul\" src=\"http:\/\/libelul.com\/wp-content\/uploads\/2011\/02\/capital-terre-by-libelul.jpg\" alt=\"\" width=\"450\" height=\"323\" srcset=\"https:\/\/libelul.com\/wp-content\/uploads\/2011\/02\/capital-terre-by-libelul.jpg 450w, https:\/\/libelul.com\/wp-content\/uploads\/2011\/02\/capital-terre-by-libelul-380x272.jpg 380w\" sizes=\"auto, (max-width: 450px) 100vw, 450px\" \/><\/p>\n<p style=\"text-align: center;\"><a href=\"http:\/\/www.m6bonus.fr\/videos-emissions-4\/videos-capital_terre-6508\/interview\/video-guy_lagache-58552.html\" target=\"_blank\">Capital Terre<\/a> sur M6 le 16 F\u00e9vrier 2011<\/p>\n<p style=\"text-align: left;\">Je vous invite \u00e0 suivre Capital Terre sur M6,<br \/>\nUne \u00e9mission r\u00e9aliste, troublante, surtout intelligente,<br \/>\nUne invitation \u00e0 r\u00e9fl\u00e9chir et \u00e0 prendre de nouvelles r\u00e9solutions &#8230;<br \/>\nPour consommer sans piller notre plan\u00e8te.<\/p>\n<p style=\"text-align: left;\">\n<p style=\"text-align: left;\"><strong>Et vous, vous consommez un peu, beaucoup, trop ?<\/strong><\/p>\n<p style=\"text-align: left;\"><em>Un grand merci \u00e0 Guy Lagache et son \u00e9quipe pour leur disponibilit\u00e9.<br \/>\nAinsi qu&rsquo;\u00e0 Tom &amp; Nosite pour l&rsquo;invitation.<\/em><\/p>\n<p style=\"text-align: left;\">\n","protected":false},"excerpt":{"rendered":"<a href=\"https:\/\/libelul.com\/?p=6480\"><img decoding=\"async\" width=\"270\" src=\"\" class=\"alignleft wp-post-image tfe\" alt=\"\" title=\"\" \/><\/a><p>Moi, dor\u00e9navant, je vais mesurer ma consommation. Je r\u00e9alise que souvent j&rsquo;ach\u00e8te, j&rsquo;utilise, je j\u00e8te, Sans vraiment faire attention. Mes petits objets de transition, jolis doudous de Libelul. Toutes ces choses inutiles que j&rsquo;accumule, Elles ont toutes un impact sur la plan\u00e8te, Et il est temps que je m&rsquo;arr\u00eate &#8230; Capital Terre sur M6 le [&hellip;]<\/p>\n","protected":false},"author":1,"featured_media":0,"comment_status":"open","ping_status":"open","sticky":false,"template":"","format":"standard","meta":{"jetpack_post_was_ever_published":false,"_jetpack_newsletter_access":"","_jetpack_dont_email_post_to_subs":false,"_jetpack_newsletter_tier_id":0,"_jetpack_memberships_contains_paywalled_content":false,"_jetpack_memberships_contains_paid_content":false,"footnotes":"","jetpack_publicize_message":"","jetpack_publicize_feature_enabled":true,"jetpack_social_post_already_shared":false,"jetpack_social_options":{"image_generator_settings":{"template":"highway","default_image_id":0,"font":"","enabled":false},"version":2}},"categories":[38],"tags":[455,46,454,396,453],"class_list":["post-6480","post","type-post","status-publish","format-standard","hentry","category-mes-humeurs-et-concours","tag-capital-terre","tag-ecolo","tag-m6","tag-pensees","tag-tv"],"jetpack_publicize_connections":[],"jetpack_featured_media_url":"","jetpack_shortlink":"https:\/\/wp.me\/posPp-1Gw","jetpack_sharing_enabled":true,"jetpack-related-posts":[],"_links":{"self":[{"href":"https:\/\/libelul.com\/index.php?rest_route=\/wp\/v2\/posts\/6480","targetHints":{"allow":["GET"]}}],"collection":[{"href":"https:\/\/libelul.com\/index.php?rest_route=\/wp\/v2\/posts"}],"about":[{"href":"https:\/\/libelul.com\/index.php?rest_route=\/wp\/v2\/types\/post"}],"author":[{"embeddable":true,"href":"https:\/\/libelul.com\/index.php?rest_route=\/wp\/v2\/users\/1"}],"replies":[{"embeddable":true,"href":"https:\/\/libelul.com\/index.php?rest_route=%2Fwp%2Fv2%2Fcomments&post=6480"}],"version-history":[{"count":0,"href":"https:\/\/libelul.com\/index.php?rest_route=\/wp\/v2\/posts\/6480\/revisions"}],"wp:attachment":[{"href":"https:\/\/libelul.com\/index.php?rest_route=%2Fwp%2Fv2%2Fmedia&parent=6480"}],"wp:term":[{"taxonomy":"category","embeddable":true,"href":"https:\/\/libelul.com\/index.php?rest_route=%2Fwp%2Fv2%2Fcategories&post=6480"},{"taxonomy":"post_tag","embeddable":true,"href":"https:\/\/libelul.com\/index.php?rest_route=%2Fwp%2Fv2%2Ftags&post=6480"}],"curies":[{"name":"wp","href":"https:\/\/api.w.org\/{rel}","templated":true}]}}