{"id":6544,"date":"2011-02-21T05:30:04","date_gmt":"2011-02-21T04:30:04","guid":{"rendered":"http:\/\/libelul.com\/?p=6544"},"modified":"2011-02-21T12:45:53","modified_gmt":"2011-02-21T11:45:53","slug":"blanc-couleurs","status":"publish","type":"post","link":"https:\/\/libelul.com\/?p=6544","title":{"rendered":"Blanc \/ Couleurs."},"content":{"rendered":"<p>Moi je suis <em>soi-disant<\/em> volcanique (*).<br \/>\nCalme et douce en apparence,<br \/>\nJe suis pr\u00eate \u00e0 m&rsquo;enflammer pour mes id\u00e9es.<\/p>\n<p>J&rsquo;aime passionn\u00e9ment ou pas du tout,<br \/>\nJ&rsquo;ai beaucoup de mal \u00e0 me nuancer.<\/p>\n<p style=\"text-align: center;\"><img loading=\"lazy\" decoding=\"async\" data-attachment-id=\"6545\" data-permalink=\"https:\/\/libelul.com\/?attachment_id=6545\" data-orig-file=\"https:\/\/libelul.com\/wp-content\/uploads\/2011\/02\/blanc-couleurs.jpg\" data-orig-size=\"450,323\" data-comments-opened=\"1\" data-image-meta=\"{&quot;aperture&quot;:&quot;0&quot;,&quot;credit&quot;:&quot;&quot;,&quot;camera&quot;:&quot;&quot;,&quot;caption&quot;:&quot;&quot;,&quot;created_timestamp&quot;:&quot;0&quot;,&quot;copyright&quot;:&quot;&quot;,&quot;focal_length&quot;:&quot;0&quot;,&quot;iso&quot;:&quot;0&quot;,&quot;shutter_speed&quot;:&quot;0&quot;,&quot;title&quot;:&quot;&quot;}\" data-image-title=\"blanc-couleurs\" data-image-description=\"\" data-image-caption=\"\" data-medium-file=\"https:\/\/libelul.com\/wp-content\/uploads\/2011\/02\/blanc-couleurs-380x272.jpg\" data-large-file=\"https:\/\/libelul.com\/wp-content\/uploads\/2011\/02\/blanc-couleurs.jpg\" class=\"alignnone size-full wp-image-6545\" title=\"blanc-couleurs\" src=\"http:\/\/libelul.com\/wp-content\/uploads\/2011\/02\/blanc-couleurs.jpg\" alt=\"\" width=\"450\" height=\"323\" srcset=\"https:\/\/libelul.com\/wp-content\/uploads\/2011\/02\/blanc-couleurs.jpg 450w, https:\/\/libelul.com\/wp-content\/uploads\/2011\/02\/blanc-couleurs-380x272.jpg 380w\" sizes=\"auto, (max-width: 450px) 100vw, 450px\" \/><\/p>\n<p style=\"text-align: center;\">Home inspiration by <a href=\"http:\/\/www.petrabindel.com\/\" target=\"_blank\">Petra Bindel<\/a><\/p>\n<p style=\"text-align: left;\">Un cocktail de blanc \u00e9clatant et de vives couleurs,<br \/>\nComme ces scandinaves int\u00e9rieurs,<br \/>\nQui me font tant r\u00eaver.<\/p>\n<p style=\"text-align: left;\"><strong>Et vous, mod\u00e9r\u00e9e ou passionn\u00e9e ?<br \/>\n<\/strong><\/p>\n<p style=\"text-align: left;\"><em>Et je pensais \u00e0 \u00e7\u00e0 aussi en lisant le billet de <a href=\"http:\/\/www.virginiebichet.org\/article-le-blanc-m-inquiete-67557598.html\" target=\"_blank\">Virginie<\/a> &#8230; en t&rsquo;envoyant toutes mes couleurs. <\/em><\/p>\n<p style=\"text-align: left;\"><em>(*) Volcanique Jane c&rsquo;est comme cela que <a href=\"http:\/\/www.ohlesgirls.com\/?p=2408\" target=\"_blank\">Marjolie Maman<\/a> parle de moi &#8230;<br \/>\nEt j&rsquo;en profite pour vous inviter \u00e0 d\u00e9couvrir ses coups de c\u0153urs sur <a href=\"http:\/\/www.ohlesgirls.com\" target=\"_blank\">Oh les Girls <\/a>!<\/em><\/p>\n<p><span style=\"display: block; width: 136px; height: 72px; position: relative; padding: 0pt; border: 0pt none; margin: 0pt; clear: both; background-image: url(http:\/\/libelul.com\/wp-content\/uploads\/2009\/11\/TOPDECO-HELLOCOTON.jpg);\"> <\/span><\/p>\n","protected":false},"excerpt":{"rendered":"<a href=\"https:\/\/libelul.com\/?p=6544\"><img decoding=\"async\" width=\"270\" src=\"\" class=\"alignleft wp-post-image tfe\" alt=\"\" title=\"\" \/><\/a><p>Moi je suis soi-disant volcanique (*). Calme et douce en apparence, Je suis pr\u00eate \u00e0 m&rsquo;enflammer pour mes id\u00e9es. J&rsquo;aime passionn\u00e9ment ou pas du tout, J&rsquo;ai beaucoup de mal \u00e0 me nuancer. Home inspiration by Petra Bindel Un cocktail de blanc \u00e9clatant et de vives couleurs, Comme ces scandinaves int\u00e9rieurs, Qui me font tant r\u00eaver. [&hellip;]<\/p>\n","protected":false},"author":1,"featured_media":0,"comment_status":"open","ping_status":"open","sticky":false,"template":"","format":"standard","meta":{"jetpack_post_was_ever_published":false,"_jetpack_newsletter_access":"","_jetpack_dont_email_post_to_subs":false,"_jetpack_newsletter_tier_id":0,"_jetpack_memberships_contains_paywalled_content":false,"_jetpack_memberships_contains_paid_content":false,"footnotes":"","jetpack_publicize_message":"","jetpack_publicize_feature_enabled":true,"jetpack_social_post_already_shared":false,"jetpack_social_options":{"image_generator_settings":{"template":"highway","default_image_id":0,"font":"","enabled":false},"version":2}},"categories":[217],"tags":[394,212,206],"class_list":["post-6544","post","type-post","status-publish","format-standard","hentry","category-la-maison","tag-decoration","tag-rainbow","tag-vous-avez-aime"],"jetpack_publicize_connections":[],"jetpack_featured_media_url":"","jetpack_shortlink":"https:\/\/wp.me\/posPp-1Hy","jetpack_sharing_enabled":true,"jetpack-related-posts":[],"_links":{"self":[{"href":"https:\/\/libelul.com\/index.php?rest_route=\/wp\/v2\/posts\/6544","targetHints":{"allow":["GET"]}}],"collection":[{"href":"https:\/\/libelul.com\/index.php?rest_route=\/wp\/v2\/posts"}],"about":[{"href":"https:\/\/libelul.com\/index.php?rest_route=\/wp\/v2\/types\/post"}],"author":[{"embeddable":true,"href":"https:\/\/libelul.com\/index.php?rest_route=\/wp\/v2\/users\/1"}],"replies":[{"embeddable":true,"href":"https:\/\/libelul.com\/index.php?rest_route=%2Fwp%2Fv2%2Fcomments&post=6544"}],"version-history":[{"count":0,"href":"https:\/\/libelul.com\/index.php?rest_route=\/wp\/v2\/posts\/6544\/revisions"}],"wp:attachment":[{"href":"https:\/\/libelul.com\/index.php?rest_route=%2Fwp%2Fv2%2Fmedia&parent=6544"}],"wp:term":[{"taxonomy":"category","embeddable":true,"href":"https:\/\/libelul.com\/index.php?rest_route=%2Fwp%2Fv2%2Fcategories&post=6544"},{"taxonomy":"post_tag","embeddable":true,"href":"https:\/\/libelul.com\/index.php?rest_route=%2Fwp%2Fv2%2Ftags&post=6544"}],"curies":[{"name":"wp","href":"https:\/\/api.w.org\/{rel}","templated":true}]}}