{"id":6577,"date":"2011-03-02T05:30:51","date_gmt":"2011-03-02T04:30:51","guid":{"rendered":"http:\/\/libelul.com\/?p=6577"},"modified":"2011-03-02T14:07:47","modified_gmt":"2011-03-02T13:07:47","slug":"lheure-du-soleil","status":"publish","type":"post","link":"https:\/\/libelul.com\/?p=6577","title":{"rendered":"L&rsquo;heure du Soleil"},"content":{"rendered":"<p>Moi j&rsquo;ai rencontr\u00e9 le lapin blanc.<br \/>\nCelui qui m&rsquo;a sortie de mon r\u00eave,<br \/>\nCelui qui m&rsquo;a r\u00e9veill\u00e9e.<\/p>\n<blockquote><p><em>Libelul<\/em> ! <em>Libelul <\/em>! tu es en retard,<br \/>\nSort de ta cachette, il y fait noir,<br \/>\nRegarde la lumi\u00e8re, ces jolis jaunes et doux rayons,<br \/>\nIls vont t&rsquo;inspirer de folles cr\u00e9ations.<\/p><\/blockquote>\n<p style=\"text-align: center;\"><img loading=\"lazy\" decoding=\"async\" data-attachment-id=\"6578\" data-permalink=\"https:\/\/libelul.com\/?attachment_id=6578\" data-orig-file=\"https:\/\/libelul.com\/wp-content\/uploads\/2011\/02\/Image-9.png\" data-orig-size=\"906,632\" data-comments-opened=\"1\" data-image-meta=\"{&quot;aperture&quot;:&quot;0&quot;,&quot;credit&quot;:&quot;&quot;,&quot;camera&quot;:&quot;&quot;,&quot;caption&quot;:&quot;&quot;,&quot;created_timestamp&quot;:&quot;0&quot;,&quot;copyright&quot;:&quot;&quot;,&quot;focal_length&quot;:&quot;0&quot;,&quot;iso&quot;:&quot;0&quot;,&quot;shutter_speed&quot;:&quot;0&quot;,&quot;title&quot;:&quot;&quot;}\" data-image-title=\"Image 9\" data-image-description=\"\" data-image-caption=\"\" data-medium-file=\"https:\/\/libelul.com\/wp-content\/uploads\/2011\/02\/Image-9-380x265.png\" data-large-file=\"https:\/\/libelul.com\/wp-content\/uploads\/2011\/02\/Image-9-450x313.png\" class=\"alignnone size-large wp-image-6578\" title=\"Image 9\" src=\"http:\/\/libelul.com\/wp-content\/uploads\/2011\/02\/Image-9-450x313.png\" alt=\"\" width=\"450\" height=\"313\" srcset=\"https:\/\/libelul.com\/wp-content\/uploads\/2011\/02\/Image-9-450x313.png 450w, https:\/\/libelul.com\/wp-content\/uploads\/2011\/02\/Image-9-380x265.png 380w, https:\/\/libelul.com\/wp-content\/uploads\/2011\/02\/Image-9.png 906w\" sizes=\"auto, (max-width: 450px) 100vw, 450px\" \/><br \/>\nHome inspiration by Ligne Roset &#8211; 2011<\/p>\n<p>Et je me demande pourquoi j&rsquo;ai mis tant de temps \u00e0 l&rsquo;accepter,<br \/>\nCe lapin blanc\u00a0 si particulier,<br \/>\nCar finalement il a juste r\u00e9v\u00e9l\u00e9,<br \/>\nCelle que je suis, et que je dois accepter.<\/p>\n<p><strong>Et vous, le lapin blanc vous l&rsquo;avez trouv\u00e9 ?<\/strong><\/p>\n<p><span style=\"display: block; width: 136px; height: 72px; position: relative; padding: 0pt; border: 0pt none; margin: 0pt; clear: both; background-image: url(http:\/\/libelul.com\/wp-content\/uploads\/2009\/11\/TOPDECO-HELLOCOTON.jpg);\"> <\/span><\/p>\n","protected":false},"excerpt":{"rendered":"<a href=\"https:\/\/libelul.com\/?p=6577\"><img decoding=\"async\" width=\"270\" src=\"\" class=\"alignleft wp-post-image tfe\" alt=\"\" title=\"\" \/><\/a><p>Moi j&rsquo;ai rencontr\u00e9 le lapin blanc. Celui qui m&rsquo;a sortie de mon r\u00eave, Celui qui m&rsquo;a r\u00e9veill\u00e9e. Libelul ! Libelul ! tu es en retard, Sort de ta cachette, il y fait noir, Regarde la lumi\u00e8re, ces jolis jaunes et doux rayons, Ils vont t&rsquo;inspirer de folles cr\u00e9ations. Home inspiration by Ligne Roset &#8211; 2011 [&hellip;]<\/p>\n","protected":false},"author":1,"featured_media":0,"comment_status":"open","ping_status":"open","sticky":false,"template":"","format":"standard","meta":{"jetpack_post_was_ever_published":false,"_jetpack_newsletter_access":"","_jetpack_dont_email_post_to_subs":false,"_jetpack_newsletter_tier_id":0,"_jetpack_memberships_contains_paywalled_content":false,"_jetpack_memberships_contains_paid_content":false,"footnotes":"","jetpack_publicize_message":"","jetpack_publicize_feature_enabled":true,"jetpack_social_post_already_shared":false,"jetpack_social_options":{"image_generator_settings":{"template":"highway","default_image_id":0,"font":"","enabled":false},"version":2}},"categories":[217],"tags":[394,206],"class_list":["post-6577","post","type-post","status-publish","format-standard","hentry","category-la-maison","tag-decoration","tag-vous-avez-aime"],"jetpack_publicize_connections":[],"jetpack_featured_media_url":"","jetpack_shortlink":"https:\/\/wp.me\/posPp-1I5","jetpack_sharing_enabled":true,"jetpack-related-posts":[],"_links":{"self":[{"href":"https:\/\/libelul.com\/index.php?rest_route=\/wp\/v2\/posts\/6577","targetHints":{"allow":["GET"]}}],"collection":[{"href":"https:\/\/libelul.com\/index.php?rest_route=\/wp\/v2\/posts"}],"about":[{"href":"https:\/\/libelul.com\/index.php?rest_route=\/wp\/v2\/types\/post"}],"author":[{"embeddable":true,"href":"https:\/\/libelul.com\/index.php?rest_route=\/wp\/v2\/users\/1"}],"replies":[{"embeddable":true,"href":"https:\/\/libelul.com\/index.php?rest_route=%2Fwp%2Fv2%2Fcomments&post=6577"}],"version-history":[{"count":0,"href":"https:\/\/libelul.com\/index.php?rest_route=\/wp\/v2\/posts\/6577\/revisions"}],"wp:attachment":[{"href":"https:\/\/libelul.com\/index.php?rest_route=%2Fwp%2Fv2%2Fmedia&parent=6577"}],"wp:term":[{"taxonomy":"category","embeddable":true,"href":"https:\/\/libelul.com\/index.php?rest_route=%2Fwp%2Fv2%2Fcategories&post=6577"},{"taxonomy":"post_tag","embeddable":true,"href":"https:\/\/libelul.com\/index.php?rest_route=%2Fwp%2Fv2%2Ftags&post=6577"}],"curies":[{"name":"wp","href":"https:\/\/api.w.org\/{rel}","templated":true}]}}