{"id":662,"date":"2009-03-19T10:30:14","date_gmt":"2009-03-19T09:30:14","guid":{"rendered":"http:\/\/libelul.com\/?p=662"},"modified":"2010-01-15T13:43:54","modified_gmt":"2010-01-15T12:43:54","slug":"i-love-this-lespace-beaurepaire","status":"publish","type":"post","link":"https:\/\/libelul.com\/?p=662","title":{"rendered":"I LOVE THIS : l&rsquo;Espace Beaurepaire"},"content":{"rendered":"<p>Moi les expos cr\u00e9ateurs je les attends toujours avec d\u00e9lectation.<br \/>\nD\u00e9couvrir toutes ces belles trouvailles, d\u00e9nicher l&rsquo;oiseau rare &#8230;<\/p>\n<p>RDV donc \u00e0\u00a0l&rsquo;Espace Beaurepaire\u00a0pour retrouver <a href=\"http:\/\/www.desfillesenaiguille.com\" target=\"_blank\">Des filles en aiguilles<\/a>\u00a0:<\/p>\n<p><a href=\"http:\/\/libelul.com\/wp-content\/uploads\/2009\/03\/des-filles-en-aiguille.jpg\"><img loading=\"lazy\" decoding=\"async\" data-attachment-id=\"663\" data-permalink=\"https:\/\/libelul.com\/?attachment_id=663\" data-orig-file=\"https:\/\/libelul.com\/wp-content\/uploads\/2009\/03\/des-filles-en-aiguille.jpg\" data-orig-size=\"370,506\" data-comments-opened=\"1\" data-image-meta=\"{&quot;aperture&quot;:&quot;0&quot;,&quot;credit&quot;:&quot;&quot;,&quot;camera&quot;:&quot;&quot;,&quot;caption&quot;:&quot;&quot;,&quot;created_timestamp&quot;:&quot;0&quot;,&quot;copyright&quot;:&quot;&quot;,&quot;focal_length&quot;:&quot;0&quot;,&quot;iso&quot;:&quot;0&quot;,&quot;shutter_speed&quot;:&quot;0&quot;,&quot;title&quot;:&quot;&quot;}\" data-image-title=\"des-filles-en-aiguille\" data-image-description=\"\" data-image-caption=\"\" data-medium-file=\"https:\/\/libelul.com\/wp-content\/uploads\/2009\/03\/des-filles-en-aiguille.jpg\" data-large-file=\"https:\/\/libelul.com\/wp-content\/uploads\/2009\/03\/des-filles-en-aiguille.jpg\" class=\"alignleft size-full wp-image-663\" title=\"des-filles-en-aiguille\" src=\"http:\/\/libelul.com\/wp-content\/uploads\/2009\/03\/des-filles-en-aiguille.jpg\" alt=\"des-filles-en-aiguille\" width=\"259\" height=\"354\" \/><\/a><\/p>\n<p><strong><\/strong><\/p>\n<p><strong>Mode<\/strong> : Les cr\u00e9atures, Cecilecr\u00e9a, Nini Wozniak, Tamara Moreno, Noro<\/p>\n<p><strong>Accessoires<\/strong> : Ka\u00ef Fi, Bloomi, Whitefeather Land, La Verdine, Virginie Mah\u00e9, Marine De Diesbach, Hazar, Balianse, Elodie.L.<\/p>\n<p><strong>Univers Enfants<\/strong> : Georges &amp; Rosalie, Les petits Bla-Blas, La f\u00e9e clochette<\/p>\n<p><strong>D\u00e9co<\/strong> : Petit \u00e0 Petit, La Lune Bulle, Brindi<\/p>\n<p>ESPACE BEAUREPAIRE<br \/>\ndu 31 Mars au 12 Avril<br \/>\n11h30 &#8211; 19h30<\/p>\n<p>28 rue Beaurepaire<br \/>\n75010 Paris<\/p>\n","protected":false},"excerpt":{"rendered":"<a href=\"https:\/\/libelul.com\/?p=662\"><img decoding=\"async\" width=\"270\" src=\"\" class=\"alignleft wp-post-image tfe\" alt=\"\" title=\"\" \/><\/a><p>Moi les expos cr\u00e9ateurs je les attends toujours avec d\u00e9lectation. D\u00e9couvrir toutes ces belles trouvailles, d\u00e9nicher l&rsquo;oiseau rare &#8230; RDV donc \u00e0\u00a0l&rsquo;Espace Beaurepaire\u00a0pour retrouver Des filles en aiguilles\u00a0: Mode : Les cr\u00e9atures, Cecilecr\u00e9a, Nini Wozniak, Tamara Moreno, Noro Accessoires : Ka\u00ef Fi, Bloomi, Whitefeather Land, La Verdine, Virginie Mah\u00e9, Marine De Diesbach, Hazar, Balianse, Elodie.L. [&hellip;]<\/p>\n","protected":false},"author":1,"featured_media":0,"comment_status":"open","ping_status":"open","sticky":false,"template":"","format":"standard","meta":{"jetpack_post_was_ever_published":false,"_jetpack_newsletter_access":"","_jetpack_dont_email_post_to_subs":false,"_jetpack_newsletter_tier_id":0,"_jetpack_memberships_contains_paywalled_content":false,"_jetpack_memberships_contains_paid_content":false,"footnotes":"","jetpack_publicize_message":"","jetpack_publicize_feature_enabled":true,"jetpack_social_post_already_shared":false,"jetpack_social_options":{"image_generator_settings":{"template":"highway","default_image_id":0,"font":"","enabled":false},"version":2}},"categories":[34],"tags":[342,17],"class_list":["post-662","post","type-post","status-publish","format-standard","hentry","category-de-si-jolis-shops","tag-enfant","tag-expos"],"jetpack_publicize_connections":[],"jetpack_featured_media_url":"","jetpack_shortlink":"https:\/\/wp.me\/posPp-aG","jetpack_sharing_enabled":true,"jetpack-related-posts":[],"_links":{"self":[{"href":"https:\/\/libelul.com\/index.php?rest_route=\/wp\/v2\/posts\/662","targetHints":{"allow":["GET"]}}],"collection":[{"href":"https:\/\/libelul.com\/index.php?rest_route=\/wp\/v2\/posts"}],"about":[{"href":"https:\/\/libelul.com\/index.php?rest_route=\/wp\/v2\/types\/post"}],"author":[{"embeddable":true,"href":"https:\/\/libelul.com\/index.php?rest_route=\/wp\/v2\/users\/1"}],"replies":[{"embeddable":true,"href":"https:\/\/libelul.com\/index.php?rest_route=%2Fwp%2Fv2%2Fcomments&post=662"}],"version-history":[{"count":0,"href":"https:\/\/libelul.com\/index.php?rest_route=\/wp\/v2\/posts\/662\/revisions"}],"wp:attachment":[{"href":"https:\/\/libelul.com\/index.php?rest_route=%2Fwp%2Fv2%2Fmedia&parent=662"}],"wp:term":[{"taxonomy":"category","embeddable":true,"href":"https:\/\/libelul.com\/index.php?rest_route=%2Fwp%2Fv2%2Fcategories&post=662"},{"taxonomy":"post_tag","embeddable":true,"href":"https:\/\/libelul.com\/index.php?rest_route=%2Fwp%2Fv2%2Ftags&post=662"}],"curies":[{"name":"wp","href":"https:\/\/api.w.org\/{rel}","templated":true}]}}