{"id":6642,"date":"2011-03-07T05:30:43","date_gmt":"2011-03-07T04:30:43","guid":{"rendered":"http:\/\/libelul.com\/?p=6642"},"modified":"2011-03-07T12:50:59","modified_gmt":"2011-03-07T11:50:59","slug":"le-retour-du-beau-temps","status":"publish","type":"post","link":"https:\/\/libelul.com\/?p=6642","title":{"rendered":"Le retour du beau temps."},"content":{"rendered":"<p>Moi, ce matin, en ouvrant mes yeux j&rsquo;ai cru voir le printemps.<br \/>\nPar la fen\u00eatre le soleil brillait d&rsquo;une lumi\u00e8re intense,<br \/>\nUne chaleur au doux parfum des vacances.<\/p>\n<p>Je sais bien qu&rsquo;il me faudra attendre encore quelques mois,<br \/>\nAvant de sortir mes petits tops, et ma jupe \u00e0 pois,<br \/>\nM&rsquo;assoir dans le patio, d&rsquo;une maison en Provence,<br \/>\nNe rien faire d&rsquo;autre que profiter du silence.<\/p>\n<p style=\"text-align: center;\"><img loading=\"lazy\" decoding=\"async\" data-attachment-id=\"6643\" data-permalink=\"https:\/\/libelul.com\/?attachment_id=6643\" data-orig-file=\"https:\/\/libelul.com\/wp-content\/uploads\/2011\/03\/Image-11.png\" data-orig-size=\"467,638\" data-comments-opened=\"1\" data-image-meta=\"{&quot;aperture&quot;:&quot;0&quot;,&quot;credit&quot;:&quot;&quot;,&quot;camera&quot;:&quot;&quot;,&quot;caption&quot;:&quot;&quot;,&quot;created_timestamp&quot;:&quot;0&quot;,&quot;copyright&quot;:&quot;&quot;,&quot;focal_length&quot;:&quot;0&quot;,&quot;iso&quot;:&quot;0&quot;,&quot;shutter_speed&quot;:&quot;0&quot;,&quot;title&quot;:&quot;&quot;}\" data-image-title=\"Image 11\" data-image-description=\"\" data-image-caption=\"\" data-medium-file=\"https:\/\/libelul.com\/wp-content\/uploads\/2011\/03\/Image-11-380x519.png\" data-large-file=\"https:\/\/libelul.com\/wp-content\/uploads\/2011\/03\/Image-11-450x614.png\" class=\"alignnone size-large wp-image-6643\" title=\"Image 11\" src=\"http:\/\/libelul.com\/wp-content\/uploads\/2011\/03\/Image-11-450x614.png\" alt=\"\" width=\"450\" height=\"614\" srcset=\"https:\/\/libelul.com\/wp-content\/uploads\/2011\/03\/Image-11-450x614.png 450w, https:\/\/libelul.com\/wp-content\/uploads\/2011\/03\/Image-11-380x519.png 380w, https:\/\/libelul.com\/wp-content\/uploads\/2011\/03\/Image-11.png 467w\" sizes=\"auto, (max-width: 450px) 100vw, 450px\" \/><br \/>\nHome inspiration by Ligne Roset<\/p>\n<p style=\"text-align: left;\">Mais ces quelques jours de soleil, en ce d\u00e9but Mars,<br \/>\nPourraient presque rendre acceptable quelques nuages \u00e9pars.<br \/>\nTellement ils me remplissent d&rsquo;optimisme, de l\u00e9g\u00e8ret\u00e9 et de joie,<\/p>\n<p style=\"text-align: left;\"><strong>Et vous, de bonne humeur aujourd&rsquo;hui ?<\/strong><\/p>\n<p style=\"text-align: center;\">\n<p><span style=\"display: block; width: 136px; height: 72px; position: relative; padding: 0pt; border: 0pt none; margin: 0pt; clear: both; background-image: url(http:\/\/libelul.com\/wp-content\/uploads\/2009\/11\/TOPDECO-HELLOCOTON.jpg);\"> <\/span><\/p>\n","protected":false},"excerpt":{"rendered":"<a href=\"https:\/\/libelul.com\/?p=6642\"><img decoding=\"async\" width=\"270\" src=\"\" class=\"alignleft wp-post-image tfe\" alt=\"\" title=\"\" \/><\/a><p>Moi, ce matin, en ouvrant mes yeux j&rsquo;ai cru voir le printemps. Par la fen\u00eatre le soleil brillait d&rsquo;une lumi\u00e8re intense, Une chaleur au doux parfum des vacances. Je sais bien qu&rsquo;il me faudra attendre encore quelques mois, Avant de sortir mes petits tops, et ma jupe \u00e0 pois, M&rsquo;assoir dans le patio, d&rsquo;une maison [&hellip;]<\/p>\n","protected":false},"author":1,"featured_media":0,"comment_status":"open","ping_status":"open","sticky":false,"template":"","format":"standard","meta":{"jetpack_post_was_ever_published":false,"_jetpack_newsletter_access":"","_jetpack_dont_email_post_to_subs":false,"_jetpack_newsletter_tier_id":0,"_jetpack_memberships_contains_paywalled_content":false,"_jetpack_memberships_contains_paid_content":false,"footnotes":"","jetpack_publicize_message":"","jetpack_publicize_feature_enabled":true,"jetpack_social_post_already_shared":false,"jetpack_social_options":{"image_generator_settings":{"template":"highway","default_image_id":0,"font":"","enabled":false},"version":2}},"categories":[217],"tags":[394,206],"class_list":["post-6642","post","type-post","status-publish","format-standard","hentry","category-la-maison","tag-decoration","tag-vous-avez-aime"],"jetpack_publicize_connections":[],"jetpack_featured_media_url":"","jetpack_shortlink":"https:\/\/wp.me\/posPp-1J8","jetpack_sharing_enabled":true,"jetpack-related-posts":[],"_links":{"self":[{"href":"https:\/\/libelul.com\/index.php?rest_route=\/wp\/v2\/posts\/6642","targetHints":{"allow":["GET"]}}],"collection":[{"href":"https:\/\/libelul.com\/index.php?rest_route=\/wp\/v2\/posts"}],"about":[{"href":"https:\/\/libelul.com\/index.php?rest_route=\/wp\/v2\/types\/post"}],"author":[{"embeddable":true,"href":"https:\/\/libelul.com\/index.php?rest_route=\/wp\/v2\/users\/1"}],"replies":[{"embeddable":true,"href":"https:\/\/libelul.com\/index.php?rest_route=%2Fwp%2Fv2%2Fcomments&post=6642"}],"version-history":[{"count":0,"href":"https:\/\/libelul.com\/index.php?rest_route=\/wp\/v2\/posts\/6642\/revisions"}],"wp:attachment":[{"href":"https:\/\/libelul.com\/index.php?rest_route=%2Fwp%2Fv2%2Fmedia&parent=6642"}],"wp:term":[{"taxonomy":"category","embeddable":true,"href":"https:\/\/libelul.com\/index.php?rest_route=%2Fwp%2Fv2%2Fcategories&post=6642"},{"taxonomy":"post_tag","embeddable":true,"href":"https:\/\/libelul.com\/index.php?rest_route=%2Fwp%2Fv2%2Ftags&post=6642"}],"curies":[{"name":"wp","href":"https:\/\/api.w.org\/{rel}","templated":true}]}}