{"id":6709,"date":"2011-03-14T05:30:42","date_gmt":"2011-03-14T04:30:42","guid":{"rendered":"http:\/\/libelul.com\/?p=6709"},"modified":"2011-03-13T15:08:01","modified_gmt":"2011-03-13T14:08:01","slug":"kimono-dressing","status":"publish","type":"post","link":"https:\/\/libelul.com\/?p=6709","title":{"rendered":"Kimono dressing."},"content":{"rendered":"<p>Moi je suis une <em>schizo-rangeuse<\/em>.<br \/>\nJe range par phase.<br \/>\nParfois tout, souvent rien.<\/p>\n<p>J&rsquo;ai beau avoir organis\u00e9 mon entr\u00e9e,<br \/>\nManteaux, sacs, cl\u00e9s,<br \/>\nS&rsquo;entassent de mani\u00e8re <em>artistico-d\u00e9sorganis\u00e9e<\/em>,<\/p>\n<p style=\"text-align: center;\"><img loading=\"lazy\" decoding=\"async\" data-attachment-id=\"6713\" data-permalink=\"https:\/\/libelul.com\/?attachment_id=6713\" data-orig-file=\"https:\/\/libelul.com\/wp-content\/uploads\/2011\/03\/accroches-by-libelul.jpg\" data-orig-size=\"450,323\" data-comments-opened=\"1\" data-image-meta=\"{&quot;aperture&quot;:&quot;0&quot;,&quot;credit&quot;:&quot;&quot;,&quot;camera&quot;:&quot;&quot;,&quot;caption&quot;:&quot;&quot;,&quot;created_timestamp&quot;:&quot;0&quot;,&quot;copyright&quot;:&quot;&quot;,&quot;focal_length&quot;:&quot;0&quot;,&quot;iso&quot;:&quot;0&quot;,&quot;shutter_speed&quot;:&quot;0&quot;,&quot;title&quot;:&quot;&quot;}\" data-image-title=\"accroches-by-libelul\" data-image-description=\"\" data-image-caption=\"\" data-medium-file=\"https:\/\/libelul.com\/wp-content\/uploads\/2011\/03\/accroches-by-libelul-380x272.jpg\" data-large-file=\"https:\/\/libelul.com\/wp-content\/uploads\/2011\/03\/accroches-by-libelul.jpg\" class=\"alignnone size-full wp-image-6713\" title=\"accroches-by-libelul\" src=\"http:\/\/libelul.com\/wp-content\/uploads\/2011\/03\/accroches-by-libelul.jpg\" alt=\"\" width=\"450\" height=\"323\" srcset=\"https:\/\/libelul.com\/wp-content\/uploads\/2011\/03\/accroches-by-libelul.jpg 450w, https:\/\/libelul.com\/wp-content\/uploads\/2011\/03\/accroches-by-libelul-380x272.jpg 380w\" sizes=\"auto, (max-width: 450px) 100vw, 450px\" \/><\/p>\n<p style=\"text-align: center;\">Hakama Coat Rack by Nora Schmidt &amp; Ines K\u00f6nigsmann @ <a href=\"http:\/\/www.noi-berlin.com\/projects\/haori\/\" target=\"_blank\">Noi <\/a><\/p>\n<p style=\"text-align: left;\">L&rsquo;id\u00e9al serait peut-\u00eatre ce pat\u00e8re d&rsquo;inspiration Kimono,<br \/>\nAssumer mon flou rangement et en faire quelque chose de beau !<\/p>\n<p style=\"text-align: left;\"><strong>Et vous, fi\u00e8vre rangeuse quand vous rentrez dans la maison ?<\/strong><\/p>\n<p style=\"text-align: left;\"><em>Ceci est ma participation au d\u00e9fi \u00ab\u00a0Accroche toi\u00a0\u00bb de <a href=\"http:\/\/virginiebichet.org\" target=\"_blank\">Virginie B<\/a>.<\/em><\/p>\n","protected":false},"excerpt":{"rendered":"<a href=\"https:\/\/libelul.com\/?p=6709\"><img decoding=\"async\" width=\"270\" src=\"\" class=\"alignleft wp-post-image tfe\" alt=\"\" title=\"\" \/><\/a><p>Moi je suis une schizo-rangeuse. Je range par phase. Parfois tout, souvent rien. J&rsquo;ai beau avoir organis\u00e9 mon entr\u00e9e, Manteaux, sacs, cl\u00e9s, S&rsquo;entassent de mani\u00e8re artistico-d\u00e9sorganis\u00e9e, Hakama Coat Rack by Nora Schmidt &amp; Ines K\u00f6nigsmann @ Noi L&rsquo;id\u00e9al serait peut-\u00eatre ce pat\u00e8re d&rsquo;inspiration Kimono, Assumer mon flou rangement et en faire quelque chose de beau [&hellip;]<\/p>\n","protected":false},"author":1,"featured_media":0,"comment_status":"open","ping_status":"open","sticky":false,"template":"","format":"standard","meta":{"jetpack_post_was_ever_published":false,"_jetpack_newsletter_access":"","_jetpack_dont_email_post_to_subs":false,"_jetpack_newsletter_tier_id":0,"_jetpack_memberships_contains_paywalled_content":false,"_jetpack_memberships_contains_paid_content":false,"footnotes":"","jetpack_publicize_message":"","jetpack_publicize_feature_enabled":true,"jetpack_social_post_already_shared":false,"jetpack_social_options":{"image_generator_settings":{"template":"highway","default_image_id":0,"font":"","enabled":false},"version":2}},"categories":[217],"tags":[394,176],"class_list":["post-6709","post","type-post","status-publish","format-standard","hentry","category-la-maison","tag-decoration","tag-rangement"],"jetpack_publicize_connections":[],"jetpack_featured_media_url":"","jetpack_shortlink":"https:\/\/wp.me\/posPp-1Kd","jetpack_sharing_enabled":true,"jetpack-related-posts":[],"_links":{"self":[{"href":"https:\/\/libelul.com\/index.php?rest_route=\/wp\/v2\/posts\/6709","targetHints":{"allow":["GET"]}}],"collection":[{"href":"https:\/\/libelul.com\/index.php?rest_route=\/wp\/v2\/posts"}],"about":[{"href":"https:\/\/libelul.com\/index.php?rest_route=\/wp\/v2\/types\/post"}],"author":[{"embeddable":true,"href":"https:\/\/libelul.com\/index.php?rest_route=\/wp\/v2\/users\/1"}],"replies":[{"embeddable":true,"href":"https:\/\/libelul.com\/index.php?rest_route=%2Fwp%2Fv2%2Fcomments&post=6709"}],"version-history":[{"count":0,"href":"https:\/\/libelul.com\/index.php?rest_route=\/wp\/v2\/posts\/6709\/revisions"}],"wp:attachment":[{"href":"https:\/\/libelul.com\/index.php?rest_route=%2Fwp%2Fv2%2Fmedia&parent=6709"}],"wp:term":[{"taxonomy":"category","embeddable":true,"href":"https:\/\/libelul.com\/index.php?rest_route=%2Fwp%2Fv2%2Fcategories&post=6709"},{"taxonomy":"post_tag","embeddable":true,"href":"https:\/\/libelul.com\/index.php?rest_route=%2Fwp%2Fv2%2Ftags&post=6709"}],"curies":[{"name":"wp","href":"https:\/\/api.w.org\/{rel}","templated":true}]}}