{"id":672,"date":"2009-03-19T13:41:36","date_gmt":"2009-03-19T11:41:36","guid":{"rendered":"http:\/\/libelul.com\/?p=672"},"modified":"2010-05-07T21:37:56","modified_gmt":"2010-05-07T19:37:56","slug":"i-want-this-only-for-me-smart-hermes","status":"publish","type":"post","link":"https:\/\/libelul.com\/?p=672","title":{"rendered":"I WANT THIS only FOR ME : Smart Herm\u00e8s"},"content":{"rendered":"<p>Moi parfois je trouve la vie trop injuste.<br \/>\nLaurent refuse que j&rsquo;ach\u00e8te une SMART parce que soit disant son m\u00e8tre-quatre-vingt-douze rentre pas, et que la poussette de James non plus !<br \/>\nMais qui a dit que je pr\u00eaterais ma petite Smart pour un usage collectif \/ familial ?<br \/>\nCertainement pas moi !<\/p>\n<p>En plus quand je vois la nouvelle Smart \u00e9dition sp\u00e9ciale Herm\u00e8s, je me dis franchement il n&rsquo;y a pas de justice !<\/p>\n<p><a href=\"http:\/\/libelul.com\/wp-content\/uploads\/2009\/03\/smart_hermes.jpg\"><img loading=\"lazy\" decoding=\"async\" data-attachment-id=\"673\" data-permalink=\"https:\/\/libelul.com\/?attachment_id=673\" data-orig-file=\"https:\/\/libelul.com\/wp-content\/uploads\/2009\/03\/smart_hermes.jpg\" data-orig-size=\"581,315\" data-comments-opened=\"1\" data-image-meta=\"{&quot;aperture&quot;:&quot;0&quot;,&quot;credit&quot;:&quot;&quot;,&quot;camera&quot;:&quot;&quot;,&quot;caption&quot;:&quot;&quot;,&quot;created_timestamp&quot;:&quot;0&quot;,&quot;copyright&quot;:&quot;&quot;,&quot;focal_length&quot;:&quot;0&quot;,&quot;iso&quot;:&quot;0&quot;,&quot;shutter_speed&quot;:&quot;0&quot;,&quot;title&quot;:&quot;&quot;}\" data-image-title=\"smart_hermes\" data-image-description=\"\" data-image-caption=\"\" data-medium-file=\"https:\/\/libelul.com\/wp-content\/uploads\/2009\/03\/smart_hermes-380x206.jpg\" data-large-file=\"https:\/\/libelul.com\/wp-content\/uploads\/2009\/03\/smart_hermes-450x243.jpg\" class=\"size-medium wp-image-673 alignnone\" title=\"smart_hermes\" src=\"http:\/\/libelul.com\/wp-content\/uploads\/2009\/03\/smart_hermes-300x162.jpg\" alt=\"smart_hermes\" width=\"300\" height=\"162\" \/><\/a><br \/>\nSMART TOILE H &#8211; \u00e9dition sp\u00e9ciale 10 ans<\/p>\n<p><a href=\"http:\/\/libelul.com\/wp-content\/uploads\/2009\/03\/smart_hermes.jpg\"><\/a><\/p>\n","protected":false},"excerpt":{"rendered":"<a href=\"https:\/\/libelul.com\/?p=672\"><img decoding=\"async\" width=\"270\" src=\"\" class=\"alignleft wp-post-image tfe\" alt=\"\" title=\"\" \/><\/a><p>Moi parfois je trouve la vie trop injuste. Laurent refuse que j&rsquo;ach\u00e8te une SMART parce que soit disant son m\u00e8tre-quatre-vingt-douze rentre pas, et que la poussette de James non plus ! Mais qui a dit que je pr\u00eaterais ma petite Smart pour un usage collectif \/ familial ? Certainement pas moi ! En plus quand [&hellip;]<\/p>\n","protected":false},"author":1,"featured_media":0,"comment_status":"open","ping_status":"open","sticky":false,"template":"","format":"standard","meta":{"jetpack_post_was_ever_published":false,"_jetpack_newsletter_access":"","_jetpack_dont_email_post_to_subs":false,"_jetpack_newsletter_tier_id":0,"_jetpack_memberships_contains_paywalled_content":false,"_jetpack_memberships_contains_paid_content":false,"footnotes":"","jetpack_publicize_message":"","jetpack_publicize_feature_enabled":true,"jetpack_social_post_already_shared":false,"jetpack_social_options":{"image_generator_settings":{"template":"highway","default_image_id":0,"font":"","enabled":false},"version":2}},"categories":[218],"tags":[21],"class_list":["post-672","post","type-post","status-publish","format-standard","hentry","category-les-mamans","tag-mode"],"jetpack_publicize_connections":[],"jetpack_featured_media_url":"","jetpack_shortlink":"https:\/\/wp.me\/posPp-aQ","jetpack_sharing_enabled":true,"jetpack-related-posts":[],"_links":{"self":[{"href":"https:\/\/libelul.com\/index.php?rest_route=\/wp\/v2\/posts\/672","targetHints":{"allow":["GET"]}}],"collection":[{"href":"https:\/\/libelul.com\/index.php?rest_route=\/wp\/v2\/posts"}],"about":[{"href":"https:\/\/libelul.com\/index.php?rest_route=\/wp\/v2\/types\/post"}],"author":[{"embeddable":true,"href":"https:\/\/libelul.com\/index.php?rest_route=\/wp\/v2\/users\/1"}],"replies":[{"embeddable":true,"href":"https:\/\/libelul.com\/index.php?rest_route=%2Fwp%2Fv2%2Fcomments&post=672"}],"version-history":[{"count":0,"href":"https:\/\/libelul.com\/index.php?rest_route=\/wp\/v2\/posts\/672\/revisions"}],"wp:attachment":[{"href":"https:\/\/libelul.com\/index.php?rest_route=%2Fwp%2Fv2%2Fmedia&parent=672"}],"wp:term":[{"taxonomy":"category","embeddable":true,"href":"https:\/\/libelul.com\/index.php?rest_route=%2Fwp%2Fv2%2Fcategories&post=672"},{"taxonomy":"post_tag","embeddable":true,"href":"https:\/\/libelul.com\/index.php?rest_route=%2Fwp%2Fv2%2Ftags&post=672"}],"curies":[{"name":"wp","href":"https:\/\/api.w.org\/{rel}","templated":true}]}}