{"id":677,"date":"2009-03-19T13:52:30","date_gmt":"2009-03-19T12:52:30","guid":{"rendered":"http:\/\/libelul.com\/?p=677"},"modified":"2009-06-18T14:09:15","modified_gmt":"2009-06-18T13:09:15","slug":"i-love-this-salon-vintage","status":"publish","type":"post","link":"https:\/\/libelul.com\/?p=677","title":{"rendered":"I LOVE THIS : Salon Vintage"},"content":{"rendered":"<p>Moi le vintage plus la peine de dire \u00e0 quel point j&rsquo;adore !<\/p>\n<p>Rendez-vous donc au\u00a0<a href=\"http:\/\/www.salonduvintage.com\" target=\"_blank\">Salon du Vintage<\/a> pour une \u00e9dition sp\u00e9ciale mode ann\u00e9es 80, pour un revival des ann\u00e9es rock, pop et yuppies !<\/p>\n<p><a href=\"http:\/\/libelul.com\/wp-content\/uploads\/2009\/03\/salon_vintage.jpg\"><img loading=\"lazy\" decoding=\"async\" data-attachment-id=\"678\" data-permalink=\"https:\/\/libelul.com\/?attachment_id=678\" data-orig-file=\"https:\/\/libelul.com\/wp-content\/uploads\/2009\/03\/salon_vintage.jpg\" data-orig-size=\"428,312\" data-comments-opened=\"1\" data-image-meta=\"{&quot;aperture&quot;:&quot;0&quot;,&quot;credit&quot;:&quot;&quot;,&quot;camera&quot;:&quot;&quot;,&quot;caption&quot;:&quot;&quot;,&quot;created_timestamp&quot;:&quot;0&quot;,&quot;copyright&quot;:&quot;&quot;,&quot;focal_length&quot;:&quot;0&quot;,&quot;iso&quot;:&quot;0&quot;,&quot;shutter_speed&quot;:&quot;0&quot;,&quot;title&quot;:&quot;&quot;}\" data-image-title=\"salon_vintage\" data-image-description=\"\" data-image-caption=\"\" data-medium-file=\"https:\/\/libelul.com\/wp-content\/uploads\/2009\/03\/salon_vintage-380x277.jpg\" data-large-file=\"https:\/\/libelul.com\/wp-content\/uploads\/2009\/03\/salon_vintage.jpg\" class=\"alignnone size-medium wp-image-678\" title=\"salon_vintage\" src=\"http:\/\/libelul.com\/wp-content\/uploads\/2009\/03\/salon_vintage-300x218.jpg\" alt=\"salon_vintage\" width=\"300\" height=\"218\" \/><\/a><\/p>\n<p>LA COUR DU MARAIS<br \/>\n4 et 5 Avril de 10h \u00e0 19h<br \/>\n81 rue des Archives<br \/>\n75003 Paris<\/p>\n","protected":false},"excerpt":{"rendered":"<a href=\"https:\/\/libelul.com\/?p=677\"><img decoding=\"async\" width=\"270\" src=\"\" class=\"alignleft wp-post-image tfe\" alt=\"\" title=\"\" \/><\/a><p>Moi le vintage plus la peine de dire \u00e0 quel point j&rsquo;adore ! Rendez-vous donc au\u00a0Salon du Vintage pour une \u00e9dition sp\u00e9ciale mode ann\u00e9es 80, pour un revival des ann\u00e9es rock, pop et yuppies ! LA COUR DU MARAIS 4 et 5 Avril de 10h \u00e0 19h 81 rue des Archives 75003 Paris<\/p>\n","protected":false},"author":1,"featured_media":0,"comment_status":"open","ping_status":"open","sticky":false,"template":"","format":"standard","meta":{"jetpack_post_was_ever_published":false,"_jetpack_newsletter_access":"","_jetpack_dont_email_post_to_subs":false,"_jetpack_newsletter_tier_id":0,"_jetpack_memberships_contains_paywalled_content":false,"_jetpack_memberships_contains_paid_content":false,"footnotes":"","jetpack_publicize_message":"","jetpack_publicize_feature_enabled":true,"jetpack_social_post_already_shared":false,"jetpack_social_options":{"image_generator_settings":{"template":"highway","default_image_id":0,"font":"","enabled":false},"version":2}},"categories":[34],"tags":[17,9],"class_list":["post-677","post","type-post","status-publish","format-standard","hentry","category-de-si-jolis-shops","tag-expos","tag-vintage"],"jetpack_publicize_connections":[],"jetpack_featured_media_url":"","jetpack_shortlink":"https:\/\/wp.me\/posPp-aV","jetpack_sharing_enabled":true,"jetpack-related-posts":[],"_links":{"self":[{"href":"https:\/\/libelul.com\/index.php?rest_route=\/wp\/v2\/posts\/677","targetHints":{"allow":["GET"]}}],"collection":[{"href":"https:\/\/libelul.com\/index.php?rest_route=\/wp\/v2\/posts"}],"about":[{"href":"https:\/\/libelul.com\/index.php?rest_route=\/wp\/v2\/types\/post"}],"author":[{"embeddable":true,"href":"https:\/\/libelul.com\/index.php?rest_route=\/wp\/v2\/users\/1"}],"replies":[{"embeddable":true,"href":"https:\/\/libelul.com\/index.php?rest_route=%2Fwp%2Fv2%2Fcomments&post=677"}],"version-history":[{"count":0,"href":"https:\/\/libelul.com\/index.php?rest_route=\/wp\/v2\/posts\/677\/revisions"}],"wp:attachment":[{"href":"https:\/\/libelul.com\/index.php?rest_route=%2Fwp%2Fv2%2Fmedia&parent=677"}],"wp:term":[{"taxonomy":"category","embeddable":true,"href":"https:\/\/libelul.com\/index.php?rest_route=%2Fwp%2Fv2%2Fcategories&post=677"},{"taxonomy":"post_tag","embeddable":true,"href":"https:\/\/libelul.com\/index.php?rest_route=%2Fwp%2Fv2%2Ftags&post=677"}],"curies":[{"name":"wp","href":"https:\/\/api.w.org\/{rel}","templated":true}]}}