{"id":6833,"date":"2011-04-05T05:30:43","date_gmt":"2011-04-05T04:30:43","guid":{"rendered":"http:\/\/libelul.com\/?p=6833"},"modified":"2011-04-10T08:31:32","modified_gmt":"2011-04-10T07:31:32","slug":"vider-son-sac","status":"publish","type":"post","link":"https:\/\/libelul.com\/?p=6833","title":{"rendered":"Vider son sac."},"content":{"rendered":"<p>Moi j&rsquo;en ai assez d&rsquo;avoir tant de choses dans mon sac.<br \/>\nPorte-monnaie, carnet(s), trousseau de cl\u00e9s,<br \/>\nPetites voitures (?), g\u00e2teaux (??), un ou deux stylos.<\/p>\n<p>Mon sac est bien trop charg\u00e9,<br \/>\nIl est temps d&rsquo;arr\u00eater de tout porter,<br \/>\nGarder l&rsquo;essentiel, responsabiliser.<\/p>\n<p style=\"text-align: center;\"><img loading=\"lazy\" decoding=\"async\" data-attachment-id=\"6835\" data-permalink=\"https:\/\/libelul.com\/?attachment_id=6835\" data-orig-file=\"https:\/\/libelul.com\/wp-content\/uploads\/2011\/04\/sac-lovely.jpg\" data-orig-size=\"450,323\" data-comments-opened=\"1\" data-image-meta=\"{&quot;aperture&quot;:&quot;0&quot;,&quot;credit&quot;:&quot;&quot;,&quot;camera&quot;:&quot;&quot;,&quot;caption&quot;:&quot;&quot;,&quot;created_timestamp&quot;:&quot;0&quot;,&quot;copyright&quot;:&quot;&quot;,&quot;focal_length&quot;:&quot;0&quot;,&quot;iso&quot;:&quot;0&quot;,&quot;shutter_speed&quot;:&quot;0&quot;,&quot;title&quot;:&quot;&quot;}\" data-image-title=\"sac-lovely\" data-image-description=\"\" data-image-caption=\"\" data-medium-file=\"https:\/\/libelul.com\/wp-content\/uploads\/2011\/04\/sac-lovely-380x272.jpg\" data-large-file=\"https:\/\/libelul.com\/wp-content\/uploads\/2011\/04\/sac-lovely.jpg\" class=\"alignnone size-full wp-image-6835\" title=\"sac-lovely\" src=\"http:\/\/libelul.com\/wp-content\/uploads\/2011\/04\/sac-lovely.jpg\" alt=\"\" width=\"450\" height=\"323\" srcset=\"https:\/\/libelul.com\/wp-content\/uploads\/2011\/04\/sac-lovely.jpg 450w, https:\/\/libelul.com\/wp-content\/uploads\/2011\/04\/sac-lovely-380x272.jpg 380w\" sizes=\"auto, (max-width: 450px) 100vw, 450px\" \/><\/p>\n<p style=\"text-align: center;\">Sac Filet @ <a href=\"http:\/\/lovelythingsforhome.bigcartel.com\/product\/sac-en-filet-s\" target=\"_blank\">Lovely<\/a><\/p>\n<p style=\"text-align: left;\">Mon sac j&rsquo;aimerais bien le vider,<br \/>\nMe promener avec un accessoire tout l\u00e9ger,<br \/>\nJuste pour faire la belle, sans m&rsquo;encombrer.<\/p>\n<p style=\"text-align: left;\"><strong>Et vous, votre sac il est charg\u00e9 ?<\/strong><\/p>\n<p><span style=\"display: block; width: 136px; height: 72px; position: relative; padding: 0pt; border: 0pt none; margin: 0pt; clear: both; background-image: url(http:\/\/libelul.com\/wp-content\/uploads\/2009\/11\/TOPDECO-HELLOCOTON.jpg);\"> <\/span><\/p>\n","protected":false},"excerpt":{"rendered":"<a href=\"https:\/\/libelul.com\/?p=6833\"><img decoding=\"async\" width=\"270\" src=\"\" class=\"alignleft wp-post-image tfe\" alt=\"\" title=\"\" \/><\/a><p>Moi j&rsquo;en ai assez d&rsquo;avoir tant de choses dans mon sac. Porte-monnaie, carnet(s), trousseau de cl\u00e9s, Petites voitures (?), g\u00e2teaux (??), un ou deux stylos. Mon sac est bien trop charg\u00e9, Il est temps d&rsquo;arr\u00eater de tout porter, Garder l&rsquo;essentiel, responsabiliser. Sac Filet @ Lovely Mon sac j&rsquo;aimerais bien le vider, Me promener avec un [&hellip;]<\/p>\n","protected":false},"author":1,"featured_media":0,"comment_status":"open","ping_status":"open","sticky":false,"template":"","format":"standard","meta":{"jetpack_post_was_ever_published":false,"_jetpack_newsletter_access":"","_jetpack_dont_email_post_to_subs":false,"_jetpack_newsletter_tier_id":0,"_jetpack_memberships_contains_paywalled_content":false,"_jetpack_memberships_contains_paid_content":false,"footnotes":"","jetpack_publicize_message":"","jetpack_publicize_feature_enabled":true,"jetpack_social_post_already_shared":false,"jetpack_social_options":{"image_generator_settings":{"template":"highway","default_image_id":0,"font":"","enabled":false},"version":2}},"categories":[218],"tags":[32,302,206],"class_list":["post-6833","post","type-post","status-publish","format-standard","hentry","category-les-mamans","tag-accessoires","tag-sac","tag-vous-avez-aime"],"jetpack_publicize_connections":[],"jetpack_featured_media_url":"","jetpack_shortlink":"https:\/\/wp.me\/posPp-1Md","jetpack_sharing_enabled":true,"jetpack-related-posts":[],"_links":{"self":[{"href":"https:\/\/libelul.com\/index.php?rest_route=\/wp\/v2\/posts\/6833","targetHints":{"allow":["GET"]}}],"collection":[{"href":"https:\/\/libelul.com\/index.php?rest_route=\/wp\/v2\/posts"}],"about":[{"href":"https:\/\/libelul.com\/index.php?rest_route=\/wp\/v2\/types\/post"}],"author":[{"embeddable":true,"href":"https:\/\/libelul.com\/index.php?rest_route=\/wp\/v2\/users\/1"}],"replies":[{"embeddable":true,"href":"https:\/\/libelul.com\/index.php?rest_route=%2Fwp%2Fv2%2Fcomments&post=6833"}],"version-history":[{"count":0,"href":"https:\/\/libelul.com\/index.php?rest_route=\/wp\/v2\/posts\/6833\/revisions"}],"wp:attachment":[{"href":"https:\/\/libelul.com\/index.php?rest_route=%2Fwp%2Fv2%2Fmedia&parent=6833"}],"wp:term":[{"taxonomy":"category","embeddable":true,"href":"https:\/\/libelul.com\/index.php?rest_route=%2Fwp%2Fv2%2Fcategories&post=6833"},{"taxonomy":"post_tag","embeddable":true,"href":"https:\/\/libelul.com\/index.php?rest_route=%2Fwp%2Fv2%2Ftags&post=6833"}],"curies":[{"name":"wp","href":"https:\/\/api.w.org\/{rel}","templated":true}]}}