{"id":686,"date":"2009-03-23T18:19:36","date_gmt":"2009-03-23T16:19:36","guid":{"rendered":"http:\/\/libelul.com\/?p=686"},"modified":"2012-03-31T22:36:58","modified_gmt":"2012-03-31T21:36:58","slug":"i-want-this-louis-vuitton-by-sofia-coppola","status":"publish","type":"post","link":"https:\/\/libelul.com\/?p=686","title":{"rendered":"I WANT THIS : Louis Vuitton by Sofia Coppola"},"content":{"rendered":"<p>Moi j&rsquo;aime les pochettes, les lignes pures et Marc Jacobs.<br \/>\nEn r\u00e9sum\u00e9 je craque en g\u00e9n\u00e9ral pour la collection capsule \u00ab\u00a0SC\u00a0\u00bb (sacs et souliers) con\u00e7ue par Sofia Coppola pour Louis Vuitton; et en particulier pour cette pochette \u00e0 fermoir malle.<\/p>\n<p><img decoding=\"async\" data-attachment-id=\"12928\" data-permalink=\"https:\/\/libelul.com\/?attachment_id=12928\" data-orig-file=\"https:\/\/libelul.com\/wp-content\/uploads\/2009\/03\/sofia_copolla_pour-louis-vuitton1.jpg\" data-orig-size=\"450,269\" data-comments-opened=\"1\" data-image-meta=\"{&quot;aperture&quot;:&quot;0&quot;,&quot;credit&quot;:&quot;&quot;,&quot;camera&quot;:&quot;&quot;,&quot;caption&quot;:&quot;&quot;,&quot;created_timestamp&quot;:&quot;0&quot;,&quot;copyright&quot;:&quot;&quot;,&quot;focal_length&quot;:&quot;0&quot;,&quot;iso&quot;:&quot;0&quot;,&quot;shutter_speed&quot;:&quot;0&quot;,&quot;title&quot;:&quot;&quot;}\" data-image-title=\"sofia_copolla_pour-louis-vuitton\" data-image-description=\"\" data-image-caption=\"\" data-medium-file=\"https:\/\/libelul.com\/wp-content\/uploads\/2009\/03\/sofia_copolla_pour-louis-vuitton1.jpg\" data-large-file=\"https:\/\/libelul.com\/wp-content\/uploads\/2009\/03\/sofia_copolla_pour-louis-vuitton1.jpg\" src=\"http:\/\/libelul.com\/wp-content\/uploads\/2009\/03\/sofia_copolla_pour-louis-vuitton1.jpg\" alt=\"\" title=\"sofia_copolla_pour-louis-vuitton\" width=\"540\"  class=\"alignnone size-full wp-image-12928\" \/><\/p>\n","protected":false},"excerpt":{"rendered":"<a href=\"https:\/\/libelul.com\/?p=686\"><img decoding=\"async\" width=\"270\" src=\"\" class=\"alignleft wp-post-image tfe\" alt=\"\" title=\"\" \/><\/a><p>Moi j&rsquo;aime les pochettes, les lignes pures et Marc Jacobs. En r\u00e9sum\u00e9 je craque en g\u00e9n\u00e9ral pour la collection capsule \u00ab\u00a0SC\u00a0\u00bb (sacs et souliers) con\u00e7ue par Sofia Coppola pour Louis Vuitton; et en particulier pour cette pochette \u00e0 fermoir malle.<\/p>\n","protected":false},"author":1,"featured_media":0,"comment_status":"open","ping_status":"open","sticky":false,"template":"","format":"standard","meta":{"jetpack_post_was_ever_published":false,"_jetpack_newsletter_access":"","_jetpack_dont_email_post_to_subs":false,"_jetpack_newsletter_tier_id":0,"_jetpack_memberships_contains_paywalled_content":false,"_jetpack_memberships_contains_paid_content":false,"footnotes":"","jetpack_publicize_message":"","jetpack_publicize_feature_enabled":true,"jetpack_social_post_already_shared":false,"jetpack_social_options":{"image_generator_settings":{"template":"highway","default_image_id":0,"font":"","enabled":false},"version":2}},"categories":[218],"tags":[30],"class_list":["post-686","post","type-post","status-publish","format-standard","hentry","category-les-mamans","tag-sacs"],"jetpack_publicize_connections":[],"jetpack_featured_media_url":"","jetpack_shortlink":"https:\/\/wp.me\/posPp-b4","jetpack_sharing_enabled":true,"jetpack-related-posts":[],"_links":{"self":[{"href":"https:\/\/libelul.com\/index.php?rest_route=\/wp\/v2\/posts\/686","targetHints":{"allow":["GET"]}}],"collection":[{"href":"https:\/\/libelul.com\/index.php?rest_route=\/wp\/v2\/posts"}],"about":[{"href":"https:\/\/libelul.com\/index.php?rest_route=\/wp\/v2\/types\/post"}],"author":[{"embeddable":true,"href":"https:\/\/libelul.com\/index.php?rest_route=\/wp\/v2\/users\/1"}],"replies":[{"embeddable":true,"href":"https:\/\/libelul.com\/index.php?rest_route=%2Fwp%2Fv2%2Fcomments&post=686"}],"version-history":[{"count":0,"href":"https:\/\/libelul.com\/index.php?rest_route=\/wp\/v2\/posts\/686\/revisions"}],"wp:attachment":[{"href":"https:\/\/libelul.com\/index.php?rest_route=%2Fwp%2Fv2%2Fmedia&parent=686"}],"wp:term":[{"taxonomy":"category","embeddable":true,"href":"https:\/\/libelul.com\/index.php?rest_route=%2Fwp%2Fv2%2Fcategories&post=686"},{"taxonomy":"post_tag","embeddable":true,"href":"https:\/\/libelul.com\/index.php?rest_route=%2Fwp%2Fv2%2Ftags&post=686"}],"curies":[{"name":"wp","href":"https:\/\/api.w.org\/{rel}","templated":true}]}}