{"id":7090,"date":"2011-05-03T05:30:43","date_gmt":"2011-05-03T03:30:43","guid":{"rendered":"http:\/\/libelul.com\/?p=7090"},"modified":"2013-06-17T22:15:46","modified_gmt":"2013-06-17T20:15:46","slug":"un-jardin-extraordinaire","status":"publish","type":"post","link":"https:\/\/libelul.com\/?p=7090","title":{"rendered":"Un jardin extraordinaire &#8230;"},"content":{"rendered":"<p>Moi je suis folle de botanique,<br \/>\nJe r\u00eave souvent d&rsquo;une maison avec une roseraie,<br \/>\nEt une serre au fond du jardin,<br \/>\nAbritant une collection de plantes d\u00e9licates &#8230;<\/p>\n<p>J&rsquo;en r\u00eave souvent, mais rien ne m&rsquo;avait pr\u00e9par\u00e9,<br \/>\n\u00c0 la visite des Serres Royales de Laeken &#8230;<\/p>\n<p>Un lieu de contemplation, temple de la beaut\u00e9,<br \/>\nTh\u00e9\u00e2tre botanique, entre fiction et r\u00e9alit\u00e9.<\/p>\n<p>La quintessence de l&rsquo;<em>Art nouveau , <\/em>palace de m\u00e9tal et de verre,<br \/>\nO\u00f9 cohabitent les palmiers g\u00e9ants, orchid\u00e9es sauvages,<br \/>\nEt autres sp\u00e9cimens exotiques de plantes grasses &#8230;<\/p>\n<p style=\"text-align: center;\"><img loading=\"lazy\" decoding=\"async\" width=\"380\" height=\"272\" data-attachment-id=\"16719\" data-permalink=\"https:\/\/libelul.com\/?attachment_id=16719\" data-orig-file=\"https:\/\/libelul.com\/wp-content\/uploads\/2011\/05\/bruxelles-01-by-libelul-380x2721.jpg\" data-orig-size=\"380,272\" data-comments-opened=\"1\" data-image-meta=\"{&quot;aperture&quot;:&quot;0&quot;,&quot;credit&quot;:&quot;&quot;,&quot;camera&quot;:&quot;&quot;,&quot;caption&quot;:&quot;&quot;,&quot;created_timestamp&quot;:&quot;0&quot;,&quot;copyright&quot;:&quot;&quot;,&quot;focal_length&quot;:&quot;0&quot;,&quot;iso&quot;:&quot;0&quot;,&quot;shutter_speed&quot;:&quot;0&quot;,&quot;title&quot;:&quot;&quot;}\" data-image-title=\"bruxelles-01-by-libelul-380&amp;#215;272\" data-image-description=\"\" data-image-caption=\"\" data-medium-file=\"https:\/\/libelul.com\/wp-content\/uploads\/2011\/05\/bruxelles-01-by-libelul-380x2721.jpg\" data-large-file=\"https:\/\/libelul.com\/wp-content\/uploads\/2011\/05\/bruxelles-01-by-libelul-380x2721.jpg\" class=\"alignnone size-full wp-image-16719\" alt=\"bruxelles-01-by-libelul-380x272\" src=\"http:\/\/libelul.com\/wp-content\/uploads\/2011\/05\/bruxelles-01-by-libelul-380x2721.jpg\" \/><\/p>\n\n\t\t<style type='text\/css'>\n\t\t\t#gallery-1 {\n\t\t\t\tmargin: auto;\n\t\t\t}\n\t\t\t#gallery-1 .gallery-item {\n\t\t\t\tfloat: left;\n\t\t\t\tmargin-top: 10px;\n\t\t\t\ttext-align: center;\n\t\t\t\twidth: 25%;\n\t\t\t}\n\t\t\t#gallery-1 img {\n\t\t\t\tborder: 2px solid #cfcfcf;\n\t\t\t}\n\t\t\t#gallery-1 .gallery-caption {\n\t\t\t\tmargin-left: 0;\n\t\t\t}\n\t\t<\/style>\n\t\t<!-- see gallery_shortcode() in wp-includes\/media.php -->\n\t\t<div data-carousel-extra='{&quot;blog_id&quot;:1,&quot;permalink&quot;:&quot;https:\/\/libelul.com\/?p=7090&quot;}' id='gallery-1' class='gallery galleryid-7090 gallery-columns-4 gallery-size-thumbnail gallery1'><script type=\"text\/javascript\">\n\/\/ <![CDATA[\n\tjQuery(document).ready(function () {\n\t\tjQuery(\".gallery1 a\").attr(\"rel\",\"gallery1\");\t\n\t\tjQuery('a[rel=\"gallery1\"]').colorbox({maxWidth:\"95%\", maxHeight:\"95%\",title: function(){ return jQuery(this).children().attr(\"alt\"); }});\n\t});\n\/\/ ]]>\n<\/script>\n<dl class=\"gallery-item\">\n<dt class=\"gallery-icon\">\n<a href=\"https:\/\/libelul.com\/wp-content\/uploads\/2011\/05\/bruxelles-08-by-libelul-copie.jpg\" title=\"\" rel=\"gallery1\"><img loading=\"lazy\" decoding=\"async\" src=\"https:\/\/libelul.com\/wp-content\/uploads\/2011\/05\/bruxelles-08-by-libelul-copie-150x150.jpg\" width=\"135\" height=\"135\" alt=\"\" \/><\/a>\n<\/dt><\/dl><dl class=\"gallery-item\">\n<dt class=\"gallery-icon\">\n<a href=\"https:\/\/libelul.com\/wp-content\/uploads\/2011\/05\/bruxelles-06-by-libelul.jpg\" title=\"\" rel=\"gallery1\"><img loading=\"lazy\" decoding=\"async\" src=\"https:\/\/libelul.com\/wp-content\/uploads\/2011\/05\/bruxelles-06-by-libelul-150x150.jpg\" width=\"135\" height=\"135\" alt=\"\" \/><\/a>\n<\/dt><\/dl><dl class=\"gallery-item\">\n<dt class=\"gallery-icon\">\n<a href=\"https:\/\/libelul.com\/wp-content\/uploads\/2011\/05\/bruxelles-09-by-libelul.jpg\" title=\"\" rel=\"gallery1\"><img loading=\"lazy\" decoding=\"async\" src=\"https:\/\/libelul.com\/wp-content\/uploads\/2011\/05\/bruxelles-09-by-libelul-150x150.jpg\" width=\"135\" height=\"135\" alt=\"\" \/><\/a>\n<\/dt><\/dl><dl class=\"gallery-item\">\n<dt class=\"gallery-icon\">\n<a href=\"https:\/\/libelul.com\/wp-content\/uploads\/2011\/05\/bruxelles-07-by-libelul.jpg\" title=\"\" rel=\"gallery1\"><img loading=\"lazy\" decoding=\"async\" src=\"https:\/\/libelul.com\/wp-content\/uploads\/2011\/05\/bruxelles-07-by-libelul-150x150.jpg\" width=\"135\" height=\"135\" alt=\"\" \/><\/a>\n<\/dt><\/dl><br style=\"clear: both\" \/><dl class=\"gallery-item\">\n<dt class=\"gallery-icon\">\n<a href=\"https:\/\/libelul.com\/wp-content\/uploads\/2011\/05\/bruxelles-04-by-libelul.jpg\" title=\"\" rel=\"gallery1\"><img loading=\"lazy\" decoding=\"async\" src=\"https:\/\/libelul.com\/wp-content\/uploads\/2011\/05\/bruxelles-04-by-libelul-150x150.jpg\" width=\"135\" height=\"135\" alt=\"\" \/><\/a>\n<\/dt><\/dl><dl class=\"gallery-item\">\n<dt class=\"gallery-icon\">\n<a href=\"https:\/\/libelul.com\/wp-content\/uploads\/2011\/05\/bruxelles-11-by-libelul.jpg\" title=\"\" rel=\"gallery1\"><img loading=\"lazy\" decoding=\"async\" src=\"https:\/\/libelul.com\/wp-content\/uploads\/2011\/05\/bruxelles-11-by-libelul-150x150.jpg\" width=\"135\" height=\"135\" alt=\"\" \/><\/a>\n<\/dt><\/dl><dl class=\"gallery-item\">\n<dt class=\"gallery-icon\">\n<a href=\"https:\/\/libelul.com\/wp-content\/uploads\/2011\/05\/bruxelles-03-by-libelul.jpg\" title=\"\" rel=\"gallery1\"><img loading=\"lazy\" decoding=\"async\" src=\"https:\/\/libelul.com\/wp-content\/uploads\/2011\/05\/bruxelles-03-by-libelul-150x150.jpg\" width=\"135\" height=\"135\" alt=\"\" \/><\/a>\n<\/dt><\/dl><dl class=\"gallery-item\">\n<dt class=\"gallery-icon\">\n<a href=\"https:\/\/libelul.com\/wp-content\/uploads\/2011\/05\/bruxelles-02-by-libelul.jpg\" title=\"\" rel=\"gallery1\"><img loading=\"lazy\" decoding=\"async\" src=\"https:\/\/libelul.com\/wp-content\/uploads\/2011\/05\/bruxelles-02-by-libelul-150x150.jpg\" width=\"135\" height=\"135\" alt=\"\" \/><\/a>\n<\/dt><\/dl><br style=\"clear: both\" \/>\n\t\t<\/div>\n\n<p style=\"text-align: center;\"><img decoding=\"async\" data-attachment-id=\"7102\" data-permalink=\"https:\/\/libelul.com\/?attachment_id=7102\" data-orig-file=\"https:\/\/libelul.com\/wp-content\/uploads\/2011\/05\/bruxelles-12-by-libelul.jpg\" data-orig-size=\"450,323\" data-comments-opened=\"1\" data-image-meta=\"{&quot;aperture&quot;:&quot;0&quot;,&quot;credit&quot;:&quot;&quot;,&quot;camera&quot;:&quot;&quot;,&quot;caption&quot;:&quot;&quot;,&quot;created_timestamp&quot;:&quot;0&quot;,&quot;copyright&quot;:&quot;&quot;,&quot;focal_length&quot;:&quot;0&quot;,&quot;iso&quot;:&quot;0&quot;,&quot;shutter_speed&quot;:&quot;0&quot;,&quot;title&quot;:&quot;&quot;}\" data-image-title=\"bruxelles-12-by-libelul\" data-image-description=\"\" data-image-caption=\"\" data-medium-file=\"https:\/\/libelul.com\/wp-content\/uploads\/2011\/05\/bruxelles-12-by-libelul-380x272.jpg\" data-large-file=\"https:\/\/libelul.com\/wp-content\/uploads\/2011\/05\/bruxelles-12-by-libelul.jpg\" class=\"alignnone size-full wp-image-7102\" title=\"bruxelles-12-by-libelul\" alt=\"\" src=\"http:\/\/libelul.com\/wp-content\/uploads\/2011\/05\/bruxelles-12-by-libelul.jpg\" width=\"540\" srcset=\"https:\/\/libelul.com\/wp-content\/uploads\/2011\/05\/bruxelles-12-by-libelul.jpg 450w, https:\/\/libelul.com\/wp-content\/uploads\/2011\/05\/bruxelles-12-by-libelul-380x272.jpg 380w\" sizes=\"(max-width: 450px) 100vw, 450px\" \/><\/p>\n<p style=\"text-align: center;\"><strong>Serres Royales Laeken \u00e0 Bruxelles<\/strong><br \/>\nOuvert du 20 Avril au 9 Mai 2011<\/p>\n<p style=\"text-align: left;\">Et je me surprends \u00e0 r\u00eaver de m&rsquo;y promener seule,<br \/>\nTelle une princesse sous mon ombrelle,<br \/>\nPour une le\u00e7on de choses divinement po\u00e9tique.<\/p>\n<p style=\"text-align: left;\">Alors pour celles qui sont dans les environs de Bruxelles,<br \/>\nJe vous invite \u00e0 d\u00e9couvrir ce lieu magique,<br \/>\nOuvert seulement une quinzaine de jours par an !<\/p>\n<p style=\"text-align: left;\"><strong>Et vous, sensible \u00e0 la botanique ?<\/strong><\/p>\n<p style=\"text-align: left;\"><em>Merci \u00e0 toute l&rsquo;\u00e9quipe ThePlaceto.be &amp; l&rsquo;Office de Tourisme de Flandres<br \/>\npour une des nombreuses <a href=\"http:\/\/theplaceto.be\" target=\"_blank\">The place to be<\/a> que j&rsquo;ai d\u00e9couvert \u00e0 Bruxelles !<\/em><\/p>\n<p>&nbsp;<\/p>\n","protected":false},"excerpt":{"rendered":"<a href=\"https:\/\/libelul.com\/?p=7090\"><img decoding=\"async\" width=\"270\" src=\"\" class=\"alignleft wp-post-image tfe\" alt=\"\" title=\"\" \/><\/a><p>Moi je suis folle de botanique, Je r\u00eave souvent d&rsquo;une maison avec une roseraie, Et une serre au fond du jardin, Abritant une collection de plantes d\u00e9licates &#8230; J&rsquo;en r\u00eave souvent, mais rien ne m&rsquo;avait pr\u00e9par\u00e9, \u00c0 la visite des Serres Royales de Laeken &#8230; Un lieu de contemplation, temple de la beaut\u00e9, Th\u00e9\u00e2tre botanique, [&hellip;]<\/p>\n","protected":false},"author":1,"featured_media":0,"comment_status":"open","ping_status":"open","sticky":false,"template":"","format":"standard","meta":{"jetpack_post_was_ever_published":false,"_jetpack_newsletter_access":"","_jetpack_dont_email_post_to_subs":false,"_jetpack_newsletter_tier_id":0,"_jetpack_memberships_contains_paywalled_content":false,"_jetpack_memberships_contains_paid_content":false,"footnotes":"","jetpack_publicize_message":"","jetpack_publicize_feature_enabled":true,"jetpack_social_post_already_shared":false,"jetpack_social_options":{"image_generator_settings":{"template":"highway","default_image_id":0,"font":"","enabled":false},"version":2}},"categories":[224],"tags":[529,173,531,172,530,23,206],"class_list":["post-7090","post","type-post","status-publish","format-standard","hentry","category-de-si-beaux-voyages","tag-bruxelles","tag-jardin","tag-laeken","tag-plantes","tag-serres-royales","tag-voyages","tag-vous-avez-aime"],"jetpack_publicize_connections":[],"jetpack_featured_media_url":"","jetpack_shortlink":"https:\/\/wp.me\/posPp-1Qm","jetpack_sharing_enabled":true,"jetpack-related-posts":[],"_links":{"self":[{"href":"https:\/\/libelul.com\/index.php?rest_route=\/wp\/v2\/posts\/7090","targetHints":{"allow":["GET"]}}],"collection":[{"href":"https:\/\/libelul.com\/index.php?rest_route=\/wp\/v2\/posts"}],"about":[{"href":"https:\/\/libelul.com\/index.php?rest_route=\/wp\/v2\/types\/post"}],"author":[{"embeddable":true,"href":"https:\/\/libelul.com\/index.php?rest_route=\/wp\/v2\/users\/1"}],"replies":[{"embeddable":true,"href":"https:\/\/libelul.com\/index.php?rest_route=%2Fwp%2Fv2%2Fcomments&post=7090"}],"version-history":[{"count":1,"href":"https:\/\/libelul.com\/index.php?rest_route=\/wp\/v2\/posts\/7090\/revisions"}],"predecessor-version":[{"id":16717,"href":"https:\/\/libelul.com\/index.php?rest_route=\/wp\/v2\/posts\/7090\/revisions\/16717"}],"wp:attachment":[{"href":"https:\/\/libelul.com\/index.php?rest_route=%2Fwp%2Fv2%2Fmedia&parent=7090"}],"wp:term":[{"taxonomy":"category","embeddable":true,"href":"https:\/\/libelul.com\/index.php?rest_route=%2Fwp%2Fv2%2Fcategories&post=7090"},{"taxonomy":"post_tag","embeddable":true,"href":"https:\/\/libelul.com\/index.php?rest_route=%2Fwp%2Fv2%2Ftags&post=7090"}],"curies":[{"name":"wp","href":"https:\/\/api.w.org\/{rel}","templated":true}]}}