{"id":7112,"date":"2011-05-04T05:30:52","date_gmt":"2011-05-04T03:30:52","guid":{"rendered":"http:\/\/libelul.com\/?p=7112"},"modified":"2011-05-04T12:19:52","modified_gmt":"2011-05-04T10:19:52","slug":"quelques-touches-de-lumiere","status":"publish","type":"post","link":"https:\/\/libelul.com\/?p=7112","title":{"rendered":"Quelques touches de lumi\u00e8re &#8230;"},"content":{"rendered":"<p>Moi je suis folle de lanternes.<\/p>\n<p>Depuis aussi loin que je puisse me souvenir,<br \/>\nUne attraction inexplicable pour le lumi\u00e8re scintillante de mes bougies,<br \/>\nCes ombres arabesques qui d\u00e9corent la nuit.<\/p>\n<p>Un d\u00e9cor fantastique pour faire voler mon imaginaire,<br \/>\nEt \u00e9clairer mes Milles et une nuits &#8230;<\/p>\n<p style=\"text-align: center;\"><img loading=\"lazy\" decoding=\"async\" data-attachment-id=\"7113\" data-permalink=\"https:\/\/libelul.com\/?attachment_id=7113\" data-orig-file=\"https:\/\/libelul.com\/wp-content\/uploads\/2011\/05\/4309458_Nk0c7LSh_c.jpg\" data-orig-size=\"351,486\" data-comments-opened=\"1\" data-image-meta=\"{&quot;aperture&quot;:&quot;0&quot;,&quot;credit&quot;:&quot;&quot;,&quot;camera&quot;:&quot;&quot;,&quot;caption&quot;:&quot;&quot;,&quot;created_timestamp&quot;:&quot;0&quot;,&quot;copyright&quot;:&quot;&quot;,&quot;focal_length&quot;:&quot;0&quot;,&quot;iso&quot;:&quot;0&quot;,&quot;shutter_speed&quot;:&quot;0&quot;,&quot;title&quot;:&quot;&quot;}\" data-image-title=\"4309458_Nk0c7LSh_c\" data-image-description=\"\" data-image-caption=\"\" data-medium-file=\"https:\/\/libelul.com\/wp-content\/uploads\/2011\/05\/4309458_Nk0c7LSh_c.jpg\" data-large-file=\"https:\/\/libelul.com\/wp-content\/uploads\/2011\/05\/4309458_Nk0c7LSh_c.jpg\" class=\"alignnone size-full wp-image-7113\" title=\"4309458_Nk0c7LSh_c\" src=\"http:\/\/libelul.com\/wp-content\/uploads\/2011\/05\/4309458_Nk0c7LSh_c.jpg\" alt=\"\" width=\"351\" height=\"486\" \/><\/p>\n<p style=\"text-align: center;\">Lamp inspiration by <a href=\"http:\/\/www.sarahkaye.co.uk\/photographers\/all\/still-life\/page-2\" target=\"_blank\">Sarah Lane<\/a><\/p>\n<p style=\"text-align: left;\">Une collection \u00e9clectique de contes et de l\u00e9gendes,<br \/>\nDont j&rsquo;aime tant laisser la magie m&rsquo;envahir.<\/p>\n<p style=\"text-align: left;\"><strong>Et vous, quels sont les contes qui animent votre imaginaire ? <\/strong><\/p>\n<p><span style=\"display: block; width: 136px; height: 72px; position: relative; padding: 0pt; border: 0pt none; margin: 0pt; clear: both; background-image: url(http:\/\/libelul.com\/wp-content\/uploads\/2009\/11\/TOPDECO-HELLOCOTON.jpg);\"> <\/span><\/p>\n","protected":false},"excerpt":{"rendered":"<a href=\"https:\/\/libelul.com\/?p=7112\"><img decoding=\"async\" width=\"270\" src=\"\" class=\"alignleft wp-post-image tfe\" alt=\"\" title=\"\" \/><\/a><p>Moi je suis folle de lanternes. Depuis aussi loin que je puisse me souvenir, Une attraction inexplicable pour le lumi\u00e8re scintillante de mes bougies, Ces ombres arabesques qui d\u00e9corent la nuit. Un d\u00e9cor fantastique pour faire voler mon imaginaire, Et \u00e9clairer mes Milles et une nuits &#8230; Lamp inspiration by Sarah Lane Une collection \u00e9clectique [&hellip;]<\/p>\n","protected":false},"author":1,"featured_media":0,"comment_status":"open","ping_status":"open","sticky":false,"template":"","format":"standard","meta":{"jetpack_post_was_ever_published":false,"_jetpack_newsletter_access":"","_jetpack_dont_email_post_to_subs":false,"_jetpack_newsletter_tier_id":0,"_jetpack_memberships_contains_paywalled_content":false,"_jetpack_memberships_contains_paid_content":false,"footnotes":"","jetpack_publicize_message":"","jetpack_publicize_feature_enabled":true,"jetpack_social_post_already_shared":false,"jetpack_social_options":{"image_generator_settings":{"template":"highway","default_image_id":0,"font":"","enabled":false},"version":2}},"categories":[225],"tags":[394,372,206],"class_list":["post-7112","post","type-post","status-publish","format-standard","hentry","category-le-jardin-et-les-fleurs","tag-decoration","tag-lampes","tag-vous-avez-aime"],"jetpack_publicize_connections":[],"jetpack_featured_media_url":"","jetpack_shortlink":"https:\/\/wp.me\/posPp-1QI","jetpack_sharing_enabled":true,"jetpack-related-posts":[],"_links":{"self":[{"href":"https:\/\/libelul.com\/index.php?rest_route=\/wp\/v2\/posts\/7112","targetHints":{"allow":["GET"]}}],"collection":[{"href":"https:\/\/libelul.com\/index.php?rest_route=\/wp\/v2\/posts"}],"about":[{"href":"https:\/\/libelul.com\/index.php?rest_route=\/wp\/v2\/types\/post"}],"author":[{"embeddable":true,"href":"https:\/\/libelul.com\/index.php?rest_route=\/wp\/v2\/users\/1"}],"replies":[{"embeddable":true,"href":"https:\/\/libelul.com\/index.php?rest_route=%2Fwp%2Fv2%2Fcomments&post=7112"}],"version-history":[{"count":0,"href":"https:\/\/libelul.com\/index.php?rest_route=\/wp\/v2\/posts\/7112\/revisions"}],"wp:attachment":[{"href":"https:\/\/libelul.com\/index.php?rest_route=%2Fwp%2Fv2%2Fmedia&parent=7112"}],"wp:term":[{"taxonomy":"category","embeddable":true,"href":"https:\/\/libelul.com\/index.php?rest_route=%2Fwp%2Fv2%2Fcategories&post=7112"},{"taxonomy":"post_tag","embeddable":true,"href":"https:\/\/libelul.com\/index.php?rest_route=%2Fwp%2Fv2%2Ftags&post=7112"}],"curies":[{"name":"wp","href":"https:\/\/api.w.org\/{rel}","templated":true}]}}