{"id":7166,"date":"2011-05-14T05:30:04","date_gmt":"2011-05-14T03:30:04","guid":{"rendered":"http:\/\/libelul.com\/?p=7166"},"modified":"2011-05-14T18:36:26","modified_gmt":"2011-05-14T16:36:26","slug":"quelques-graines","status":"publish","type":"post","link":"https:\/\/libelul.com\/?p=7166","title":{"rendered":"Quelques graines &#8230;"},"content":{"rendered":"<p>Moi j&rsquo;adore le jardinage.<\/p>\n<p>Les outils un peu rouill\u00e9s, ce vert de bronze un peu pass\u00e9.<br \/>\nLes petits sachets de graines, cette formidable id\u00e9e,<br \/>\nLa pens\u00e9e de la couleur, le r\u00eave de l&rsquo;odeur.<\/p>\n<p>Semer, planter, imaginer, concevoir,<br \/>\nLe jardin de tous ces potentiels de fleurs, porteurs de tant d&rsquo;espoir.<\/p>\n<p style=\"text-align: center;\"><img loading=\"lazy\" decoding=\"async\" data-attachment-id=\"7180\" data-permalink=\"https:\/\/libelul.com\/?attachment_id=7180\" data-orig-file=\"https:\/\/libelul.com\/wp-content\/uploads\/2011\/05\/jardinage.jpg\" data-orig-size=\"450,323\" data-comments-opened=\"1\" data-image-meta=\"{&quot;aperture&quot;:&quot;0&quot;,&quot;credit&quot;:&quot;&quot;,&quot;camera&quot;:&quot;&quot;,&quot;caption&quot;:&quot;&quot;,&quot;created_timestamp&quot;:&quot;0&quot;,&quot;copyright&quot;:&quot;&quot;,&quot;focal_length&quot;:&quot;0&quot;,&quot;iso&quot;:&quot;0&quot;,&quot;shutter_speed&quot;:&quot;0&quot;,&quot;title&quot;:&quot;&quot;}\" data-image-title=\"jardinage\" data-image-description=\"\" data-image-caption=\"\" data-medium-file=\"https:\/\/libelul.com\/wp-content\/uploads\/2011\/05\/jardinage-380x272.jpg\" data-large-file=\"https:\/\/libelul.com\/wp-content\/uploads\/2011\/05\/jardinage.jpg\" class=\"alignnone size-full wp-image-7180\" title=\"jardinage\" src=\"http:\/\/libelul.com\/wp-content\/uploads\/2011\/05\/jardinage.jpg\" alt=\"\" width=\"450\" height=\"323\" srcset=\"https:\/\/libelul.com\/wp-content\/uploads\/2011\/05\/jardinage.jpg 450w, https:\/\/libelul.com\/wp-content\/uploads\/2011\/05\/jardinage-380x272.jpg 380w\" sizes=\"auto, (max-width: 450px) 100vw, 450px\" \/><\/p>\n<p style=\"text-align: center;\">Garden inspiration by <a href=\"http:\/\/notesfromdionne.blogspot.com\/\" target=\"_blank\">Dionne Christiansen<\/a><\/p>\n<p style=\"text-align: left;\">Arroser, b\u00eacher, cueillir, tailler,<br \/>\nEt puis forc\u00e9ment s&rsquo;inqui\u00e9ter de voir s&rsquo;installer pucerons et araign\u00e9es.<\/p>\n<p style=\"text-align: left;\"><strong>Et vous, vous aimez jardiner ?<\/strong><\/p>\n","protected":false},"excerpt":{"rendered":"<a href=\"https:\/\/libelul.com\/?p=7166\"><img decoding=\"async\" width=\"270\" src=\"\" class=\"alignleft wp-post-image tfe\" alt=\"\" title=\"\" \/><\/a><p>Moi j&rsquo;adore le jardinage. Les outils un peu rouill\u00e9s, ce vert de bronze un peu pass\u00e9. Les petits sachets de graines, cette formidable id\u00e9e, La pens\u00e9e de la couleur, le r\u00eave de l&rsquo;odeur. Semer, planter, imaginer, concevoir, Le jardin de tous ces potentiels de fleurs, porteurs de tant d&rsquo;espoir. Garden inspiration by Dionne Christiansen Arroser, [&hellip;]<\/p>\n","protected":false},"author":1,"featured_media":0,"comment_status":"open","ping_status":"open","sticky":false,"template":"","format":"standard","meta":{"jetpack_post_was_ever_published":false,"_jetpack_newsletter_access":"","_jetpack_dont_email_post_to_subs":false,"_jetpack_newsletter_tier_id":0,"_jetpack_memberships_contains_paywalled_content":false,"_jetpack_memberships_contains_paid_content":false,"footnotes":"","jetpack_publicize_message":"","jetpack_publicize_feature_enabled":true,"jetpack_social_post_already_shared":false,"jetpack_social_options":{"image_generator_settings":{"template":"highway","default_image_id":0,"font":"","enabled":false},"version":2}},"categories":[225],"tags":[174,173],"class_list":["post-7166","post","type-post","status-publish","format-standard","hentry","category-le-jardin-et-les-fleurs","tag-fleurs","tag-jardin"],"jetpack_publicize_connections":[],"jetpack_featured_media_url":"","jetpack_shortlink":"https:\/\/wp.me\/posPp-1RA","jetpack_sharing_enabled":true,"jetpack-related-posts":[],"_links":{"self":[{"href":"https:\/\/libelul.com\/index.php?rest_route=\/wp\/v2\/posts\/7166","targetHints":{"allow":["GET"]}}],"collection":[{"href":"https:\/\/libelul.com\/index.php?rest_route=\/wp\/v2\/posts"}],"about":[{"href":"https:\/\/libelul.com\/index.php?rest_route=\/wp\/v2\/types\/post"}],"author":[{"embeddable":true,"href":"https:\/\/libelul.com\/index.php?rest_route=\/wp\/v2\/users\/1"}],"replies":[{"embeddable":true,"href":"https:\/\/libelul.com\/index.php?rest_route=%2Fwp%2Fv2%2Fcomments&post=7166"}],"version-history":[{"count":0,"href":"https:\/\/libelul.com\/index.php?rest_route=\/wp\/v2\/posts\/7166\/revisions"}],"wp:attachment":[{"href":"https:\/\/libelul.com\/index.php?rest_route=%2Fwp%2Fv2%2Fmedia&parent=7166"}],"wp:term":[{"taxonomy":"category","embeddable":true,"href":"https:\/\/libelul.com\/index.php?rest_route=%2Fwp%2Fv2%2Fcategories&post=7166"},{"taxonomy":"post_tag","embeddable":true,"href":"https:\/\/libelul.com\/index.php?rest_route=%2Fwp%2Fv2%2Ftags&post=7166"}],"curies":[{"name":"wp","href":"https:\/\/api.w.org\/{rel}","templated":true}]}}