{"id":7173,"date":"2011-05-13T05:30:57","date_gmt":"2011-05-13T03:30:57","guid":{"rendered":"http:\/\/libelul.com\/?p=7173"},"modified":"2011-05-13T11:59:23","modified_gmt":"2011-05-13T09:59:23","slug":"une-bien-verte-saison","status":"publish","type":"post","link":"https:\/\/libelul.com\/?p=7173","title":{"rendered":"Une bien verte saison &#8230;"},"content":{"rendered":"<p>Moi j&rsquo;ai juste envie de m&rsquo;installer au fond du potager,<br \/>\nPour observer enfin les fleurs et v\u00e9g\u00e9taux de la saison.<\/p>\n<p>Regarder les premi\u00e8res fraises rougir,<br \/>\nAttendre les juteuses framboises et griottes, impatiemment.<\/p>\n<p>Cueillir une pomme m\u00eame si elle bien trop verte,<br \/>\nCroquer et grimacer sous son acidit\u00e9,<br \/>\nMais si d\u00e9licieusement croquante.<\/p>\n<p style=\"text-align: center;\"><img loading=\"lazy\" decoding=\"async\" data-attachment-id=\"7174\" data-permalink=\"https:\/\/libelul.com\/?attachment_id=7174\" data-orig-file=\"https:\/\/libelul.com\/wp-content\/uploads\/2011\/05\/green-picnic.jpg\" data-orig-size=\"450,323\" data-comments-opened=\"1\" data-image-meta=\"{&quot;aperture&quot;:&quot;0&quot;,&quot;credit&quot;:&quot;&quot;,&quot;camera&quot;:&quot;&quot;,&quot;caption&quot;:&quot;&quot;,&quot;created_timestamp&quot;:&quot;0&quot;,&quot;copyright&quot;:&quot;&quot;,&quot;focal_length&quot;:&quot;0&quot;,&quot;iso&quot;:&quot;0&quot;,&quot;shutter_speed&quot;:&quot;0&quot;,&quot;title&quot;:&quot;&quot;}\" data-image-title=\"green-picnic\" data-image-description=\"\" data-image-caption=\"\" data-medium-file=\"https:\/\/libelul.com\/wp-content\/uploads\/2011\/05\/green-picnic-380x272.jpg\" data-large-file=\"https:\/\/libelul.com\/wp-content\/uploads\/2011\/05\/green-picnic.jpg\" class=\"alignnone size-full wp-image-7174\" title=\"green-picnic\" src=\"http:\/\/libelul.com\/wp-content\/uploads\/2011\/05\/green-picnic.jpg\" alt=\"\" width=\"450\" height=\"323\" srcset=\"https:\/\/libelul.com\/wp-content\/uploads\/2011\/05\/green-picnic.jpg 450w, https:\/\/libelul.com\/wp-content\/uploads\/2011\/05\/green-picnic-380x272.jpg 380w\" sizes=\"auto, (max-width: 450px) 100vw, 450px\" \/><\/p>\n<p style=\"text-align: center;\">Garden inspiration by <a href=\"http:\/\/chelseafuss.blogspot.com\">Chelsea Fuss<\/a><\/p>\n<p>Profiter de toutes ces savoureux verts primeurs,<br \/>\nMon p\u00each\u00e9 mignon du printemps.<\/p>\n<p><strong>Et vous, quel est le fruit que vous attendez avec le plus d&rsquo;impatience ?<\/strong><\/p>\n<p><span style=\"display: block; width: 136px; height: 72px; position: relative; padding: 0pt; border: 0pt none; margin: 0pt; clear: both; background-image: url(http:\/\/libelul.com\/wp-content\/uploads\/2009\/11\/TOPDECO-HELLOCOTON.jpg);\"> <\/span><\/p>\n","protected":false},"excerpt":{"rendered":"<a href=\"https:\/\/libelul.com\/?p=7173\"><img decoding=\"async\" width=\"270\" src=\"\" class=\"alignleft wp-post-image tfe\" alt=\"\" title=\"\" \/><\/a><p>Moi j&rsquo;ai juste envie de m&rsquo;installer au fond du potager, Pour observer enfin les fleurs et v\u00e9g\u00e9taux de la saison. Regarder les premi\u00e8res fraises rougir, Attendre les juteuses framboises et griottes, impatiemment. Cueillir une pomme m\u00eame si elle bien trop verte, Croquer et grimacer sous son acidit\u00e9, Mais si d\u00e9licieusement croquante. Garden inspiration by Chelsea [&hellip;]<\/p>\n","protected":false},"author":1,"featured_media":0,"comment_status":"open","ping_status":"open","sticky":false,"template":"","format":"standard","meta":{"jetpack_post_was_ever_published":false,"_jetpack_newsletter_access":"","_jetpack_dont_email_post_to_subs":false,"_jetpack_newsletter_tier_id":0,"_jetpack_memberships_contains_paywalled_content":false,"_jetpack_memberships_contains_paid_content":false,"footnotes":"","jetpack_publicize_message":"","jetpack_publicize_feature_enabled":true,"jetpack_social_post_already_shared":false,"jetpack_social_options":{"image_generator_settings":{"template":"highway","default_image_id":0,"font":"","enabled":false},"version":2}},"categories":[225],"tags":[394,173,171,206],"class_list":["post-7173","post","type-post","status-publish","format-standard","hentry","category-le-jardin-et-les-fleurs","tag-decoration","tag-jardin","tag-table","tag-vous-avez-aime"],"jetpack_publicize_connections":[],"jetpack_featured_media_url":"","jetpack_shortlink":"https:\/\/wp.me\/posPp-1RH","jetpack_sharing_enabled":true,"jetpack-related-posts":[],"_links":{"self":[{"href":"https:\/\/libelul.com\/index.php?rest_route=\/wp\/v2\/posts\/7173","targetHints":{"allow":["GET"]}}],"collection":[{"href":"https:\/\/libelul.com\/index.php?rest_route=\/wp\/v2\/posts"}],"about":[{"href":"https:\/\/libelul.com\/index.php?rest_route=\/wp\/v2\/types\/post"}],"author":[{"embeddable":true,"href":"https:\/\/libelul.com\/index.php?rest_route=\/wp\/v2\/users\/1"}],"replies":[{"embeddable":true,"href":"https:\/\/libelul.com\/index.php?rest_route=%2Fwp%2Fv2%2Fcomments&post=7173"}],"version-history":[{"count":0,"href":"https:\/\/libelul.com\/index.php?rest_route=\/wp\/v2\/posts\/7173\/revisions"}],"wp:attachment":[{"href":"https:\/\/libelul.com\/index.php?rest_route=%2Fwp%2Fv2%2Fmedia&parent=7173"}],"wp:term":[{"taxonomy":"category","embeddable":true,"href":"https:\/\/libelul.com\/index.php?rest_route=%2Fwp%2Fv2%2Fcategories&post=7173"},{"taxonomy":"post_tag","embeddable":true,"href":"https:\/\/libelul.com\/index.php?rest_route=%2Fwp%2Fv2%2Ftags&post=7173"}],"curies":[{"name":"wp","href":"https:\/\/api.w.org\/{rel}","templated":true}]}}