{"id":7223,"date":"2011-05-20T05:30:56","date_gmt":"2011-05-20T03:30:56","guid":{"rendered":"http:\/\/libelul.com\/?p=7223"},"modified":"2011-05-20T10:56:01","modified_gmt":"2011-05-20T08:56:01","slug":"la-vue","status":"publish","type":"post","link":"https:\/\/libelul.com\/?p=7223","title":{"rendered":"La vue."},"content":{"rendered":"<p>Moi j&rsquo;aime regarder par la fen\u00eatre.<br \/>\nObserver le monde de mon cocon.<\/p>\n<p>Prendre un peu de hauteur,<br \/>\nProfiter de la distance pour analyser les situations,<br \/>\nLaisser mon esprit imaginer le contexte de l&rsquo;instant pr\u00e9sent.<\/p>\n<p style=\"text-align: center;\"><img loading=\"lazy\" decoding=\"async\" data-attachment-id=\"7224\" data-permalink=\"https:\/\/libelul.com\/?attachment_id=7224\" data-orig-file=\"https:\/\/libelul.com\/wp-content\/uploads\/2011\/05\/loft-autre.jpg\" data-orig-size=\"900,1217\" data-comments-opened=\"1\" data-image-meta=\"{&quot;aperture&quot;:&quot;0&quot;,&quot;credit&quot;:&quot;&quot;,&quot;camera&quot;:&quot;&quot;,&quot;caption&quot;:&quot;&quot;,&quot;created_timestamp&quot;:&quot;0&quot;,&quot;copyright&quot;:&quot;&quot;,&quot;focal_length&quot;:&quot;0&quot;,&quot;iso&quot;:&quot;0&quot;,&quot;shutter_speed&quot;:&quot;0&quot;,&quot;title&quot;:&quot;&quot;}\" data-image-title=\"loft-autre\" data-image-description=\"\" data-image-caption=\"\" data-medium-file=\"https:\/\/libelul.com\/wp-content\/uploads\/2011\/05\/loft-autre-380x513.jpg\" data-large-file=\"https:\/\/libelul.com\/wp-content\/uploads\/2011\/05\/loft-autre-450x608.jpg\" class=\"alignnone size-large wp-image-7224\" title=\"loft-autre\" src=\"http:\/\/libelul.com\/wp-content\/uploads\/2011\/05\/loft-autre-450x608.jpg\" alt=\"\" width=\"450\" height=\"608\" srcset=\"https:\/\/libelul.com\/wp-content\/uploads\/2011\/05\/loft-autre-450x608.jpg 450w, https:\/\/libelul.com\/wp-content\/uploads\/2011\/05\/loft-autre-380x513.jpg 380w, https:\/\/libelul.com\/wp-content\/uploads\/2011\/05\/loft-autre.jpg 900w\" sizes=\"auto, (max-width: 450px) 100vw, 450px\" \/><\/p>\n<p style=\"text-align: center;\">Home inspiration by <a href=\"http:\/\/www.elledecor.com\/\" target=\"_blank\">Elle Decor<\/a><\/p>\n<p style=\"text-align: left;\">Choisir o\u00f9 focaliser mon regard,<br \/>\nLes \u00e9toiles ou la vieille dame assisse sur le banc,<br \/>\nTous ces fragments de vie dont je suis le t\u00e9moin,<br \/>\nConfortablement install\u00e9e dans mon salon.<\/p>\n<p style=\"text-align: left;\"><strong>Et vous, aimez-vous observer le temps pr\u00e9sent ?<\/strong><\/p>\n<p style=\"text-align: left;\"><em>Ceci est ma participation multiple \u00e0 la semaine de Voyage en fauteuil de <a href=\"http:\/\/virginiebichet.org\" target=\"_blank\">Virginie B. <\/a><\/em><strong><br \/>\n<\/strong><\/p>\n<p><span style=\"display: block; width: 136px; height: 72px; position: relative; padding: 0pt; border: 0pt none; margin: 0pt; clear: both; background-image: url(http:\/\/libelul.com\/wp-content\/uploads\/2009\/11\/TOPDECO-HELLOCOTON.jpg);\"> <\/span><\/p>\n","protected":false},"excerpt":{"rendered":"<a href=\"https:\/\/libelul.com\/?p=7223\"><img decoding=\"async\" width=\"270\" src=\"\" class=\"alignleft wp-post-image tfe\" alt=\"\" title=\"\" \/><\/a><p>Moi j&rsquo;aime regarder par la fen\u00eatre. Observer le monde de mon cocon. Prendre un peu de hauteur, Profiter de la distance pour analyser les situations, Laisser mon esprit imaginer le contexte de l&rsquo;instant pr\u00e9sent. Home inspiration by Elle Decor Choisir o\u00f9 focaliser mon regard, Les \u00e9toiles ou la vieille dame assisse sur le banc, Tous [&hellip;]<\/p>\n","protected":false},"author":1,"featured_media":0,"comment_status":"open","ping_status":"open","sticky":false,"template":"","format":"standard","meta":{"jetpack_post_was_ever_published":false,"_jetpack_newsletter_access":"","_jetpack_dont_email_post_to_subs":false,"_jetpack_newsletter_tier_id":0,"_jetpack_memberships_contains_paywalled_content":false,"_jetpack_memberships_contains_paid_content":false,"footnotes":"","jetpack_publicize_message":"","jetpack_publicize_feature_enabled":true,"jetpack_social_post_already_shared":false,"jetpack_social_options":{"image_generator_settings":{"template":"highway","default_image_id":0,"font":"","enabled":false},"version":2}},"categories":[217],"tags":[394,537,206],"class_list":["post-7223","post","type-post","status-publish","format-standard","hentry","category-la-maison","tag-decoration","tag-loft","tag-vous-avez-aime"],"jetpack_publicize_connections":[],"jetpack_featured_media_url":"","jetpack_shortlink":"https:\/\/wp.me\/posPp-1Sv","jetpack_sharing_enabled":true,"jetpack-related-posts":[],"_links":{"self":[{"href":"https:\/\/libelul.com\/index.php?rest_route=\/wp\/v2\/posts\/7223","targetHints":{"allow":["GET"]}}],"collection":[{"href":"https:\/\/libelul.com\/index.php?rest_route=\/wp\/v2\/posts"}],"about":[{"href":"https:\/\/libelul.com\/index.php?rest_route=\/wp\/v2\/types\/post"}],"author":[{"embeddable":true,"href":"https:\/\/libelul.com\/index.php?rest_route=\/wp\/v2\/users\/1"}],"replies":[{"embeddable":true,"href":"https:\/\/libelul.com\/index.php?rest_route=%2Fwp%2Fv2%2Fcomments&post=7223"}],"version-history":[{"count":0,"href":"https:\/\/libelul.com\/index.php?rest_route=\/wp\/v2\/posts\/7223\/revisions"}],"wp:attachment":[{"href":"https:\/\/libelul.com\/index.php?rest_route=%2Fwp%2Fv2%2Fmedia&parent=7223"}],"wp:term":[{"taxonomy":"category","embeddable":true,"href":"https:\/\/libelul.com\/index.php?rest_route=%2Fwp%2Fv2%2Fcategories&post=7223"},{"taxonomy":"post_tag","embeddable":true,"href":"https:\/\/libelul.com\/index.php?rest_route=%2Fwp%2Fv2%2Ftags&post=7223"}],"curies":[{"name":"wp","href":"https:\/\/api.w.org\/{rel}","templated":true}]}}